{"id":60328,"date":"2025-04-28T22:26:27","date_gmt":"2025-04-28T22:26:27","guid":{"rendered":"https:\/\/www.europesays.com\/fr\/60328\/"},"modified":"2025-04-28T22:26:27","modified_gmt":"2025-04-28T22:26:27","slug":"a-villeurbanne-un-tacos-repute-contraint-de-fermer-apres-avoir-employe-des-travailleurs-etrangers","status":"publish","type":"post","link":"https:\/\/www.europesays.com\/fr\/60328\/","title":{"rendered":"\u00e0 Villeurbanne, un tacos r\u00e9put\u00e9 contraint de fermer apr\u00e8s avoir employ\u00e9 des travailleurs \u00e9trangers"},"content":{"rendered":"<p itemprop=\"description\"><strong><strong>L\u2019annonce de la fermeture a eu lieu ce lundi 28 avril apr\u00e8s-midi.<\/strong><\/strong><\/p>\n<p style=\"text-align:start\">Et pour une fois, ce n&rsquo;est pas une question d&rsquo;hygi\u00e8ne.<\/p>\n<p style=\"text-align:start\">Pour les adeptes des tacos \u00e0 Villeurbanne, vous avez forc\u00e9ment d\u00e9j\u00e0 entendu parler de l\u2019\u00e9tablissement Hamamet Tacos. Situ\u00e9 rue Jubin, proche du quartier Gratte-Ciel, il ne sera plus accessible pendant quelques jours.<\/p>\n<p style=\"text-align:start\">En effet, ce lundi apr\u00e8s-midi, la pr\u00e9f\u00e8te du Rh\u00f4ne, Fabienne Buccio, a annonc\u00e9 avoir proc\u00e9d\u00e9 \u00e0 la fermeture administrative de l\u2019\u00e9tablissement depuis une semaine. La pr\u00e9fecture reproche au patron de ce tacos d\u2019avoir employ\u00e9 ill\u00e9galement des travailleurs \u00e9trangers, qui n\u2019avaient pas de titre de travail.<\/p>\n<p style=\"text-align:start\">\u00ab\u00a0En raison de l&rsquo;infraction \u00e0 la r\u00e9glementation du travail, l&rsquo;\u00e9tablissement est ferm\u00e9 pour une dur\u00e9e de 15 jours\u00a0\u00bb, peut-on lire dans le communiqu\u00e9 des autorit\u00e9s comp\u00e9tentes.<\/p>\n<blockquote class=\"twitter-tweet\"><p>&#13;<\/p>\n<p dir=\"ltr\" lang=\"fr\">\u274c La pr\u00e9f\u00e8te du Rh\u00f4ne a proc\u00e9d\u00e9 \u00e0 la fermeture administrative de l&rsquo;\u00e9tablissement HAMAMET TACOS (<a href=\"https:\/\/twitter.com\/hashtag\/Villeurbanne?src=hash&amp;ref_src=twsrc%5Etfw\" target=\"_blank\" rel=\"noopener\">#Villeurbanne<\/a>) depuis une semaine en raison de l&#8217;emploi de travailleur \u00e9tranger d\u00e9muni de titre de travail.<\/p>\n<p>\ud83d\udd34 En raison de l&rsquo;infraction \u00e0 la r\u00e9glementation du travail,\u2026 <a href=\"https:\/\/t.co\/0vxhXzzNfV\">pic.twitter.com\/0vxhXzzNfV<\/a><\/p>\n<p>&#13;<br \/>\n\u2014 Pr\u00e9f\u00e8te de r\u00e9gion Auvergne-Rh\u00f4ne-Alpes et du Rh\u00f4ne (@prefetrhone) <a href=\"https:\/\/twitter.com\/prefetrhone\/status\/1916864202645385320?ref_src=twsrc%5Etfw\" target=\"_blank\" rel=\"noopener\">April 28, 2025<\/a><\/p><\/blockquote>\n<p>\t\t  <script async src=\"https:\/\/platform.twitter.com\/widgets.js\" charset=\"utf-8\"><\/script><\/p>\n","protected":false},"excerpt":{"rendered":"L\u2019annonce de la fermeture a eu lieu ce lundi 28 avril apr\u00e8s-midi. Et pour une fois, ce n&rsquo;est&hellip;\n","protected":false},"author":2,"featured_media":60329,"comment_status":"","ping_status":"","sticky":false,"template":"","format":"standard","meta":{"footnotes":""},"categories":[1889],"tags":[1111,11,2813,2190,2430,1109,251,1112,2811,1777,674,118,1011,27,1922,1110,1114,2428,2810,12,241,316,25,2812,517,800],"class_list":{"0":"post-60328","1":"post","2":"type-post","3":"status-publish","4":"format-standard","5":"has-post-thumbnail","7":"category-lyon","8":"tag-actu","9":"tag-actualites","10":"tag-article","11":"tag-asvel","12":"tag-auvergne-rhone-alpes","13":"tag-breves","14":"tag-culture","15":"tag-depeches","16":"tag-economique","17":"tag-eu","18":"tag-europe","19":"tag-faits-divers","20":"tag-fr","21":"tag-france","22":"tag-info","23":"tag-informations","24":"tag-infos","25":"tag-lyon","26":"tag-lyonmag","27":"tag-news","28":"tag-ol","29":"tag-politique","30":"tag-republique-francaise","31":"tag-sociale","32":"tag-sport","33":"tag-transports"},"share_on_mastodon":{"url":"https:\/\/pubeurope.com\/@fr\/114417944735178764","error":""},"_links":{"self":[{"href":"https:\/\/www.europesays.com\/fr\/wp-json\/wp\/v2\/posts\/60328","targetHints":{"allow":["GET"]}}],"collection":[{"href":"https:\/\/www.europesays.com\/fr\/wp-json\/wp\/v2\/posts"}],"about":[{"href":"https:\/\/www.europesays.com\/fr\/wp-json\/wp\/v2\/types\/post"}],"author":[{"embeddable":true,"href":"https:\/\/www.europesays.com\/fr\/wp-json\/wp\/v2\/users\/2"}],"replies":[{"embeddable":true,"href":"https:\/\/www.europesays.com\/fr\/wp-json\/wp\/v2\/comments?post=60328"}],"version-history":[{"count":0,"href":"https:\/\/www.europesays.com\/fr\/wp-json\/wp\/v2\/posts\/60328\/revisions"}],"wp:featuredmedia":[{"embeddable":true,"href":"https:\/\/www.europesays.com\/fr\/wp-json\/wp\/v2\/media\/60329"}],"wp:attachment":[{"href":"https:\/\/www.europesays.com\/fr\/wp-json\/wp\/v2\/media?parent=60328"}],"wp:term":[{"taxonomy":"category","embeddable":true,"href":"https:\/\/www.europesays.com\/fr\/wp-json\/wp\/v2\/categories?post=60328"},{"taxonomy":"post_tag","embeddable":true,"href":"https:\/\/www.europesays.com\/fr\/wp-json\/wp\/v2\/tags?post=60328"}],"curies":[{"name":"wp","href":"https:\/\/api.w.org\/{rel}","templated":true}]}}