{"id":603282,"date":"2025-12-16T16:02:12","date_gmt":"2025-12-16T16:02:12","guid":{"rendered":"https:\/\/www.europesays.com\/fr\/603282\/"},"modified":"2025-12-16T16:02:12","modified_gmt":"2025-12-16T16:02:12","slug":"le-budget-danne-hidalgo-critique-par-la-droite-avant-les-municipales","status":"publish","type":"post","link":"https:\/\/www.europesays.com\/fr\/603282\/","title":{"rendered":"le budget d\u2019Anne Hidalgo critiqu\u00e9 par la droite avant les municipales"},"content":{"rendered":"<p>                    Par<br \/>\n        <strong><br \/>\n            <a href=\"https:\/\/actu.fr\/auteur\/thomas-rideau\" title=\"Consulter tous les articles de Thomas Rideau\" target=\"_blank\" rel=\"noopener\">Thomas Rideau<\/a><br \/>\n                    <\/strong><\/p>\n<p>        Publi\u00e9 le<\/p>\n<p>            16 d\u00e9c. 2025 \u00e0 16h57        <\/p>\n<p>La ville de <a href=\"https:\/\/actu.fr\/paris\/\" target=\"_blank\" rel=\"noopener\">Paris<\/a> est-elle \u00ab\u2009face au mur de la dette\u2009\u00bb\u2009? Lors de la pr\u00e9sentation <strong>du budget<\/strong>, au <a href=\"https:\/\/actu.fr\/tag\/conseil-de-paris\" target=\"_blank\" rel=\"noopener\">Conseil de Paris<\/a> de ce mardi 16\u00a0d\u00e9cembre 2025, les \u00e9lus de droite ont \u00e9trill\u00e9 le budget pr\u00e9sent\u00e9 par la majorit\u00e9. Un budget qui d\u00e9note \u00ab\u2009d\u2019une gestion <strong>absolument catastrophique<\/strong>\u2009\u00bb, selon David Alphand (Changer Paris). Si la maire, <a href=\"https:\/\/actu.fr\/tag\/anne-hidalgo\" target=\"_blank\" rel=\"noopener\">Anne Hidalgo<\/a>, a d\u00e9velopp\u00e9 les diff\u00e9rents axes de son dernier budget, l\u2019opposition de droite s\u2019est donc concentr\u00e9e sur la dette\u2026 et le premier tour des <a href=\"https:\/\/actu.fr\/tag\/municipales-2026\" target=\"_blank\" rel=\"noopener\">\u00e9lections municipales<\/a>.<\/p>\n<p>Le d\u00e9bat budg\u00e9taire se transforme en meeting politique<\/p>\n<p class=\" wall-content\">\u00ab\u2009C\u2019est le budget d\u2019une ville qui prot\u00e8ge, qui r\u00e9siste\u2009\u00bb, a lanc\u00e9 la maire de Paris qui pr\u00e9sentait donc son <strong>dernier budget<\/strong>. Il est \u00ab\u2009l\u2019expression d\u2019une majorit\u00e9 unie et soud\u00e9e jusqu\u2019au bout\u2009\u00bb. Un budget qui \u00ab\u2009laisse <strong>des marges de man\u0153uvre<\/strong> \u00e0 l\u2019\u00e9quipe qui me succ\u00e9dera\u2009\u00bb, a rajout\u00e9 Anne Hidalgo. 150\u2009000 arbres plant\u00e9s, 350 rues v\u00e9g\u00e9talis\u00e9es, <strong>63 hectares d\u2019espace public v\u00e9g\u00e9talis\u00e9<\/strong>\u2026 \u00ab\u2009Nous avons tenu une trajectoire responsable. On a refus\u00e9 de sacrifier l\u2019avenir des Parisiens.\u2009\u00bb<\/p>\n<p class=\" wall-content\">Pour le dernier budget de cette mandature, la ville a programm\u00e9 <strong>un total de 1,6\u00a0milliard d\u2019euros d\u2019investissement<\/strong>. Ce qui correspond \u00e0 une baisse de 5,7\u2009% par rapport \u00e0 l\u2019ann\u00e9e pass\u00e9e. Les d\u00e9penses de fonctionnement, elles, augmentent l\u00e9g\u00e8rement de 1,5\u2009% pour atteindre les 9,4\u00a0milliards d\u2019euros. \u00ab\u2009<strong>C\u2019est extr\u00eamement raisonnable<\/strong>. C\u2019est l\u2019ordre de grandeur de l\u2019inflation\u2009\u00bb, compl\u00e8te Paul Simondon, adjoint en charge des finances et du budget.<\/p>\n<p>\u00ab\u2009Paris est face au mur de la dette\u2009\u00bb<\/p>\n<p class=\" wall-content\">Mais, \u00e0 quelques semaines du premier tour des \u00e9lections municipales, le d\u00e9bat budg\u00e9taire s\u2019est transform\u00e9 en <strong>meeting politique<\/strong>. Pierre-Yves Bournazel (Pour Paris), candidat de la R\u00e9publique en marche, a voulu souligner que la \u00ab\u2009dette de la ville a plus que doubl\u00e9 pour atteindre 10\u00a0milliards. Ce qui repr\u00e9sente 5\u2009000\u00a0euros par Parisien. C\u2019est trois fois plus qu\u2019\u00e0 Marseille ou Lyon\u2009! [\u2026] Paris est face au mur de la dette.\u2009\u00bb Et de tacler les d\u00e9penses de fonctionnement et de citer \u00ab\u2009350 collaborateurs de cabinet. Ce n\u2019est plus tenable et acceptable. <strong>Les chiffres parlent plus fort que les discours<\/strong>.\u2009\u00bb \u00ab\u2009Faut-il le rappeler, Paris est une ville capitale, c\u2019est aussi un d\u00e9partement. Les comparaisons sont d\u00e9magogiques\u2009\u00bb, r\u00e9pond Olivia Polski, adjointe aux ressources humaines.<\/p>\n<p class=\" wall-content\"><a href=\"https:\/\/actu.fr\/tag\/rachida-dati\" target=\"_blank\" rel=\"noopener\">Rachida Dati<\/a>, la candidate de la droite, a \u00e9trill\u00e9, <a href=\"https:\/\/actu.fr\/ile-de-france\/paris_75056\/anne-hidalgo-est-depassee-la-maire-de-paris-n-en-a-pas-fini-avec-rachida-dati_60560545.html\" target=\"_blank\" rel=\"noopener\">comme souvent<\/a>, la politique de la majorit\u00e9. \u00ab\u2009<strong>Gestion catastrophique<\/strong>\u2009\u00bb, \u00ab\u2009dette multipli\u00e9e par 10 en 25\u00a0ans\u2009\u00bb, \u00ab\u2009une caricature du <strong>socialisme municipal<\/strong>\u2009\u00bb, \u00ab\u2009une ville suradministr\u00e9e et mal administr\u00e9e\u2009\u00bb\u2026 Un d\u00e9bat tendu a ensuite eu lieu entre Dati et Hidalgo. La maire a rappel\u00e9 \u00e0 plusieurs reprises que l\u2019\u00e9lue de droite, par ailleurs ministre de la Culture, avait rendez-vous avec la justice en septembre pour <a href=\"https:\/\/actu.fr\/politique\/affaire-renault-nissan-on-connait-la-date-du-proces-de-rachida-dati-pour-corruption-et-trafic-d-influence_63229217.html\" target=\"_blank\" rel=\"noopener\">son proc\u00e8s pour corruption et trafic d\u2019influence<\/a>.<\/p>\n<p class=\" wall-content\">\u00ab\u2009Madame Dati vient de se livrer, comme d\u2019habitude, \u00e0<strong> un r\u00e9quisitoire fait de mensonges\u00a0 <\/strong>\u00bb, a r\u00e9agi Anne Hidalgo. En r\u00e9f\u00e9rence <a href=\"https:\/\/actu.fr\/ile-de-france\/paris_75056\/rachida-dati-reine-du-buzz-ces-videos-qui-bousculent-la-campagne-des-municipales-a-paris_63573797.html\" target=\"_blank\" rel=\"noopener\">aux vid\u00e9os de campagne de Rachida Dati<\/a>, la maire a ass\u00e9n\u00e9\u2009: \u00ab Qu\u2019on ne vous verra <strong>pas seulement en \u00e9boueur derri\u00e8re un camion-poubelle<\/strong>, peut-\u00eatre qu\u2019on vous verra aussi avec un d\u00e9guisement de petit gardien de prison. C\u2019est \u00e7a qui attend les Parisiens. \u00bb \u00ab Vos seules attaques et outrances sont sur ma personne, pas sur notre projet \u00bb, a r\u00e9pondu Rachida Dati.<\/p>\n<p class=\" wall-content\">Personnalisez votre actualit\u00e9 en ajoutant vos villes et m\u00e9dias en favori avec <a href=\"https:\/\/moncompte.actu.fr\" title=\"D\u00e9couvez Mon Actu\" rel=\"nofollow noopener\" data-trk=\"{&quot;cta&quot;:{&quot;action&quot;:&quot;https:\\\/\\\/moncompte.actu.fr&quot;,&quot;category&quot;:&quot;mon compte&quot;,&quot;from&quot;:&quot;article footer&quot;,&quot;name&quot;:&quot;Mon actu&quot;,&quot;type&quot;:&quot;cta&quot;}}\" target=\"_blank\">Mon Actu<\/a>.<\/p>\n","protected":false},"excerpt":{"rendered":"Par Thomas Rideau Publi\u00e9 le 16 d\u00e9c. 2025 \u00e0 16h57 La ville de Paris est-elle \u00ab\u2009face au mur&hellip;\n","protected":false},"author":2,"featured_media":603283,"comment_status":"","ping_status":"","sticky":false,"template":"","format":"standard","meta":{"footnotes":""},"categories":[1888],"tags":[1111,1928,11,1927,2618,2617,1777,674,1011,27,12,1926,626,1925,316,417,25],"class_list":{"0":"post-603282","1":"post","2":"type-post","3":"status-publish","4":"format-standard","5":"has-post-thumbnail","7":"category-paris","8":"tag-actu","9":"tag-actu-paris","10":"tag-actualites","11":"tag-actualites-paris","12":"tag-anne-hidalgo","13":"tag-conseil-de-paris","14":"tag-eu","15":"tag-europe","16":"tag-fr","17":"tag-france","18":"tag-news","19":"tag-news-paris","20":"tag-paris","21":"tag-paris-news","22":"tag-politique","23":"tag-rachida-dati","24":"tag-republique-francaise"},"share_on_mastodon":{"url":"https:\/\/pubeurope.com\/@fr\/115730090820750607","error":""},"_links":{"self":[{"href":"https:\/\/www.europesays.com\/fr\/wp-json\/wp\/v2\/posts\/603282","targetHints":{"allow":["GET"]}}],"collection":[{"href":"https:\/\/www.europesays.com\/fr\/wp-json\/wp\/v2\/posts"}],"about":[{"href":"https:\/\/www.europesays.com\/fr\/wp-json\/wp\/v2\/types\/post"}],"author":[{"embeddable":true,"href":"https:\/\/www.europesays.com\/fr\/wp-json\/wp\/v2\/users\/2"}],"replies":[{"embeddable":true,"href":"https:\/\/www.europesays.com\/fr\/wp-json\/wp\/v2\/comments?post=603282"}],"version-history":[{"count":0,"href":"https:\/\/www.europesays.com\/fr\/wp-json\/wp\/v2\/posts\/603282\/revisions"}],"wp:featuredmedia":[{"embeddable":true,"href":"https:\/\/www.europesays.com\/fr\/wp-json\/wp\/v2\/media\/603283"}],"wp:attachment":[{"href":"https:\/\/www.europesays.com\/fr\/wp-json\/wp\/v2\/media?parent=603282"}],"wp:term":[{"taxonomy":"category","embeddable":true,"href":"https:\/\/www.europesays.com\/fr\/wp-json\/wp\/v2\/categories?post=603282"},{"taxonomy":"post_tag","embeddable":true,"href":"https:\/\/www.europesays.com\/fr\/wp-json\/wp\/v2\/tags?post=603282"}],"curies":[{"name":"wp","href":"https:\/\/api.w.org\/{rel}","templated":true}]}}