{"id":603288,"date":"2025-12-16T16:05:30","date_gmt":"2025-12-16T16:05:30","guid":{"rendered":"https:\/\/www.europesays.com\/fr\/603288\/"},"modified":"2025-12-16T16:05:30","modified_gmt":"2025-12-16T16:05:30","slug":"les-jo-de-paris-auraient-finalement-coute-deux-fois-moins-que-les-premieres-estimations-2","status":"publish","type":"post","link":"https:\/\/www.europesays.com\/fr\/603288\/","title":{"rendered":"Les JO de Paris auraient finalement co\u00fbt\u00e9 deux fois moins que les premi\u00e8res estimations"},"content":{"rendered":"<p>Co\u00fbt des JO de Paris 2024 : un nouvel audit bouscule la<br \/>\nfacture<\/p>\n<p>Et si la note des Jeux de Paris n\u2019\u00e9tait pas celle qu\u2019on<br \/>\ncroyait\u2009? Pendant des mois, le d\u00e9bat public s\u2019est cal\u00e9 sur une<br \/>\naddition de <strong>6,6 milliards d\u2019euros<\/strong> d\u2019argent public.<br \/>\nUn chiffre fort, sign\u00e9 par la Cour des comptes, qui a structur\u00e9 la<br \/>\ndiscussion politique et \u00e9conomique. Un nouvel exercice de calcul<br \/>\nofficiel vient pourtant rebattre les cartes, en divisant<br \/>\npratiquement par deux l\u2019ardoise affich\u00e9e.<\/p>\n<p>Le d\u00e9calage ne tient pas seulement \u00e0 un \u00e9cart de caisse, mais \u00e0<br \/>\nune fa\u00e7on diff\u00e9rente de compter. Six mois apr\u00e8s l\u2019estimation de la<br \/>\nCour des comptes, le Haut-commissariat \u00e0 la strat\u00e9gie et au plan<br \/>\npropose une lecture socio-\u00e9conomique qui additionne co\u00fbts et<br \/>\nretomb\u00e9es. La promesse\u2009? Une facture nette plus basse. La vraie<br \/>\nquestion reste la m\u00e9thode.<\/p>\n<p>Cour des comptes vs Haut-commissariat : quelles sommes pour<br \/>\nParis 2024<\/p>\n<p>La Cour des comptes a chiffr\u00e9 la d\u00e9pense publique totale des<br \/>\nJeux olympiques et paralympiques de Paris \u00e0 <strong>6,6 milliards<br \/>\nd\u2019euros<\/strong>. Le Haut-commissariat \u00e0 la strat\u00e9gie et au plan<br \/>\navance, lui, <strong>2,8 milliards d\u2019euros<\/strong>. \u00ab\u00a0Ce n\u2019est pas<br \/>\nune contestation mais un compl\u00e9ment. On a plut\u00f4t \u00e9valu\u00e9 le co\u00fbt<br \/>\nr\u00e9el de ces Jeux gr\u00e2ce \u00e0 une autre approche socio-\u00e9conomique\u00a0\u00bb,<br \/>\nconfie Cl\u00e9ment Beaune, haut-commissaire \u00e0 la strat\u00e9gie et au plan,<br \/>\n\u00e0 Capital. Deux visions, deux p\u00e9rim\u00e8tres, un m\u00eame \u00e9v\u00e9nement.<\/p>\n<p>Dans ce rapport, l\u2019administration ne s\u2019est pas content\u00e9e<br \/>\nd\u2019aligner les d\u00e9penses, elle a aussi \u00ab\u00a0mon\u00e9tis\u00e9 les b\u00e9n\u00e9fices li\u00e9s<br \/>\naux Jeux\u00a0\u00bb, rapporte-t-il. Concr\u00e8tement, les gains pour les salari\u00e9s<br \/>\nmobilis\u00e9s sont \u00e9valu\u00e9s \u00e0 500 millions d\u2019euros, les propri\u00e9taires de<br \/>\nlocations touristiques auraient engrang\u00e9 60 millions d\u2019euros, et<br \/>\n9\u2009000 emplois ont \u00e9t\u00e9 cr\u00e9\u00e9s. \u00ab\u00a0Les b\u00e9n\u00e9fices vont s\u2019accro\u00eetre car on<br \/>\na encore peu de visibilit\u00e9 sur les retomb\u00e9es en termes de<br \/>\ntransports, d\u2019image de la capitale ou de pratique sportive\u00a0\u00bb,<br \/>\npr\u00e9cise l\u2019administration. L\u2019\u00e9cart avec la Cour des comptes tient<br \/>\ndonc largement \u00e0 ces b\u00e9n\u00e9fices int\u00e9gr\u00e9s.<\/p>\n<p>Comment le chiffre de 2,8 milliards d\u2019euros est calcul\u00e9<\/p>\n<p>Le Haut-commissariat dit avoir travaill\u00e9 avec le Centre de<br \/>\nrecherche pour l\u2019\u00e9tude et l\u2019observation des conditions de vie<br \/>\n(Cr\u00e9doc) et un conseil scientifique. L\u2019id\u00e9e\u2009: quantifier les effets<br \/>\npositifs directement li\u00e9s aux JOP, au-del\u00e0 des seules lignes<br \/>\nbudg\u00e9taires. Les 500 millions d\u2019euros de primes et heures<br \/>\nsuppl\u00e9mentaires des agents, les 60 millions d\u2019euros de revenus<br \/>\nlocatifs touristiques et les 9\u2009000 emplois alimentent ce solde net.<br \/>\nC\u2019est cette addition de gains qui compresse la facture finale<br \/>\naffich\u00e9e.<\/p>\n<p>Autre volet mis en avant\u2009: l\u2019empreinte \u00e9cologique. Les Jeux de<br \/>\nParis auraient \u00e9t\u00e9 jug\u00e9s parmi <strong>les moins<br \/>\npolluants<\/strong>, au niveau de Tokyo 2021, pourtant disput\u00e9s sans<br \/>\npublic. Un \u00e9l\u00e9ment qui, sans \u00eatre mon\u00e9taire, rejoint le r\u00e9cit d\u2019un<br \/>\n\u00e9v\u00e9nement plus sobre et peut peser dans l\u2019\u00e9valuation globale de<br \/>\nl\u2019h\u00e9ritage. Cette appr\u00e9ciation environnementale nourrit aussi la<br \/>\nperspective d\u2019une m\u00e9thode transposable.<\/p>\n<p>Co\u00fbt des JO de Paris 2024 : que change<br \/>\nce 2,8 Md \u20ac pour la suite\u2009?<\/p>\n<p>Pour le lecteur qui cherche le \u00ab\u00a0co\u00fbt r\u00e9el\u00a0\u00bb, l\u2019\u00e9cart s\u2019explique<br \/>\npar le p\u00e9rim\u00e8tre\u2009: d\u00e9penses brutes d\u2019un c\u00f4t\u00e9, co\u00fbt net apr\u00e8s<br \/>\nretomb\u00e9es de l\u2019autre. Le chiffre de <strong>2,8 milliards<br \/>\nd\u2019euros<\/strong> ne contredit pas les <strong>6,6 milliards<br \/>\nd\u2019euros<\/strong>\u2009; il les recontextualise. Le message implicite du<br \/>\nHaut-commissariat\u2009: quand on inclut les gains socio-\u00e9conomiques, la<br \/>\ncharge pour les finances publiques se r\u00e9duit. Reste que la<br \/>\ntrajectoire des b\u00e9n\u00e9fices peut encore \u00e9voluer, comme le souligne<br \/>\nl\u2019administration.<\/p>\n<p>Cette approche, plus compl\u00e8te dans sa logique, sert d\u00e9j\u00e0 de<br \/>\nboussole pour la suite. Les auteurs estiment que d\u2019autres<br \/>\nretomb\u00e9es, difficiles \u00e0 mesurer \u00e0 chaud, pourraient appara\u00eetre\u2009:<br \/>\ntransports, image internationale, pratique sportive. Un point<br \/>\nd\u2019attention pour les Jeux d\u2019hiver 2030 pr\u00e9vus dans les Alpes<br \/>\nfran\u00e7aises\u2009: la m\u00eame grille de lecture pourrait y \u00eatre appliqu\u00e9e.<br \/>\nDe quoi \u00e9clairer, \u00e0 l\u2019avenir, le d\u00e9bat sur le <strong>co\u00fbt des JO<br \/>\nde Paris 2024<\/strong>\u2026 et ceux d\u2019apr\u00e8s.<\/p>\n","protected":false},"excerpt":{"rendered":"Co\u00fbt des JO de Paris 2024 : un nouvel audit bouscule la facture Et si la note des&hellip;\n","protected":false},"author":2,"featured_media":603289,"comment_status":"","ping_status":"","sticky":false,"template":"","format":"standard","meta":{"footnotes":""},"categories":[1888],"tags":[11,29589,18144,1805,4070,71561,1777,674,17515,3395,1011,27,3237,151,379,12,626,30527,746,25],"class_list":{"0":"post-603288","1":"post","2":"type-post","3":"status-publish","4":"format-standard","5":"has-post-thumbnail","7":"category-paris","8":"tag-actualites","9":"tag-auraient","10":"tag-coute","11":"tag-de","12":"tag-deux","13":"tag-estimations","14":"tag-eu","15":"tag-europe","16":"tag-finalement","17":"tag-fois","18":"tag-fr","19":"tag-france","20":"tag-jo","21":"tag-les","22":"tag-moins","23":"tag-news","24":"tag-paris","25":"tag-premieres","26":"tag-que","27":"tag-republique-francaise"},"share_on_mastodon":{"url":"https:\/\/pubeurope.com\/@fr\/115730102629430957","error":""},"_links":{"self":[{"href":"https:\/\/www.europesays.com\/fr\/wp-json\/wp\/v2\/posts\/603288","targetHints":{"allow":["GET"]}}],"collection":[{"href":"https:\/\/www.europesays.com\/fr\/wp-json\/wp\/v2\/posts"}],"about":[{"href":"https:\/\/www.europesays.com\/fr\/wp-json\/wp\/v2\/types\/post"}],"author":[{"embeddable":true,"href":"https:\/\/www.europesays.com\/fr\/wp-json\/wp\/v2\/users\/2"}],"replies":[{"embeddable":true,"href":"https:\/\/www.europesays.com\/fr\/wp-json\/wp\/v2\/comments?post=603288"}],"version-history":[{"count":0,"href":"https:\/\/www.europesays.com\/fr\/wp-json\/wp\/v2\/posts\/603288\/revisions"}],"wp:featuredmedia":[{"embeddable":true,"href":"https:\/\/www.europesays.com\/fr\/wp-json\/wp\/v2\/media\/603289"}],"wp:attachment":[{"href":"https:\/\/www.europesays.com\/fr\/wp-json\/wp\/v2\/media?parent=603288"}],"wp:term":[{"taxonomy":"category","embeddable":true,"href":"https:\/\/www.europesays.com\/fr\/wp-json\/wp\/v2\/categories?post=603288"},{"taxonomy":"post_tag","embeddable":true,"href":"https:\/\/www.europesays.com\/fr\/wp-json\/wp\/v2\/tags?post=603288"}],"curies":[{"name":"wp","href":"https:\/\/api.w.org\/{rel}","templated":true}]}}