{"id":603309,"date":"2025-12-16T16:20:25","date_gmt":"2025-12-16T16:20:25","guid":{"rendered":"https:\/\/www.europesays.com\/fr\/603309\/"},"modified":"2025-12-16T16:20:25","modified_gmt":"2025-12-16T16:20:25","slug":"pro-d2-vincent-vial-et-adrien-roux-prolongent-a-valence-romans","status":"publish","type":"post","link":"https:\/\/www.europesays.com\/fr\/603309\/","title":{"rendered":"Pro D2. Vincent Vial et Adrien Roux prolongent \u00e0 Valence Romans"},"content":{"rendered":"<p>Apr\u00e8s avoir annonc\u00e9 <a href=\"https:\/\/www.ledauphine.com\/sport\/2025\/12\/04\/lucas-meret-et-dorian-marco-pena-prolongent-jusqu-en-2028\" target=\"_blank\" rel=\"noopener\">les prolongations de contrat du talonneur Dorian Marco-Pe\u00f1a et de l\u2019ouvreur Lucas M\u00e9ret<\/a>, le Valence Romans Dr\u00f4me Rugby vient d\u2019annoncer ce lundi 15\u00a0d\u00e9cembre celles concernant le pilier droit <a href=\"https:\/\/www.ledauphine.com\/sport\/2025\/04\/08\/vial-la-renaissance-d-un-coeur-damier\" target=\"_blank\" rel=\"noopener\">Vincent Vial<\/a> (31 ans) et le 3e\u00a0ligne <a href=\"https:\/\/www.ledauphine.com\/sport\/2024\/11\/25\/vrdr-si-je-bois-de-l-alcool-j-ai-l-impression-de-fauter-adrien-roux-a-une-hygiene-de-vie-parfaite\" target=\"_blank\" rel=\"noopener\">Adrien Roux<\/a> (23 ans) pour deux saisons suppl\u00e9mentaires.<br \/>Ces deux joueurs du cru, qualifi\u00e9s de \u00ab\u200aporte-\u00e9tendards de l\u2019identit\u00e9 Damiers\u200a\u00bb par le club, continueront d\u2019arborer la tunique du VRDR jusqu\u2019en 2028.<\/p>\n<p>\u00ab\u00a0Deux travailleurs exemplaires\u00a0\u00bb<\/p>\n<p>Ces \u00ab\u200adeux travailleurs exemplaires\u200a\u00bb, pr\u00e9cieux dans l\u2019effectif du manager Fabien Fortassin, ont respectivement disput\u00e9 8 et 4 matches depuis le d\u00e9but de saison. Vial, \u00ab\u200a\u00e0 l\u2019\u00e9nergie d\u00e9bordante et qui est devenu un maillon fort du pack\u200a\u00bb et Roux, \u00ab\u200ale mod\u00e8le de professionnalisme que tout entra\u00eeneur aime avoir dans son effectif\u200a\u00bb, estime le club, deux talents locaux que le club dr\u00f4mois actuellement 2e\u00a0du classement de Pro D2 a su s\u00e9curiser.<\/p>\n<p><strong>&gt;&gt;\u00a0<\/strong><a href=\"https:\/\/www.ledauphine.com\/sport\/calendrier-resultats\/rugby\/national-pro-d2-saison-reguliere\" target=\"_blank\" rel=\"noopener\"><strong>Les r\u00e9sultats, le classement et le calendrier de Pro D2\u00a0<\/strong><\/a><\/p>\n","protected":false},"excerpt":{"rendered":"Apr\u00e8s avoir annonc\u00e9 les prolongations de contrat du talonneur Dorian Marco-Pe\u00f1a et de l\u2019ouvreur Lucas M\u00e9ret, le Valence&hellip;\n","protected":false},"author":2,"featured_media":603310,"comment_status":"","ping_status":"","sticky":false,"template":"","format":"standard","meta":{"footnotes":""},"categories":[1416],"tags":[2730,2737,2735,1701,1011,27,2308,1479,2736,479,1468,517,60,2733,2734,2728],"class_list":{"0":"post-603309","1":"post","2":"type-post","3":"status-publish","4":"format-standard","5":"has-post-thumbnail","7":"category-rugby","8":"tag-drome","9":"tag-edition-romans-nord-drome","10":"tag-edition-valence-rhone-crussol-vallee-de-la-drome","11":"tag-fil-info-sport","12":"tag-fr","13":"tag-france","14":"tag-pro-d2","15":"tag-romans","16":"tag-romans-sur-isere","17":"tag-rugby","18":"tag-rugby-football","19":"tag-sport","20":"tag-sports","21":"tag-valence","22":"tag-valence-bassin","23":"tag-vrdr-valence-romans-drome-rugby"},"share_on_mastodon":{"url":"https:\/\/pubeurope.com\/@fr\/115730161526919979","error":""},"_links":{"self":[{"href":"https:\/\/www.europesays.com\/fr\/wp-json\/wp\/v2\/posts\/603309","targetHints":{"allow":["GET"]}}],"collection":[{"href":"https:\/\/www.europesays.com\/fr\/wp-json\/wp\/v2\/posts"}],"about":[{"href":"https:\/\/www.europesays.com\/fr\/wp-json\/wp\/v2\/types\/post"}],"author":[{"embeddable":true,"href":"https:\/\/www.europesays.com\/fr\/wp-json\/wp\/v2\/users\/2"}],"replies":[{"embeddable":true,"href":"https:\/\/www.europesays.com\/fr\/wp-json\/wp\/v2\/comments?post=603309"}],"version-history":[{"count":0,"href":"https:\/\/www.europesays.com\/fr\/wp-json\/wp\/v2\/posts\/603309\/revisions"}],"wp:featuredmedia":[{"embeddable":true,"href":"https:\/\/www.europesays.com\/fr\/wp-json\/wp\/v2\/media\/603310"}],"wp:attachment":[{"href":"https:\/\/www.europesays.com\/fr\/wp-json\/wp\/v2\/media?parent=603309"}],"wp:term":[{"taxonomy":"category","embeddable":true,"href":"https:\/\/www.europesays.com\/fr\/wp-json\/wp\/v2\/categories?post=603309"},{"taxonomy":"post_tag","embeddable":true,"href":"https:\/\/www.europesays.com\/fr\/wp-json\/wp\/v2\/tags?post=603309"}],"curies":[{"name":"wp","href":"https:\/\/api.w.org\/{rel}","templated":true}]}}