{"id":603313,"date":"2025-12-16T16:26:14","date_gmt":"2025-12-16T16:26:14","guid":{"rendered":"https:\/\/www.europesays.com\/fr\/603313\/"},"modified":"2025-12-16T16:26:14","modified_gmt":"2025-12-16T16:26:14","slug":"red-bull-bora-hansgrohe-devoile-un-maillot-2026-en-hommage-a-laviation-lequipe","status":"publish","type":"post","link":"https:\/\/www.europesays.com\/fr\/603313\/","title":{"rendered":"Red Bull-Bora-Hansgrohe d\u00e9voile un maillot 2026 en hommage \u00e0 l&#039;aviation &#8211; L&#039;\u00c9quipe"},"content":{"rendered":"<ol>\n<li><a href=\"https:\/\/news.google.com\/rss\/articles\/CBMizAFBVV95cUxNMWRUZlM3SmNieldHeVUzeGs1b0tybWFleGRmTlFYcmR4eUZEVXpTYnVzNlVnZGFJVE94eUFSeVVDQlZqMEl5OTVXTUFfdmJ2d0xJRFlUY2lvQXFKT253bkZXdTFJUEdFZHRITWJpd200SHU0NS1Gc2NtQUs2anFaR3QzcHpOY0dSSUpYYWV6c1pZNVJsbnNpTjVhcXRudE1mNV9lblFMRWJtWmZHTHpoSGdtRDlkNzdCdElzMXFxMmlUNXlrR0hUT0ROUDE?oc=5\" target=\"_blank\" rel=\"noopener\">Red Bull-Bora-Hansgrohe d\u00e9voile un maillot 2026 en hommage \u00e0 l&rsquo;aviation<\/a>&nbsp;&nbsp;L&rsquo;\u00c9quipe<\/li>\n<li><a href=\"https:\/\/news.google.com\/rss\/articles\/CBMizAFBVV95cUxQY1NZOHFEcVNOOEFhbFpIai1tVHNtT3Zqb1Fkcjc1UjUzcFJueDhWcnUzazkwZ1NpY1U5OGNWV3EwTnJKeWlqQVdyY0hPSWs4a1FhZmxEX241M0xtTFJubnRnNW1HQ0Q5TzNGUU8ydG9SekFoMG11a0FmZDhCNzZkRC1McVh1ckFXOVRkOTV2T1REWmwxNV9QVS1aajdkZ2JwMEVJc2tTN2xacGkyQ0c3d3VaYzFjQ0tBYW9VbFZNUmpIM1NpQ3JCZ0VNZ2M?oc=5\" target=\"_blank\" rel=\"noopener\">Un avion tir\u00e9 par un peloton : quand l\u2019\u00e9quipe cycliste Red Bull tracte un planeur pour le faire d\u00e9coller<\/a>&nbsp;&nbsp;Weelz!<\/li>\n<li><a href=\"https:\/\/news.google.com\/rss\/articles\/CBMi6gFBVV95cUxPcXJfamlzUmlhdUpTaWxCamtieWI0RmpHc2hTWnhmRi1SUG5ESlkwYlRCSnVlTHQzdnNCcm5rcGVUMDBJdC1PdkpFaVdCQ0F4azZzeThQSXBBQXRJb2UxeVBsVXdESVNiTHJzOU1qZGlTVnJsT0VLa2ZQM2JlMEROMlV5dGNHLUhETlJUNzdaa1E4eldoNDlHSHdYb01vMVgtTVV3R1dPUWR2MUMwTW84ODA2dHBHREo3NGFkZ0d3cHVYZTFPYnlNOUtwMnpmZzRfWm5UamxWa3ZJMklkT1VwSURnajhfbjhnUmc?oc=5\" target=\"_blank\" rel=\"noopener\">D\u00e9couvrez avec quel nouveau maillot Remco Evenepoel courra la saison prochaine<\/a>&nbsp;&nbsp;RTL Info<\/li>\n<li><a href=\"https:\/\/news.google.com\/rss\/articles\/CBMiiwFBVV95cUxPOThMaWJSb1J6M3lTS0J2NlFRRVRRendjQWFCWUdIWC1vNElvTnQ4blo0XzZzbWdWeEQwVFVHSmhjR2VDNHkzOWJ2TkF3dU0zUmdWUS11ZXlYZEhCWVhvLWtyYTlOSkI5eFBOTE1PQzc4bk5obmMwSm5xZVpEZXRfNkZWMVVCSWtsQlVB?oc=5\" target=\"_blank\" rel=\"noopener\">Red Bull-BORA-Hansgrohe : Le maillot 2026<\/a>&nbsp;&nbsp;DirectVelo<\/li>\n<li><a href=\"https:\/\/news.google.com\/rss\/articles\/CBMivwFBVV95cUxQZ3Q3R1FzZjRxeHBBVU9YYVp1aFBUOWxCN0FpQ1kxY05qMTJOUE5SNWZaZm1IX2gycVNyOHJCT2FGeU5tc2FUTktiSEcyeEZxNmpIUDFyTm5nSWlHLWRXbEhUSEFpNlg0RUZxX3ZoNVFnQ0VUT2dsSVhzSFg4c2FmalVxY1NBVHFfUjdqeC1KUTB6WlNnYjBOdUxsY192NjZ5YzVUbjRibTVoN0s0aHdpdVRrY2s1QTlPdWVNN21SUQ?oc=5\" target=\"_blank\" rel=\"noopener\">Neuf cyclistes font d\u00e9coller un avion \u00e0 la seule force de leurs jambes, une premi\u00e8re mondiale qui repousse les limites humaines<\/a>&nbsp;&nbsp;AquitaineOnLine<\/li>\n<\/ol>\n","protected":false},"excerpt":{"rendered":"Red Bull-Bora-Hansgrohe d\u00e9voile un maillot 2026 en hommage \u00e0 l&rsquo;aviation&nbsp;&nbsp;L&rsquo;\u00c9quipe Un avion tir\u00e9 par un peloton : quand&hellip;\n","protected":false},"author":2,"featured_media":603314,"comment_status":"","ping_status":"","sticky":false,"template":"","format":"standard","meta":{"footnotes":""},"categories":[1411],"tags":[1154,207,1011,27,60],"class_list":{"0":"post-603313","1":"post","2":"type-post","3":"status-publish","4":"format-standard","5":"has-post-thumbnail","7":"category-cyclisme","8":"tag-cycling","9":"tag-cyclisme","10":"tag-fr","11":"tag-france","12":"tag-sports"},"share_on_mastodon":{"url":"https:\/\/pubeurope.com\/@fr\/115730185257060079","error":""},"_links":{"self":[{"href":"https:\/\/www.europesays.com\/fr\/wp-json\/wp\/v2\/posts\/603313","targetHints":{"allow":["GET"]}}],"collection":[{"href":"https:\/\/www.europesays.com\/fr\/wp-json\/wp\/v2\/posts"}],"about":[{"href":"https:\/\/www.europesays.com\/fr\/wp-json\/wp\/v2\/types\/post"}],"author":[{"embeddable":true,"href":"https:\/\/www.europesays.com\/fr\/wp-json\/wp\/v2\/users\/2"}],"replies":[{"embeddable":true,"href":"https:\/\/www.europesays.com\/fr\/wp-json\/wp\/v2\/comments?post=603313"}],"version-history":[{"count":0,"href":"https:\/\/www.europesays.com\/fr\/wp-json\/wp\/v2\/posts\/603313\/revisions"}],"wp:featuredmedia":[{"embeddable":true,"href":"https:\/\/www.europesays.com\/fr\/wp-json\/wp\/v2\/media\/603314"}],"wp:attachment":[{"href":"https:\/\/www.europesays.com\/fr\/wp-json\/wp\/v2\/media?parent=603313"}],"wp:term":[{"taxonomy":"category","embeddable":true,"href":"https:\/\/www.europesays.com\/fr\/wp-json\/wp\/v2\/categories?post=603313"},{"taxonomy":"post_tag","embeddable":true,"href":"https:\/\/www.europesays.com\/fr\/wp-json\/wp\/v2\/tags?post=603313"}],"curies":[{"name":"wp","href":"https:\/\/api.w.org\/{rel}","templated":true}]}}