{"id":603320,"date":"2025-12-16T16:31:24","date_gmt":"2025-12-16T16:31:24","guid":{"rendered":"https:\/\/www.europesays.com\/fr\/603320\/"},"modified":"2025-12-16T16:31:24","modified_gmt":"2025-12-16T16:31:24","slug":"pax-massilia-cest-toujours-un-creve-coeur-olivier-marchal-sexplique-sur-la-decision-radicale-prise-pour-cette-saison-2","status":"publish","type":"post","link":"https:\/\/www.europesays.com\/fr\/603320\/","title":{"rendered":"Pax Massilia : \u00ab\u00a0C&rsquo;est toujours un cr\u00e8ve-c\u0153ur\u00a0\u00bb, Olivier Marchal s&rsquo;explique sur la d\u00e9cision radicale prise pour cette saison 2"},"content":{"rendered":"<p>T\u00e9l\u00e9-Loisirs a interview\u00e9 Olivier Marchal, le r\u00e9alisateur et sc\u00e9nariste de Pax Massilia, qui cartonne sur Netflix. L&rsquo;occasion pour lui de revenir sur une d\u00e9cision radicale prise pour la saison 2.<\/p>\n<p>Depuis sa mise en ligne, le mardi 9\u00a0d\u00e9cembre dernier, <a href=\"https:\/\/www.programme-tv.net\/news\/series-tv\/393736-pax-massilia-netflix-violente-brutale-et-tragique-la-saison-2-de-la-serie-dolivier-marchal-va-vous-laisser-en-etat-de-choc\/\" data-api-deeplink=\"teleloisirs:\/\/news\/393736\" target=\"_blank\" rel=\"noopener\">la saison 2 de Pax Massilia, aussi percutante que d\u00e9stabilisante<\/a>, n&rsquo;en finit plus de faire des \u00e9tincelles sur Netflix. Son sc\u00e9nariste et r\u00e9alisateur, <a href=\"https:\/\/www.programme-tv.net\/news\/series-tv\/394019-pax-massilia-le-vieux-n-a-pas-perdu-la-main-olivier-marchal-reagit-au-carton-de-la-saison-2-de-sa-serie-sur-netflix\/\" data-api-deeplink=\"teleloisirs:\/\/news\/394019\" target=\"_blank\" rel=\"noopener\">qui s&rsquo;est r\u00e9joui au micro de T\u00e9l\u00e9-Loisirs des excellents chiffres de visionnage<\/a>, a donc r\u00e9ussi \u00e0 nouveau son coup. Et <a href=\"https:\/\/www.programme-tv.net\/news\/series-tv\/394130-olivier-marchal-toujours-au-sommet-la-saison-2-de-pax-massilia-ne-decoit-pas-les-abonnes-sur-netflix\/\" data-api-deeplink=\"teleloisirs:\/\/news\/394130\" target=\"_blank\" rel=\"noopener\">les abonn\u00e9s de la plateforme de SVOD sont eux aussi ravis<\/a> du retour explosif des \u00ab\u00a0cram\u00e9s\u00a0\u00bb Ly\u00e8s, Tatoo, Arno, Alice et Audrey. Tellement d&rsquo;ailleurs que la mise en retrait sc\u00e9naristique de certains personnages fort et centraux de la premi\u00e8re saison est pass\u00e9 cr\u00e8me. Un choix radical de la part d<b>&lsquo;Olivier Marchal,<\/b> sur lequel il s&rsquo;est exprim\u00e9, lors de cette m\u00eame interview accord\u00e9e \u00e0 T\u00e9l\u00e9-Loisirs.<\/p>\n<p>Pax Massilia : \u00ab\u00a0C&rsquo;est toujours un cr\u00e8ve-c\u0153ur\u00a0\u00bb, Olivier Marchal s&rsquo;explique sur la d\u00e9cision radicale prise pour cette saison 2<\/p>\n<p>Ainsi, \u00e0 la question \u00ab\u00a0Est-ce difficile de prendre la d\u00e9cision de moins exposer des personnages construits, et appr\u00e9ci\u00e9s comme Audrey et Alice, lors de la premi\u00e8re saison ?\u00a0\u00bb, Olivier Marchal ne fait pas durer le suspense\u00a0: \u00ab\u00a0C&rsquo;est toujours un cr\u00e8ve-c\u0153ur.\u00a0\u00bb Puis le r\u00e9alisateur et sc\u00e9nariste explique les raisons de ces choix radicaux\u00a0: \u00ab\u00a0Une fiction n\u2019est r\u00e9ussie que si les antagonistes le sont. L\u00e0 on a introduit de nouveaux m\u00e9chants. Il fallait donc leur accorder de la place. Au final, on a une douzaine de personnages principaux ! Il y a un \u00e9quilibre \u00e0 trouver, des choix \u00e0 faire. Je fais attention \u00e0 nourrir les h\u00e9ros, parce que le public aime ce groupe. Ils sont tout de m\u00eame tr\u00e8s pr\u00e9sents dans cette saison. Mais mon travail est de doser les m\u00e9chants, de les installer afin qu&rsquo;on ait du plaisir \u00e0 les voir se d\u00e9velopper. Car c&rsquo;est \u00e0 travers eux que surgit l&rsquo;action et l&rsquo;attention dramatique.\u00a0\u00bb Et, pour cette seconde saison, le public est justement g\u00e2t\u00e9 avec les m\u00e9chants : Ali (<a href=\"https:\/\/www.programme-tv.net\/biographie\/98365-boitard-samir\/\" data-link-people=\"fb516b7f-04d7-41f7-bd5f-7b2d870366bb\" target=\"_blank\" rel=\"noopener\">Samir Boitard<\/a>), Chris (l&rsquo;excellente La\u00ebtitia E\u00efdo), Yassine (Adel Fellous) ou encore Mehdi (Bilal Ben Osmane) sont en effet de sacr\u00e9s clients.<\/p>\n<p>Des choix, Olivier Marchal va devoir en faire de nouveaux pour la 3e saison de sa s\u00e9rie. Car la suite de Pax Massilia, <a href=\"https:\/\/www.programme-tv.net\/news\/series-tv\/392607-pax-massilia-netflix-envisage-deja-une-saison-3-pour-la-serie-d-olivier-marchal\/\" data-api-deeplink=\"teleloisirs:\/\/news\/392607\" target=\"_blank\" rel=\"noopener\">\u00e9voqu\u00e9e d\u00e8s le mois de novembre<\/a>, alors que la saison 2 n&rsquo;\u00e9tait m\u00eame pas encore sortie, est act\u00e9e, m\u00eame si Netflix ne l&rsquo;a pas encore annonc\u00e9 officiellement. Et vu la conclusion de ce second chapitre, les choix sc\u00e9naristiques risquent d&rsquo;\u00eatre encore plus difficiles&#8230;<\/p>\n","protected":false},"excerpt":{"rendered":"T\u00e9l\u00e9-Loisirs a interview\u00e9 Olivier Marchal, le r\u00e9alisateur et sc\u00e9nariste de Pax Massilia, qui cartonne sur Netflix. L&rsquo;occasion pour&hellip;\n","protected":false},"author":2,"featured_media":603321,"comment_status":"","ping_status":"","sticky":false,"template":"","format":"standard","meta":{"footnotes":""},"categories":[1356],"tags":[244,58,59,1011,27,2173,127,20270,1722,1721,129,252,1364],"class_list":{"0":"post-603320","1":"post","2":"type-post","3":"status-publish","4":"format-standard","5":"has-post-thumbnail","7":"category-television","8":"tag-commentaire","9":"tag-divertissement","10":"tag-entertainment","11":"tag-fr","12":"tag-france","13":"tag-interview","14":"tag-netflix","15":"tag-olivier-marchal","16":"tag-pub-streaming-netflix","17":"tag-su00e9rie-netflix","18":"tag-svod","19":"tag-television","20":"tag-tv"},"share_on_mastodon":{"url":"https:\/\/pubeurope.com\/@fr\/115730205140490426","error":""},"_links":{"self":[{"href":"https:\/\/www.europesays.com\/fr\/wp-json\/wp\/v2\/posts\/603320","targetHints":{"allow":["GET"]}}],"collection":[{"href":"https:\/\/www.europesays.com\/fr\/wp-json\/wp\/v2\/posts"}],"about":[{"href":"https:\/\/www.europesays.com\/fr\/wp-json\/wp\/v2\/types\/post"}],"author":[{"embeddable":true,"href":"https:\/\/www.europesays.com\/fr\/wp-json\/wp\/v2\/users\/2"}],"replies":[{"embeddable":true,"href":"https:\/\/www.europesays.com\/fr\/wp-json\/wp\/v2\/comments?post=603320"}],"version-history":[{"count":0,"href":"https:\/\/www.europesays.com\/fr\/wp-json\/wp\/v2\/posts\/603320\/revisions"}],"wp:featuredmedia":[{"embeddable":true,"href":"https:\/\/www.europesays.com\/fr\/wp-json\/wp\/v2\/media\/603321"}],"wp:attachment":[{"href":"https:\/\/www.europesays.com\/fr\/wp-json\/wp\/v2\/media?parent=603320"}],"wp:term":[{"taxonomy":"category","embeddable":true,"href":"https:\/\/www.europesays.com\/fr\/wp-json\/wp\/v2\/categories?post=603320"},{"taxonomy":"post_tag","embeddable":true,"href":"https:\/\/www.europesays.com\/fr\/wp-json\/wp\/v2\/tags?post=603320"}],"curies":[{"name":"wp","href":"https:\/\/api.w.org\/{rel}","templated":true}]}}