{"id":603335,"date":"2025-12-16T16:39:11","date_gmt":"2025-12-16T16:39:11","guid":{"rendered":"https:\/\/www.europesays.com\/fr\/603335\/"},"modified":"2025-12-16T16:39:11","modified_gmt":"2025-12-16T16:39:11","slug":"trump-derangement-syndrome-quand-les-conservateurs-americains-brandissent-la-folie-pour-discrediter-leurs-opposants","status":"publish","type":"post","link":"https:\/\/www.europesays.com\/fr\/603335\/","title":{"rendered":"\u00ab\u00a0Trump derangement syndrome\u00a0\u00bb\u00a0: quand les conservateurs am\u00e9ricains brandissent la folie pour discr\u00e9diter leurs opposants"},"content":{"rendered":"<p>La violence de cette nouvelle <a href=\"https:\/\/www.humanite.fr\/monde\/trump\/dans-sa-chasse-au-wokisme-ladministration-trump-bannit-la-police-calibri\" target=\"_blank\" rel=\"noopener\">diatribe de Donald Trump<\/a> a choqu\u00e9 jusque dans ses propres rangs. Le pr\u00e9sident des \u00c9tats-Unis a estim\u00e9, sur son r\u00e9seau Truth Social, lundi 15\u00a0d\u00e9cembre, que le meurtre pr\u00e9sum\u00e9 du <a href=\"https:\/\/www.humanite.fr\/culture-et-savoir\/cinema-americain\/mort-de-rob-reiner-la-fin-mysterieuse-et-tragique-dun-cineaste-populaire\" target=\"_blank\" rel=\"noopener\">cin\u00e9aste Rob Reiner et de la photographe Michelle Singer<\/a> par leur fils \u00e9tait une cons\u00e9quence de \u00ab\u00a0la col\u00e8re\u00a0\u00bb qu\u2019aurait soi-disant provoqu\u00e9 le r\u00e9alisateur \u00ab\u00a0atteint de TDS\u00a0\u00bb.<\/p>\n<p>Derri\u00e8re cet acronyme se trouve le <a href=\"https:\/\/www.humanite.fr\/politique\/le-billet-de-maurice-ulrich\/trump-derangement-syndrome-quand-donald-trump-rend-tout-le-monde-fou\" target=\"_blank\" rel=\"noopener\">Trump derangement syndrome<\/a> (syndrome de d\u00e9rangement Trump), une expression ch\u00e9rie par les cercles <a href=\"https:\/\/www.humanite.fr\/monde\/donald-trump\/extreme-droite-comment-donald-trump-tente-dimposer-son-projet-de-societe\" target=\"_blank\" rel=\"noopener\">Make America great again<\/a> (Maga), qui symbolise la pr\u00e9tendue parano\u00efa qui s\u2019emparerait des opposants \u00e0 l\u2019ex-magnat de l\u2019immobilier. En comparant l\u2019engagement politique de Rob Reiner, d\u00e9mocrate convaincu, \u00e0 une folie, une hyst\u00e9rie ou encore \u00e0 une \u00ab\u00a0obsession enrag\u00e9e\u00a0\u00bb, pour reprendre ses mots, Donald Trump tente de renvoyer toute critique le concernant \u00e0 la sph\u00e8re de la maladie mentale.<\/p>\n<p>Une proposition de loi d\u00e9pos\u00e9e<\/p>\n<p>Loin d\u2019\u00eatre in\u00e9dite,&#8230;<\/p>\n","protected":false},"excerpt":{"rendered":"La violence de cette nouvelle diatribe de Donald Trump a choqu\u00e9 jusque dans ses propres rangs. Le pr\u00e9sident&hellip;\n","protected":false},"author":2,"featured_media":603336,"comment_status":"","ping_status":"","sticky":false,"template":"","format":"standard","meta":{"footnotes":""},"categories":[5],"tags":[11,1011,27,14,12,28],"class_list":{"0":"post-603335","1":"post","2":"type-post","3":"status-publish","4":"format-standard","5":"has-post-thumbnail","7":"category-international","8":"tag-actualites","9":"tag-fr","10":"tag-france","11":"tag-international","12":"tag-news","13":"tag-world"},"share_on_mastodon":{"url":"","error":""},"_links":{"self":[{"href":"https:\/\/www.europesays.com\/fr\/wp-json\/wp\/v2\/posts\/603335","targetHints":{"allow":["GET"]}}],"collection":[{"href":"https:\/\/www.europesays.com\/fr\/wp-json\/wp\/v2\/posts"}],"about":[{"href":"https:\/\/www.europesays.com\/fr\/wp-json\/wp\/v2\/types\/post"}],"author":[{"embeddable":true,"href":"https:\/\/www.europesays.com\/fr\/wp-json\/wp\/v2\/users\/2"}],"replies":[{"embeddable":true,"href":"https:\/\/www.europesays.com\/fr\/wp-json\/wp\/v2\/comments?post=603335"}],"version-history":[{"count":0,"href":"https:\/\/www.europesays.com\/fr\/wp-json\/wp\/v2\/posts\/603335\/revisions"}],"wp:featuredmedia":[{"embeddable":true,"href":"https:\/\/www.europesays.com\/fr\/wp-json\/wp\/v2\/media\/603336"}],"wp:attachment":[{"href":"https:\/\/www.europesays.com\/fr\/wp-json\/wp\/v2\/media?parent=603335"}],"wp:term":[{"taxonomy":"category","embeddable":true,"href":"https:\/\/www.europesays.com\/fr\/wp-json\/wp\/v2\/categories?post=603335"},{"taxonomy":"post_tag","embeddable":true,"href":"https:\/\/www.europesays.com\/fr\/wp-json\/wp\/v2\/tags?post=603335"}],"curies":[{"name":"wp","href":"https:\/\/api.w.org\/{rel}","templated":true}]}}