{"id":603337,"date":"2025-12-16T16:40:15","date_gmt":"2025-12-16T16:40:15","guid":{"rendered":"https:\/\/www.europesays.com\/fr\/603337\/"},"modified":"2025-12-16T16:40:15","modified_gmt":"2025-12-16T16:40:15","slug":"en-direct-dermatose-une-reunion-ministerielle-de-crise-commence-a-matignon-la-deuxieme-de-la-journee-liberation","status":"publish","type":"post","link":"https:\/\/www.europesays.com\/fr\/603337\/","title":{"rendered":"EN DIRECT &#8211; Dermatose : une r\u00e9union minist\u00e9rielle de crise commence \u00e0 Matignon, la deuxi\u00e8me de la journ\u00e9e \u2013 Lib\u00e9ration"},"content":{"rendered":"<p class=\"sc-cPiKLX AiZTS text-element\">Les agriculteurs, d\u00e9j\u00e0 tr\u00e8s remont\u00e9s contre la gestion de la dermatose bovine, pr\u00e9voient de manifester jeudi en nombre \u00e0 Bruxelles, mais aussi en France, contre la politique europ\u00e9enne, en particulier la r\u00e9forme de la PAC et le trait\u00e9 avec le Mercosur, en phase de ratification. L\u2019organisateur, le lobby agricole Copa-Cogeca, attend jusqu\u2019\u00e0 10 000 personnes \u00e0 Bruxelles, dont un contingent de 4 000 Fran\u00e7ais, ont affirm\u00e9 des dirigeants de l\u2019alliance syndicale majoritaire FNSEA-Jeunes agriculteurs (JA). \u00abIl y a encore 20 ans, la politique agricole commune repr\u00e9sentait plus de la moiti\u00e9 du budget de l\u2019Union europ\u00e9enne. L\u00e0 o\u00f9, dans la prochaine proposition, ce sera moins de 30 %\u00bb, a martel\u00e9 Maxime Buizard-Blondeau, vice-pr\u00e9sident des JA.<\/p>\n","protected":false},"excerpt":{"rendered":"Les agriculteurs, d\u00e9j\u00e0 tr\u00e8s remont\u00e9s contre la gestion de la dermatose bovine, pr\u00e9voient de manifester jeudi en nombre&hellip;\n","protected":false},"author":2,"featured_media":603338,"comment_status":"","ping_status":"","sticky":false,"template":"","format":"standard","meta":{"footnotes":""},"categories":[4],"tags":[11,21427,40857,71054,1011,27,21426,12,25,11067],"class_list":{"0":"post-603337","1":"post","2":"type-post","3":"status-publish","4":"format-standard","5":"has-post-thumbnail","7":"category-france","8":"tag-actualites","9":"tag-agriculteurs-en-colere","10":"tag-annie-genevard","11":"tag-dermatose-nodulaire-contagieuse","12":"tag-fr","13":"tag-france","14":"tag-mercosur","15":"tag-news","16":"tag-republique-francaise","17":"tag-sebastien-lecornu"},"share_on_mastodon":{"url":"","error":""},"_links":{"self":[{"href":"https:\/\/www.europesays.com\/fr\/wp-json\/wp\/v2\/posts\/603337","targetHints":{"allow":["GET"]}}],"collection":[{"href":"https:\/\/www.europesays.com\/fr\/wp-json\/wp\/v2\/posts"}],"about":[{"href":"https:\/\/www.europesays.com\/fr\/wp-json\/wp\/v2\/types\/post"}],"author":[{"embeddable":true,"href":"https:\/\/www.europesays.com\/fr\/wp-json\/wp\/v2\/users\/2"}],"replies":[{"embeddable":true,"href":"https:\/\/www.europesays.com\/fr\/wp-json\/wp\/v2\/comments?post=603337"}],"version-history":[{"count":0,"href":"https:\/\/www.europesays.com\/fr\/wp-json\/wp\/v2\/posts\/603337\/revisions"}],"wp:featuredmedia":[{"embeddable":true,"href":"https:\/\/www.europesays.com\/fr\/wp-json\/wp\/v2\/media\/603338"}],"wp:attachment":[{"href":"https:\/\/www.europesays.com\/fr\/wp-json\/wp\/v2\/media?parent=603337"}],"wp:term":[{"taxonomy":"category","embeddable":true,"href":"https:\/\/www.europesays.com\/fr\/wp-json\/wp\/v2\/categories?post=603337"},{"taxonomy":"post_tag","embeddable":true,"href":"https:\/\/www.europesays.com\/fr\/wp-json\/wp\/v2\/tags?post=603337"}],"curies":[{"name":"wp","href":"https:\/\/api.w.org\/{rel}","templated":true}]}}