{"id":603341,"date":"2025-12-16T16:42:12","date_gmt":"2025-12-16T16:42:12","guid":{"rendered":"https:\/\/www.europesays.com\/fr\/603341\/"},"modified":"2025-12-16T16:42:12","modified_gmt":"2025-12-16T16:42:12","slug":"saint-etienne-ces-commerces-ouverts-malgre-linterdiction-les-habitants-enragent","status":"publish","type":"post","link":"https:\/\/www.europesays.com\/fr\/603341\/","title":{"rendered":"Saint-\u00c9tienne. Ces commerces ouverts malgr\u00e9 l&rsquo;interdiction, les habitants enragent"},"content":{"rendered":"<p>                    Par<br \/>\n        <strong><br \/>\n            <a href=\"https:\/\/actu.fr\/auteur\/julien-sournies\" title=\"Consulter tous les articles de Julien Sournies\" target=\"_blank\" rel=\"noopener\">Julien Sournies<\/a><br \/>\n                    <\/strong><\/p>\n<p>        Publi\u00e9 le<\/p>\n<p>            16 d\u00e9c. 2025 \u00e0 17h26        <\/p>\n<p>Le sentiment de col\u00e8re et de frustration ne d\u00e9semplit pas chez les <a href=\"https:\/\/actu.fr\/auvergne-rhone-alpes\/saint-etienne_42218\/saint-etienne-les-habitants-de-ce-quartier-continuent-de-vivre-l-enfer-une-zone-de-non-droit_63456501.html\" target=\"_blank\" rel=\"noopener\">habitants de la rue Antoine-Durafour<\/a> \u00e0 <a href=\"https:\/\/actu.fr\/auvergne-rhone-alpes\/saint-etienne_42218\" target=\"_blank\" rel=\"noopener\">Saint-\u00c9tienne<\/a> (<a href=\"https:\/\/actu.fr\/auvergne-rhone-alpes\/loire_42\" target=\"_blank\" rel=\"noopener\">Loire<\/a>). Malgr\u00e9 l\u2019instauration d\u2019un arr\u00eat\u00e9 municipal en juillet dernier dans le secteur, obligeant les commerces de d\u00e9tail comme les \u00e9piceries de nuit \u00e0 fermer de 22 \u00e0 6\u00a0heures du matin, les <strong>incivilit\u00e9s<\/strong> et les <strong>nuisances sonores<\/strong> continuent de perturber le quotidien des riverains.<br \/>Selon eux, ces fameux commerces de nuit ne <a href=\"https:\/\/actu.fr\/auvergne-rhone-alpes\/saint-etienne_42218\/saint-etienne-ces-commerces-ne-respectent-pas-les-regles-dans-cette-rue-les-sanctions-tombent_63082599.html\" target=\"_blank\" rel=\"noopener\">respectent toujours pas cet arr\u00eat\u00e9<\/a>. \u00ab\u2009Toutes les nuits, il y a du monde qui gravite autour des \u00e9piceries de nuit. R\u00e9sultat\u2009: on a droit \u00e0 des personnes ivres dans la rue, des bagarres et des nuisances sonores incessantes. La situation ne change pas\u2009\u00bb, s\u2019exasp\u00e8re l\u2019un des porte-paroles du collectif Durafour, lequel a pr\u00e9cis\u00e9ment \u00e9t\u00e9 cr\u00e9\u00e9 en juin dernier pour faire entendre la voix de ses habitants exc\u00e9d\u00e9s.<\/p>\n<p>\u00ab\u2009On se croirait dans un syst\u00e8me Montessori\u2009\u00bb<\/p>\n<p class=\" wall-content\">Pour les membres du collectif, l\u2019arr\u00eat\u00e9 municipal, qui court jusqu\u2019en juillet 2026, est \u00ab malheureusement inefficace\u2009\u00bb. \u00ab\u2009Ils ne le <strong>respectent pas du tout et ils s\u2019en foutent<\/strong>, c\u2019est un fait. C\u2019est mieux que rien qu\u2019il y soit, mais le probl\u00e8me, c\u2019est que la police ne peut rien faire. Les amendes \u00e7a ne dissuade pas les commer\u00e7ants, vu comment certains doivent brasser\u2026\u2009\u00bb, se d\u00e9sole le membre du collectif.<\/p>\n<p class=\" wall-content\">Ce dernier appelle alors \u00e0 une solution plus radicale pour dissuader ces commer\u00e7ants \u00ab\u2009qui se croient tout permis\u2009\u00bb. \u00ab\u2009J\u2019ignore pourquoi il n\u2019y a pas plus de fermet\u00e9 dans les sanctions. On se croirait dans un <strong>syst\u00e8me Montessori<\/strong>, c\u2019est-\u00e0-dire que l\u2019on peut faire du bruit mais pas trop quand m\u00eame\u2009\u00bb, d\u00e9plore-t-il.<\/p>\n<blockquote class=\"ac-article-quote wall-content\">\n<p>Il faut qu&rsquo;il y ait un arr\u00eat\u00e9 pr\u00e9fectoral : c&rsquo;est l&rsquo;ordre et l&rsquo;autorit\u00e9. L\u00e0, ce n&rsquo;est pas possible qu&rsquo;il y ait autant d&rsquo;\u00e9piceries ouvertes. Pour nous, \u00e0 partir de 22 heures, il ne doit plus y avoir de commerce ouvert dans la rue. La police dit qu&rsquo;il y a une pr\u00e9sence quotidienne, mais c&rsquo;est clair que ce n&rsquo;est pas suffisant.<\/p>\n<p>    <strong>Collectif Durafour<\/strong>\n            <\/p><\/blockquote>\n<p>    <a href=\"https:\/\/www.google.com\/maps\/embed?pb=!1m18!1m12!1m3!1d2008.9485584147328!2d4.392379474794729!3d45.42684913593223!2m3!1f0!2f0!3f0!3m2!1i1024!2i768!4f13.1!3m3!1m2!1s0x47f5a94c83c96005%3A0x6eb8ea461afb3ba1!2sRue%20Antoine%20Durafour%2C%2042100%20Saint-%C3%89tienne!5e1!3m2!1sfr!2sfr!4v1765899612358!5m2!1sfr!2sfr\" title=\"Ouvrie le lien\" target=\"_blank\" rel=\"noopener\">Cliquez ici pour visualiser le contenu<\/a><\/p>\n<p>\u00ab\u2009Une am\u00e9lioration autour du respect des horaires d\u2019ouverture des \u00e9piceries\u2009\u00bb<\/p>\n<p class=\" wall-content\">Du c\u00f4t\u00e9 des forces de l\u2019ordre, justement, le constat est quelque peu diff\u00e9rent. Si les effectifs de police ont constat\u00e9 une transgression dudit arr\u00eat\u00e9 de la part d\u2019un commerce le 12\u00a0d\u00e9cembre, aucune autre ouverture \u00ab\u2009abusive\u2009\u00bb n\u2019est \u00e0 d\u00e9plorer \u00e0 ce jour.<\/p>\n<p class=\" wall-content\">\u00ab\u2009Depuis d\u00e9but d\u00e9cembre, au contraire, on a constat\u00e9 une <strong>am\u00e9lioration<\/strong> autour du respect des horaires d\u2019ouverture des \u00e9piceries\u2009\u00bb, assure Catherine Hernandez, directrice adjointe de la police municipale, \u00e0 la r\u00e9daction.<\/p>\n<p class=\" wall-content\">En revanche, deux interpellations ont eu lieu depuis le 4 d\u00e9cembre pour port d\u2019armes et refus d\u2019obtemp\u00e9rer sur la rue en question. Deux PV ont par ailleurs \u00e9t\u00e9 distribu\u00e9s pour tapage nocturne. \u00ab\u2009Mais ce qu\u2019il faut savoir, c\u2019est que ces interpellations et ces tapages ne sont pas directement relev\u00e9s \u00e0 l\u2019encontre des \u00e9piceries. Ce n\u2019est pas facile de prouver un lien\u2009\u00bb, pr\u00e9cise Catherine Hernandez.<\/p>\n<p>Votre r\u00e9gion, votre actu !<\/p>\n<p>Recevez chaque jour les infos qui comptent pour vous.<\/p>\n<p>\t<a href=\"https:\/\/actu.fr\/newsletter\" class=\"ac-btn ac-btn--corner ac-btn--medium ac-btn--blue800\" target=\"_blank\" rel=\"noopener\">S&rsquo;incrire<\/a><br \/>\n\u00ab\u2009Il faut trouver la bonne formule\u2009\u00bb<\/p>\n<p class=\" wall-content\">Concernant la mise en place d\u2019un arr\u00eat\u00e9 pr\u00e9fectoral au d\u00e9triment du municipal, la directrice adjointe de la police municipale rappelle que cette d\u00e9cision revient aux services de l\u2019\u00c9tat.<\/p>\n<p class=\" wall-content\">\u00ab\u2009Il faut trouver la bonne formule afin de ne pas en arriver \u00e0 prendre une d\u00e9cision aux <strong>proportions abusives<\/strong>\u2009\u00bb, explique Catherine Hernandez, laquelle ajoute \u00e9galement que la \u00ab\u2009pr\u00e9fecture a d\u00e9j\u00e0 pris des arr\u00eat\u00e9s et<a href=\"https:\/\/actu.fr\/auvergne-rhone-alpes\/saint-etienne_42218\/saint-etienne-un-controle-dans-cette-rue-problematique-fait-mouche-un-commerce-ferme_62892801.html\" target=\"_blank\" rel=\"noopener\"> proc\u00e9d\u00e9 \u00e0 des fermetures<\/a> quand la situation l\u2019exigeait\u2009\u00bb.<\/p>\n<p class=\" wall-content\">Et celle-ci de conclure\u2009: \u00ab\u2009Depuis le 28\u00a0juin 2023, il y a une<strong> pr\u00e9sence quotidienne<\/strong> de la police municipale sur le secteur. On est tr\u00e8s attentifs sur ce qu\u2019il se passe sur la rue Durafour. On ne se m\u00e9nage pas pour tenter de r\u00e9tablir la situation.\u2009\u00bb<\/p>\n<p class=\" wall-content\">En attendant un quelconque rem\u00e8de permettant d\u2019apaiser ne serait-ce qu\u2019un peu les tensions, habitants comme policiers ne se voilent toutefois pas la face\u2009: \u00ab\u2009Malgr\u00e9 tout, la probl\u00e9matique li\u00e9e aux nuisances sonores ne sera pas pr\u00e8s d\u2019\u00eatre r\u00e9gl\u00e9e.\u2009\u00bb<\/p>\n<p class=\" wall-content\">Personnalisez votre actualit\u00e9 en ajoutant vos villes et m\u00e9dias en favori avec <a href=\"https:\/\/moncompte.actu.fr\" title=\"D\u00e9couvez Mon Actu\" rel=\"nofollow noopener\" data-trk=\"{&quot;cta&quot;:{&quot;action&quot;:&quot;https:\\\/\\\/moncompte.actu.fr&quot;,&quot;category&quot;:&quot;mon compte&quot;,&quot;from&quot;:&quot;article footer&quot;,&quot;name&quot;:&quot;Mon actu&quot;,&quot;type&quot;:&quot;cta&quot;}}\" target=\"_blank\">Mon Actu<\/a>.<\/p>\n","protected":false},"excerpt":{"rendered":"Par Julien Sournies Publi\u00e9 le 16 d\u00e9c. 2025 \u00e0 17h26 Le sentiment de col\u00e8re et de frustration ne&hellip;\n","protected":false},"author":2,"featured_media":347298,"comment_status":"","ping_status":"","sticky":false,"template":"","format":"standard","meta":{"footnotes":""},"categories":[9653],"tags":[1111,11,2430,215,1777,674,1011,27,2825,12,1072,25,4001,104],"class_list":{"0":"post-603341","1":"post","2":"type-post","3":"status-publish","4":"format-standard","5":"has-post-thumbnail","7":"category-saint-etienne","8":"tag-actu","9":"tag-actualites","10":"tag-auvergne-rhone-alpes","11":"tag-commerce","12":"tag-eu","13":"tag-europe","14":"tag-fr","15":"tag-france","16":"tag-insecurite","17":"tag-news","18":"tag-police","19":"tag-republique-francaise","20":"tag-saint-etienne","21":"tag-societe"},"share_on_mastodon":{"url":"https:\/\/pubeurope.com\/@fr\/115730248138072651","error":""},"_links":{"self":[{"href":"https:\/\/www.europesays.com\/fr\/wp-json\/wp\/v2\/posts\/603341","targetHints":{"allow":["GET"]}}],"collection":[{"href":"https:\/\/www.europesays.com\/fr\/wp-json\/wp\/v2\/posts"}],"about":[{"href":"https:\/\/www.europesays.com\/fr\/wp-json\/wp\/v2\/types\/post"}],"author":[{"embeddable":true,"href":"https:\/\/www.europesays.com\/fr\/wp-json\/wp\/v2\/users\/2"}],"replies":[{"embeddable":true,"href":"https:\/\/www.europesays.com\/fr\/wp-json\/wp\/v2\/comments?post=603341"}],"version-history":[{"count":0,"href":"https:\/\/www.europesays.com\/fr\/wp-json\/wp\/v2\/posts\/603341\/revisions"}],"wp:featuredmedia":[{"embeddable":true,"href":"https:\/\/www.europesays.com\/fr\/wp-json\/wp\/v2\/media\/347298"}],"wp:attachment":[{"href":"https:\/\/www.europesays.com\/fr\/wp-json\/wp\/v2\/media?parent=603341"}],"wp:term":[{"taxonomy":"category","embeddable":true,"href":"https:\/\/www.europesays.com\/fr\/wp-json\/wp\/v2\/categories?post=603341"},{"taxonomy":"post_tag","embeddable":true,"href":"https:\/\/www.europesays.com\/fr\/wp-json\/wp\/v2\/tags?post=603341"}],"curies":[{"name":"wp","href":"https:\/\/api.w.org\/{rel}","templated":true}]}}