{"id":603355,"date":"2025-12-16T16:51:12","date_gmt":"2025-12-16T16:51:12","guid":{"rendered":"https:\/\/www.europesays.com\/fr\/603355\/"},"modified":"2025-12-16T16:51:12","modified_gmt":"2025-12-16T16:51:12","slug":"fanny-patisserie-a-rouen-le-gout-du-fait-maison-sans-compromis","status":"publish","type":"post","link":"https:\/\/www.europesays.com\/fr\/603355\/","title":{"rendered":"Fanny P\u00e2tisserie \u00e0 Rouen : le go\u00fbt du fait maison, sans compromis"},"content":{"rendered":"<p>L\u2019Essentiel<\/p>\n<ul class=\"wp-block-list\">\n<li class=\"has-white-color has-text-color has-link-color wp-elements-e73f03e593557c00b984d9959041fd23\"><strong>Fanny P\u00e2tisserie<\/strong> a ouvert \u00e0 <strong>Rouen en octobre<\/strong><\/li>\n<li class=\"has-white-color has-text-color has-link-color wp-elements-70f8ea2ba50186d94eb7163e096590dd\">Concept : <strong>p\u00e2tisserie artisanale 100 % maison<\/strong>, sans achat-revente<\/li>\n<li class=\"has-white-color has-text-color has-link-color wp-elements-743c0bdfb6cafd29afdea2ee2328bb23\"><strong>Production en semaine<\/strong>, <strong>vente uniquement le week-end<\/strong><\/li>\n<li class=\"has-white-color has-text-color has-link-color wp-elements-2e0f4613233d85cced33b67cb3816c20\">Une <strong>histoire de couple<\/strong>, sans interm\u00e9diaire : ceux qui fabriquent sont ceux qui vendent<\/li>\n<li class=\"has-white-color has-text-color has-link-color wp-elements-73fac10254cf382745688a6855d2b2fd\"><strong>Carte de g\u00e2teaux \u00e9volutive<\/strong>, avec des cr\u00e9ations qui changent chaque semaine<\/li>\n<li class=\"has-white-color has-text-color has-link-color wp-elements-295e14ba2abd2a4962ea497f6ec73924\">Une <strong>p\u00e2tisserie de quartier<\/strong>, discr\u00e8te, locale et d\u00e9j\u00e0 tr\u00e8s appr\u00e9ci\u00e9e<\/li>\n<\/ul>\n<p>Si tu pensais avoir fait le tour des bonnes adresses sucr\u00e9es \u00e0 Rouen, <strong>d\u00e9trompe-toi<\/strong>. Depuis le <strong>d\u00e9but du mois d\u2019octobre<\/strong>, une nouvelle p\u00e2tisserie fait doucement mais s\u00fbrement parler d\u2019elle, \u00e0 coups de <strong>bouche-\u00e0-oreille<\/strong>, de <strong>g\u00e2teaux impeccables<\/strong> et d\u2019un amour \u00e9vident du <strong>fait maison<\/strong>. Son nom ? <strong>Fanny P\u00e2tisserie<\/strong>. Une maison d\u00e9j\u00e0 bien connue ailleurs, qui a choisi Rouen pour \u00e9crire un nouveau chapitre\u2026 et clairement, on valide.<\/p>\n<p><strong>Une p\u00e2tisserie pas comme les autres<\/strong><\/p>\n<p>Chez <strong>Fanny P\u00e2tisserie<\/strong>, pas de vitrines pleines tous les jours, pas d\u2019achat-revente, pas de raccourcis. Ici, le parti pris est clair : <strong>tout est fabriqu\u00e9 maison<\/strong>, \u00e0 partir de <strong>mati\u00e8res premi\u00e8res brutes et de qualit\u00e9<\/strong>, et la boutique est <strong>ouverte uniquement le week-end<\/strong>, <strong>vendredi, samedi et quelques dimanches<\/strong>.<\/p>\n<p>La semaine ? Elle est enti\u00e8rement d\u00e9di\u00e9e \u00e0 la <strong>production<\/strong>. Chocolats, glaces, confiseries, <strong>p\u00e2tes de fruits<\/strong>, <strong>macarons<\/strong>, g\u00e2teaux\u2026 Une grosse gamme, r\u00e9alis\u00e9e avec pr\u00e9cision, pour un moment de vente tr\u00e8s concentr\u00e9 quand les portes s\u2019ouvrent. Quand <strong>Fanny P\u00e2tisserie<\/strong> est ouverte, elle l\u2019est vraiment.<\/p>\n<p><strong>Une histoire de couple\u2026 et de passion<\/strong><\/p>\n<p>Derri\u00e8re cette adresse, il y a avant tout une <strong>histoire de couple<\/strong> et de m\u00e9tier. <strong>Fanny<\/strong>, p\u00e2tissi\u00e8re, et son mari <strong>C\u00f4me<\/strong>, tous deux dans l\u2019univers de la p\u00e2tisserie depuis plus de <strong>10 ans<\/strong>, ont construit ce projet avec une id\u00e9e forte : <strong>fabriquer et vendre eux-m\u00eames<\/strong>.<\/p>\n<p>Pas d\u2019interm\u00e9diaire : <strong>celle ou celui qui fabrique est aussi celui qui te parle<\/strong>. Un choix volontaire, pour garder un <strong>contact direct avec les clients<\/strong>, recueillir les retours, ajuster, cr\u00e9er\u2026 Bref, faire \u00e9voluer la p\u00e2tisserie en permanence.<\/p>\n<p><strong>Une carte qui change (vraiment) tout le temps<\/strong><\/p>\n<p>C\u2019est l\u2019un des gros points forts de la maison : <strong>la carte change chaque semaine<\/strong>.<\/p>\n<p>Concr\u00e8tement, <strong>trois types de g\u00e2teaux<\/strong> sont propos\u00e9s, mais <strong>chaque semaine, l\u2019un d\u2019eux est renouvel\u00e9<\/strong>. Un g\u00e2teau reste environ <strong>trois semaines<\/strong>, puis laisse sa place \u00e0 une nouvelle cr\u00e9ation.<\/p>\n<p style=\"margin: 0; color: #000000; font-size: 16px; font-weight: bold;\">\u00c0 voir aussi sur Rouen Bouge<\/p>\n<\/p>\n<p>                    \u2716\n                <\/p>\n<p>R\u00e9sultat : m\u00eame si tu es un habitu\u00e9, tu ne manges <strong>jamais exactement la m\u00eame chose<\/strong>. Et \u00e7a, on adore.<\/p>\n<p><strong>Pourquoi Rouen ?<\/strong><\/p>\n<p>Apr\u00e8s <strong>11 ans d\u2019existence<\/strong>, l\u2019ouverture \u00e0 Rouen s\u2019est faite naturellement. D\u00e9j\u00e0 parce que l\u2019\u00e9quipe \u00e9tait pr\u00eate, mais aussi pour l\u2019ambiance. <strong>La rue Damiette<\/strong>, comme leur premi\u00e8re adresse, est une <strong>petite rue de quartier<\/strong>, \u00e0 la fois <strong>locale et touristique<\/strong>, vivante sans \u00eatre sur-expos\u00e9e.<\/p>\n<p>Un lieu o\u00f9 l\u2019on vient parce qu\u2019on conna\u00eet\u2026 ou parce qu\u2019on t\u2019a chaudement conseill\u00e9 d\u2019y aller. Exactement l\u2019esprit de <strong>Fanny P\u00e2tisserie<\/strong>.<\/p>\n<blockquote class=\"instagram-media\" data-instgrm-permalink=\"https:\/\/www.instagram.com\/p\/DRAxV2UDOYu\/?utm_source=ig_embed&amp;utm_campaign=loading\" data-instgrm-version=\"14\" style=\" background:#FFF; border:0; border-radius:3px; box-shadow:0 0 1px 0 rgba(0,0,0,0.5),0 1px 10px 0 rgba(0,0,0,0.15); margin: 1px; max-width:540px; min-width:326px; padding:0; width:99.375%; width:-webkit-calc(100% - 2px); width:calc(100% - 2px);\" wp_automatic_readability=\"-0.18918918918919\"\/><p><strong>Et pour les f\u00eates ? Des b\u00fbches tr\u00e8s s\u00e9rieuses<\/strong><\/p>\n<p>Pour la p\u00e9riode des f\u00eates, la maison voit les choses bien (et bon) avec <strong>quatre b\u00fbches<\/strong> :<\/p>\n<ul class=\"wp-block-list\">\n<li><strong>Une b\u00fbche glac\u00e9e<\/strong><\/li>\n<li><strong>Trois b\u00fbches p\u00e2tissi\u00e8res<\/strong>, en longueur, avec le m\u00eame montage que leurs g\u00e2teaux signatures<\/li>\n<\/ul>\n<p>Parmi elles :<\/p>\n<ul class=\"wp-block-list\">\n<li><strong>Vanille, p\u00e9can et caramel<\/strong>, d\u00e9clinaison d\u2019un best-seller de la maison<\/li>\n<li><strong>Tout chocolat<\/strong>, avec biscuit moelleux, croustillant, cr\u00e8me et mousse au chocolat noir, relev\u00e9 d\u2019une <strong>pointe de fleur de sel<\/strong><\/li>\n<li>Une b\u00fbche aux <strong>fruits<\/strong> : compot\u00e9e de fraise, mangue, cr\u00e8me passion et croustillant au riz souffl\u00e9<\/li>\n<\/ul>\n<p>Tout est d\u00e9j\u00e0 visible sur leurs <strong>r\u00e9seaux<\/strong> et leur <strong>site<\/strong>.<\/p>\n<p><strong>Une p\u00e2tisserie sinc\u00e8re, sans triche<\/strong><\/p>\n<p>Avant de se lancer, <strong>Fanny<\/strong> a suivi un <strong>bac scientifique<\/strong>, puis un <strong>CAP p\u00e2tissier en alternance<\/strong>. <strong>C\u00f4me<\/strong>, lui, est pass\u00e9 par <strong>Ferrandi<\/strong>, r\u00e9f\u00e9rence absolue du m\u00e9tier. Autant dire que la technique est l\u00e0, mais toujours au service du go\u00fbt et de la simplicit\u00e9.<\/p>\n<p>Le mot d\u2019ordre ? <strong>Faire de la qualit\u00e9<\/strong>, <strong>tout maison<\/strong>, avec le plus d\u2019<strong>amour possible<\/strong>. Sans storytelling inutile, sans surench\u00e8re. Juste du travail bien fait.<\/p>\n<p><strong>\ud83d\udccd Deux adresses \u00e0 retenir<\/strong><\/p>\n<ul class=\"wp-block-list\">\n<li><strong>Fanny P\u00e2tisserie \u2013 Rouen<\/strong> <strong>46 rue Damiette, 76000 Rouen<\/strong><\/li>\n<li><strong>Fanny P\u00e2tisserie \u2013 Bihorel<\/strong> <strong>34 rue Philibert Caux, 76420 Bihorel<\/strong><\/li>\n<\/ul>\n<p>            <script async src=\"\/\/www.instagram.com\/embed.js\"><\/script><\/p>\n","protected":false},"excerpt":{"rendered":"L\u2019Essentiel Fanny P\u00e2tisserie a ouvert \u00e0 Rouen en octobre Concept : p\u00e2tisserie artisanale 100 % maison, sans achat-revente&hellip;\n","protected":false},"author":2,"featured_media":603356,"comment_status":"","ping_status":"","sticky":false,"template":"","format":"standard","meta":{"footnotes":""},"categories":[9587],"tags":[1111,11,1777,674,1011,27,12,5161,25,9590],"class_list":{"0":"post-603355","1":"post","2":"type-post","3":"status-publish","4":"format-standard","5":"has-post-thumbnail","7":"category-rouen","8":"tag-actu","9":"tag-actualites","10":"tag-eu","11":"tag-europe","12":"tag-fr","13":"tag-france","14":"tag-news","15":"tag-normandie","16":"tag-republique-francaise","17":"tag-rouen"},"share_on_mastodon":{"url":"https:\/\/pubeurope.com\/@fr\/115730283517895860","error":""},"_links":{"self":[{"href":"https:\/\/www.europesays.com\/fr\/wp-json\/wp\/v2\/posts\/603355","targetHints":{"allow":["GET"]}}],"collection":[{"href":"https:\/\/www.europesays.com\/fr\/wp-json\/wp\/v2\/posts"}],"about":[{"href":"https:\/\/www.europesays.com\/fr\/wp-json\/wp\/v2\/types\/post"}],"author":[{"embeddable":true,"href":"https:\/\/www.europesays.com\/fr\/wp-json\/wp\/v2\/users\/2"}],"replies":[{"embeddable":true,"href":"https:\/\/www.europesays.com\/fr\/wp-json\/wp\/v2\/comments?post=603355"}],"version-history":[{"count":0,"href":"https:\/\/www.europesays.com\/fr\/wp-json\/wp\/v2\/posts\/603355\/revisions"}],"wp:featuredmedia":[{"embeddable":true,"href":"https:\/\/www.europesays.com\/fr\/wp-json\/wp\/v2\/media\/603356"}],"wp:attachment":[{"href":"https:\/\/www.europesays.com\/fr\/wp-json\/wp\/v2\/media?parent=603355"}],"wp:term":[{"taxonomy":"category","embeddable":true,"href":"https:\/\/www.europesays.com\/fr\/wp-json\/wp\/v2\/categories?post=603355"},{"taxonomy":"post_tag","embeddable":true,"href":"https:\/\/www.europesays.com\/fr\/wp-json\/wp\/v2\/tags?post=603355"}],"curies":[{"name":"wp","href":"https:\/\/api.w.org\/{rel}","templated":true}]}}