{"id":603357,"date":"2025-12-16T16:52:17","date_gmt":"2025-12-16T16:52:17","guid":{"rendered":"https:\/\/www.europesays.com\/fr\/603357\/"},"modified":"2025-12-16T16:52:17","modified_gmt":"2025-12-16T16:52:17","slug":"rouen-agressions-sexuelles-sur-mineures-un-policier-ecroue","status":"publish","type":"post","link":"https:\/\/www.europesays.com\/fr\/603357\/","title":{"rendered":"Rouen. Agressions sexuelles sur mineures : un policier \u00e9crou\u00e9"},"content":{"rendered":"<p melodystyle=\"texte\">Un policier du commissariat de Rouen a \u00e9t\u00e9 plac\u00e9 en d\u00e9tention provisoire. Il est notamment suspect\u00e9 d&rsquo;agressions sexuelles sur mineures de moins de 15 ans, d&rsquo;apr\u00e8s une communication du parquet d&rsquo;Evreux, lundi 15 d\u00e9cembre. Il aurait \u00e9galement collect\u00e9 et consult\u00e9 des contenus \u00e0 caract\u00e8re p\u00e9dopornographique, dont certains pourraient \u00eatre issus d&rsquo;une proc\u00e9dure suivie par son service. <a href=\"https:\/\/www.tendanceouest.com\/actualite-434733-seine-maritime-un-policier-affecte-au-commissariat-de-rouen-ecroue-pour-agressions-sexuelles-sur-mineures\" target=\"_blank\" rel=\"noopener\">Selon nos confr\u00e8res de Tendance Ouest,<\/a> le fonctionnaire de 51 ans est adjoint au chef de la brigade des atteintes aux personnes, au commissariat de Rouen. Il a \u00e9t\u00e9 interpell\u00e9 le 8 d\u00e9cembre par les enqu\u00eateurs de l&rsquo;IGPN (l&rsquo;Inspection g\u00e9n\u00e9rale de la police nationale) en charge de l&rsquo;enqu\u00eate.<\/p>\n<p>Deux victimes se sont manifest\u00e9es<\/p>\n<p melodystyle=\"texte\">Au c\u0153ur de ce dossier, deux jeunes filles ont d\u00e9nonc\u00e9 les agissements suppos\u00e9s du mis en cause. Ces victimes pr\u00e9sum\u00e9es \u00e9taient amies avec l&rsquo;une des filles du policier, pr\u00e9cise le parquet d&rsquo;Evreux. En juin 2024, une premi\u00e8re adolescente \u00e2g\u00e9e de 17 ans, scolaris\u00e9e au Havre, avait r\u00e9v\u00e9l\u00e9 aupr\u00e8s de l&rsquo;Education nationale des agressions sexuelles qu&rsquo;elle aurait subies, \u00ab\u00a0de la part d&rsquo;un ami de ses parents\u00a0\u00bb, \u00e0 l&rsquo;\u00e9t\u00e9 2019, alors qu&rsquo;elle n&rsquo;avait que 12 ans.<\/p>\n<p>Des contenus p\u00e9dopornographiques issus d&rsquo;une proc\u00e9dure sont retrouv\u00e9s<\/p>\n<p melodystyle=\"texte\">Le parquet g\u00e9n\u00e9ral de Rouen avait d\u00e9pays\u00e9 la proc\u00e9dure au parquet d&rsquo;Evreux, ainsi qu&rsquo;\u00e0 l&rsquo;IGPN. Des premi\u00e8res perquisitions avaient permis de retrouver de nombreux contenus \u00e0 caract\u00e8re p\u00e9dopornographique sur le t\u00e9l\u00e9phone du policier. Il avait \u00e9galement \u00e9t\u00e9 d\u00e9couvert un disque dur \u00ab\u00a0contenant un grand nombre de donn\u00e9es \u00e0 caract\u00e8re p\u00e9dopornographique issues manifestement d&rsquo;une proc\u00e9dure judiciaire trait\u00e9e par le service auquel appartenait le mis en cause, dont la pr\u00e9sence sur ce support paraissait surprenante\u00a0\u00bb, pr\u00e9cise R\u00e9mi Coutin, procureur de la R\u00e9publique \u00e0 Evreux, dans des propos relay\u00e9s par nos confr\u00e8res de Tendance Ouest.<\/p>\n<p melodystyle=\"texte\">En novembre\u00a02025, une deuxi\u00e8me jeune fille, \u00e2g\u00e9e de 13 ans, a \u00e9galement d\u00e9crit des faits d&rsquo;agressions sexuelles et de corruption de mineure visant le m\u00eame homme.<\/p>\n<p melodystyle=\"texte\">Lors de ses auditions, le mis en cause a reconnu une partie des faits rapport\u00e9s par cette seconde jeune fille, mais contest\u00e9 ceux \u00e9nonc\u00e9s par la premi\u00e8re \u00e0 s&rsquo;\u00eatre manifest\u00e9e \u00e0 l&rsquo;\u00e9t\u00e9 2024. Les deux jeunes filles ont indiqu\u00e9 qu&rsquo;elles se rendaient \u00ab\u00a0r\u00e9guli\u00e8rement au domicile\u00a0\u00bb de leur amie dont le p\u00e8re aurait commis ces agissements. Une information judiciaire est ouverte, entre autres, pour agressions sexuelles sur mineures de moins de 15 ans, consultation d&rsquo;images \u00e0 caract\u00e8re p\u00e9dopornographique et d\u00e9tournement de la finalit\u00e9 d&rsquo;un traitement de donn\u00e9es \u00e0 caract\u00e8re personnel.<\/p>\n","protected":false},"excerpt":{"rendered":"Un policier du commissariat de Rouen a \u00e9t\u00e9 plac\u00e9 en d\u00e9tention provisoire. Il est notamment suspect\u00e9 d&rsquo;agressions sexuelles&hellip;\n","protected":false},"author":2,"featured_media":603358,"comment_status":"","ping_status":"","sticky":false,"template":"","format":"standard","meta":{"footnotes":""},"categories":[9587],"tags":[1111,11,1777,674,1011,27,12,5161,25,9590],"class_list":{"0":"post-603357","1":"post","2":"type-post","3":"status-publish","4":"format-standard","5":"has-post-thumbnail","7":"category-rouen","8":"tag-actu","9":"tag-actualites","10":"tag-eu","11":"tag-europe","12":"tag-fr","13":"tag-france","14":"tag-news","15":"tag-normandie","16":"tag-republique-francaise","17":"tag-rouen"},"share_on_mastodon":{"url":"https:\/\/pubeurope.com\/@fr\/115730287670239288","error":""},"_links":{"self":[{"href":"https:\/\/www.europesays.com\/fr\/wp-json\/wp\/v2\/posts\/603357","targetHints":{"allow":["GET"]}}],"collection":[{"href":"https:\/\/www.europesays.com\/fr\/wp-json\/wp\/v2\/posts"}],"about":[{"href":"https:\/\/www.europesays.com\/fr\/wp-json\/wp\/v2\/types\/post"}],"author":[{"embeddable":true,"href":"https:\/\/www.europesays.com\/fr\/wp-json\/wp\/v2\/users\/2"}],"replies":[{"embeddable":true,"href":"https:\/\/www.europesays.com\/fr\/wp-json\/wp\/v2\/comments?post=603357"}],"version-history":[{"count":0,"href":"https:\/\/www.europesays.com\/fr\/wp-json\/wp\/v2\/posts\/603357\/revisions"}],"wp:featuredmedia":[{"embeddable":true,"href":"https:\/\/www.europesays.com\/fr\/wp-json\/wp\/v2\/media\/603358"}],"wp:attachment":[{"href":"https:\/\/www.europesays.com\/fr\/wp-json\/wp\/v2\/media?parent=603357"}],"wp:term":[{"taxonomy":"category","embeddable":true,"href":"https:\/\/www.europesays.com\/fr\/wp-json\/wp\/v2\/categories?post=603357"},{"taxonomy":"post_tag","embeddable":true,"href":"https:\/\/www.europesays.com\/fr\/wp-json\/wp\/v2\/tags?post=603357"}],"curies":[{"name":"wp","href":"https:\/\/api.w.org\/{rel}","templated":true}]}}