{"id":603364,"date":"2025-12-16T16:59:31","date_gmt":"2025-12-16T16:59:31","guid":{"rendered":"https:\/\/www.europesays.com\/fr\/603364\/"},"modified":"2025-12-16T16:59:31","modified_gmt":"2025-12-16T16:59:31","slug":"il-avait-lobligation-de-resider-a-rennes-mais-faisait-le-guetteur-pour-le-trafic-de-drogue-a-alencon","status":"publish","type":"post","link":"https:\/\/www.europesays.com\/fr\/603364\/","title":{"rendered":"Il avait l&rsquo;obligation de r\u00e9sider \u00e0 Rennes, mais faisait le guetteur pour le trafic de drogue \u00e0 Alen\u00e7on"},"content":{"rendered":"<p>                    Par<br \/>\n        <strong><br \/>\n            <a href=\"https:\/\/actu.fr\/auteur\/journaliste-oh\" title=\"Consulter tous les articles de R\u00e9daction Alen\u00e7on\" target=\"_blank\" rel=\"noopener\">R\u00e9daction Alen\u00e7on<\/a><br \/>\n                    <\/strong><\/p>\n<p>        Publi\u00e9 le<\/p>\n<p>            16 d\u00e9c. 2025 \u00e0 17h00        <\/p>\n<p>Un homme de 22\u00a0ans qui \u00e9tait assign\u00e9 \u00e0 r\u00e9sidence \u00e0 Rennes a \u00e9t\u00e9 condamn\u00e9 par le <a href=\"https:\/\/actu.fr\/tag\/tribunal-d-alencon\" target=\"_blank\" rel=\"noopener\">tribunal correctionnel d\u2019Alen\u00e7on<\/a> (Orne), jeudi 11\u00a0d\u00e9cembre 2025, \u00e0 <b>six mois de prison avec sursis<\/b>.<\/p>\n<p class=\" wall-content\">Malgr\u00e9 son obligation de rester en Bretagne, il avait \u00e9t\u00e9 arr\u00eat\u00e9 dans la ville pr\u00e9fecture de l\u2019Orne \u00e0 trois reprises en l\u2019espace d\u2019un mois, notamment dans le <a href=\"https:\/\/actu.fr\/tag\/perseigne\" target=\"_blank\" rel=\"noopener\">quartier de Perseigne<\/a>, o\u00f9 il endossait le r\u00f4le de <b>guetteur pour les trafiquants de drogue<\/b>.<\/p>\n<p>Guetteur pour le trafic de drogue<\/p>\n<p class=\" wall-content\">Le 14\u00a0septembre 2025, dans la matin\u00e9e, les policiers ont \u00e9t\u00e9 accueillis dans le quartier de Perseigne par des \u00ab\u2009Ara\u2009\u00bb, un <b>cri d\u2019avertissement<\/b> destin\u00e9 aux <b>trafiquants de drogue<\/b> pour pr\u00e9venir de l\u2019arriv\u00e9e des forces de l\u2019ordre.<\/p>\n<p class=\" wall-content\">Ces \u00ab\u2009alertes\u2009\u00bb provenaient de trois individus fuyant une entr\u00e9e de la tour Pascal, connue pour abriter <a href=\"https:\/\/actu.fr\/normandie\/alencon_61001\/nouvelle-operation-antidrogue-avec-controles-des-points-de-deal-dans-le-quartier-de-perseigne-a-alencon_63395194.html\" target=\"_blank\" rel=\"noopener\">des points de deal<\/a>.<\/p>\n<p class=\" wall-content\">L\u2019un d\u2019entre eux, interpell\u00e9 par les fonctionnaires, s\u2019est r\u00e9v\u00e9l\u00e9 \u00eatre assign\u00e9 \u00e0 r\u00e9sidence \u00e0 Rennes, le ressortissant tunisien faisant l\u2019objet d\u2019une <b>obligation de quitter le territoire fran\u00e7ais<\/b>.<\/p>\n<p class=\" wall-content\">Aux policiers, il avait refus\u00e9 de communiquer les codes d\u2019acc\u00e8s de son t\u00e9l\u00e9phone et d\u2019expliquer l\u2019origine des cl\u00e9s d\u2019appartement qu\u2019il avait jet\u00e9 en tentant de prendre la fuite.<\/p>\n<p>D\u00e9gradations<\/p>\n<p class=\" wall-content\">Quatre jours plus tard, le 18\u00a0septembre, le m\u00eame homme avait \u00e9t\u00e9 arr\u00eat\u00e9 dans les\u00a0<b>m\u00eames circonstances<\/b>.<\/p>\n<p>Votre r\u00e9gion, votre actu !<\/p>\n<p>Recevez chaque jour les infos qui comptent pour vous.<\/p>\n<p>\t<a href=\"https:\/\/actu.fr\/newsletter\" class=\"ac-btn ac-btn--corner ac-btn--medium ac-btn--blue800\" target=\"_blank\" rel=\"noopener\">S&rsquo;incrire<\/a><\/p>\n<p class=\" wall-content\">Puis, le 19\u00a0octobre, il avait \u00e9t\u00e9 surpris \u00e0 4\u2009h\u200915 du matin en\u00a0<b>\u00e9tat d\u2019ivresse<\/b>\u00a0sur la voie publique. Il avait \u00e9t\u00e9 plac\u00e9 en garde \u00e0 vue alors qu\u2019il venait de\u00a0<b>d\u00e9grader les feux et le pare-brise<\/b>\u00a0de deux v\u00e9hicules \u00e0 Alen\u00e7on.<\/p>\n<p>Pas coop\u00e9ratif avec la police car \u00ab\u2009menac\u00e9\u2009\u00bb<\/p>\n<p class=\" wall-content\">Au cours de ses diff\u00e9rentes auditions, celui qui justifie sa pr\u00e9sence en France par le \u00ab\u2009besoin de travailler\u2009\u00bb avait pr\u00e9cis\u00e9 avoir r\u00e9pondu \u00e0 une annonce sur internet pour se rendre sur le point de deal.<\/p>\n<p class=\" wall-content\">S\u2019il a<b> refus\u00e9 de dire<\/b> \u00e0 qui appartenaient les cl\u00e9s dont il s\u2019\u00e9tait d\u00e9barrass\u00e9 lors de sa premi\u00e8re arrestation et les codes de son t\u00e9l\u00e9phone, c\u2019est <b>parce qu\u2019il se dit \u00ab\u2009menac\u00e9\u2009\u00bb<\/b>.<\/p>\n<p class=\" wall-content\">Le jeune majeur nie par ailleurs toute d\u00e9gradation de v\u00e9hicules, malgr\u00e9 le t\u00e9moignage d\u2019une personne le mettant en cause.<\/p>\n<p>Interdit de para\u00eetre en France<\/p>\n<p class=\" wall-content\">H\u00e9l\u00e8ne Tardif, la substitute de la procureure d\u2019Alen\u00e7on, a pr\u00e9cis\u00e9 au tribunal que le pr\u00e9venu faisait l\u2019objet de <b>deux arr\u00eat\u00e9s pr\u00e9fectoraux<\/b> et avait bien eu connaissance de son <b>assignation \u00e0 r\u00e9sidence<\/b> puisque celle-ci lui \u00e9tait r\u00e9guli\u00e8rement notifi\u00e9e.<\/p>\n<p class=\" wall-content\">Elle a rappel\u00e9 que, lors de sa premi\u00e8re <b>interpellation<\/b>, il avait tent\u00e9 de fournir une <b>fausse identit\u00e9<\/b> aux enqu\u00eateurs et qu\u2019il avait \u00e9t\u00e9 interpell\u00e9 dans le cadre d\u2019une \u00ab\u2009s\u00e9curisation de point de deal\u2009\u00bb.<\/p>\n<p class=\" wall-content\">Le tribunal a suivi les <b>r\u00e9quisitions du Parquet<\/b>. Il a \u00e9galement <b>interdiction de para\u00eetre <\/b>sur le territoire fran\u00e7ais pendant cinq ans.<\/p>\n<p class=\" wall-content\">Personnalisez votre actualit\u00e9 en ajoutant vos villes et m\u00e9dias en favori avec <a href=\"https:\/\/moncompte.actu.fr\" title=\"D\u00e9couvez Mon Actu\" rel=\"nofollow noopener\" data-trk=\"{&quot;cta&quot;:{&quot;action&quot;:&quot;https:\\\/\\\/moncompte.actu.fr&quot;,&quot;category&quot;:&quot;mon compte&quot;,&quot;from&quot;:&quot;article footer&quot;,&quot;name&quot;:&quot;Mon actu&quot;,&quot;type&quot;:&quot;cta&quot;}}\" target=\"_blank\">Mon Actu<\/a>.<\/p>\n","protected":false},"excerpt":{"rendered":"Par R\u00e9daction Alen\u00e7on Publi\u00e9 le 16 d\u00e9c. 2025 \u00e0 17h00 Un homme de 22\u00a0ans qui \u00e9tait assign\u00e9 \u00e0&hellip;\n","protected":false},"author":2,"featured_media":603365,"comment_status":"","ping_status":"","sticky":false,"template":"","format":"standard","meta":{"footnotes":""},"categories":[2821],"tags":[1111,11,829,61353,1052,1777,674,118,1011,27,12,71564,584,25],"class_list":{"0":"post-603364","1":"post","2":"type-post","3":"status-publish","4":"format-standard","5":"has-post-thumbnail","7":"category-rennes","8":"tag-actu","9":"tag-actualites","10":"tag-bretagne","11":"tag-communaute-urbaine-dalencon","12":"tag-drogue","13":"tag-eu","14":"tag-europe","15":"tag-faits-divers","16":"tag-fr","17":"tag-france","18":"tag-news","19":"tag-perseigne","20":"tag-rennes","21":"tag-republique-francaise"},"share_on_mastodon":{"url":"https:\/\/pubeurope.com\/@fr\/115730315060681511","error":""},"_links":{"self":[{"href":"https:\/\/www.europesays.com\/fr\/wp-json\/wp\/v2\/posts\/603364","targetHints":{"allow":["GET"]}}],"collection":[{"href":"https:\/\/www.europesays.com\/fr\/wp-json\/wp\/v2\/posts"}],"about":[{"href":"https:\/\/www.europesays.com\/fr\/wp-json\/wp\/v2\/types\/post"}],"author":[{"embeddable":true,"href":"https:\/\/www.europesays.com\/fr\/wp-json\/wp\/v2\/users\/2"}],"replies":[{"embeddable":true,"href":"https:\/\/www.europesays.com\/fr\/wp-json\/wp\/v2\/comments?post=603364"}],"version-history":[{"count":0,"href":"https:\/\/www.europesays.com\/fr\/wp-json\/wp\/v2\/posts\/603364\/revisions"}],"wp:featuredmedia":[{"embeddable":true,"href":"https:\/\/www.europesays.com\/fr\/wp-json\/wp\/v2\/media\/603365"}],"wp:attachment":[{"href":"https:\/\/www.europesays.com\/fr\/wp-json\/wp\/v2\/media?parent=603364"}],"wp:term":[{"taxonomy":"category","embeddable":true,"href":"https:\/\/www.europesays.com\/fr\/wp-json\/wp\/v2\/categories?post=603364"},{"taxonomy":"post_tag","embeddable":true,"href":"https:\/\/www.europesays.com\/fr\/wp-json\/wp\/v2\/tags?post=603364"}],"curies":[{"name":"wp","href":"https:\/\/api.w.org\/{rel}","templated":true}]}}