{"id":603374,"date":"2025-12-16T17:05:21","date_gmt":"2025-12-16T17:05:21","guid":{"rendered":"https:\/\/www.europesays.com\/fr\/603374\/"},"modified":"2025-12-16T17:05:21","modified_gmt":"2025-12-16T17:05:21","slug":"le-forum-du-benevolat-se-deroulera-en-janvier","status":"publish","type":"post","link":"https:\/\/www.europesays.com\/fr\/603374\/","title":{"rendered":"Le forum du b\u00e9n\u00e9volat se d\u00e9roulera en janvier"},"content":{"rendered":"<p>                            <strong>La 25\u00e8me \u00e9dition du forum du b\u00e9n\u00e9volat en Loire-Atlantique se d\u00e9roulera les vendredi 23 et samedi 24 janvier 2026.<\/strong><\/p>\n<p class=\"p1\">70 associations seront pr\u00e9sentes lors de cette \u00e9dition qui sera consacr\u00e9e \u00e0 la recherche de b\u00e9n\u00e9voles \u00ab\u00a0plus que jamais, la ressource b\u00e9n\u00e9vole est un sujet au coeur des pr\u00e9occupations des associations\u00a0\u00bb pr\u00e9cise <strong><a href=\"https:\/\/hellogazettenantes.fr\/forum-du-benevolat-axe-sur-linclusion-a-nantes-fin-janvier\/\" target=\"_blank\" rel=\"noopener\">France B\u00e9n\u00e9volat<\/a><\/strong> Loire-Atlantique par voie de communiqu\u00e9 de presse. Des associations qui seront pr\u00e9sentes pour \u00ab\u00a0se faire conna\u00eetre et mettre en avant leurs actions\u00a0\u00bb pr\u00e9cise France B\u00e9n\u00e9volat qui accompagne au quotidien les associations et b\u00e9n\u00e9voles, en aidant notamment \u00e0 la mise en relation des personnes aupr\u00e8s des associations.<\/p>\n<p class=\"p1\">Selon l\u2019antenne locale, le b\u00e9n\u00e9volat repr\u00e9sente en Loire-Atlantique 27 500 associations, 270 000 b\u00e9n\u00e9voles dont 115 000 \u00e0 120 000 r\u00e9guliers. Lors de cet \u00e9v\u00e8nement des ateliers et conf\u00e9rences seront organis\u00e9s permettant \u00e0 chacun(e) de trouver la mission qui lui convient.<\/p>\n<p class=\"p1\" style=\"text-align: center;\">Informations compl\u00e9mentaires :<\/p>\n<p class=\"p1\" style=\"text-align: center;\">De 14 heures \u00e0 18 heures le vendredi.<\/p>\n<p class=\"p1\" style=\"text-align: center;\">De 10 heures \u00e0 17h30 le samedi.<\/p>\n<p class=\"p1\" style=\"text-align: center;\">La MANU, 10, bis boulevard Stalingrad \u00e0 Nantes.<\/p>\n<p><img decoding=\"async\" alt=\"Advertisement\" src=\"data:image\/svg+xml,%3Csvg%20xmlns=\" http:=\"\" data-lazy-src=\"https:\/\/www.europesays.com\/fr\/wp-content\/uploads\/2025\/04\/Application-mobile-hello-gazette-nantes.gif\"\/><\/p>\n","protected":false},"excerpt":{"rendered":"La 25\u00e8me \u00e9dition du forum du b\u00e9n\u00e9volat en Loire-Atlantique se d\u00e9roulera les vendredi 23 et samedi 24 janvier&hellip;\n","protected":false},"author":2,"featured_media":462074,"comment_status":"","ping_status":"","sticky":false,"template":"","format":"standard","meta":{"footnotes":""},"categories":[2818],"tags":[1111,11,1777,674,1011,27,766,12,2636,25],"class_list":{"0":"post-603374","1":"post","2":"type-post","3":"status-publish","4":"format-standard","5":"has-post-thumbnail","7":"category-nantes","8":"tag-actu","9":"tag-actualites","10":"tag-eu","11":"tag-europe","12":"tag-fr","13":"tag-france","14":"tag-nantes","15":"tag-news","16":"tag-pays-de-la-loire","17":"tag-republique-francaise"},"share_on_mastodon":{"url":"https:\/\/pubeurope.com\/@fr\/115730338596030635","error":""},"_links":{"self":[{"href":"https:\/\/www.europesays.com\/fr\/wp-json\/wp\/v2\/posts\/603374","targetHints":{"allow":["GET"]}}],"collection":[{"href":"https:\/\/www.europesays.com\/fr\/wp-json\/wp\/v2\/posts"}],"about":[{"href":"https:\/\/www.europesays.com\/fr\/wp-json\/wp\/v2\/types\/post"}],"author":[{"embeddable":true,"href":"https:\/\/www.europesays.com\/fr\/wp-json\/wp\/v2\/users\/2"}],"replies":[{"embeddable":true,"href":"https:\/\/www.europesays.com\/fr\/wp-json\/wp\/v2\/comments?post=603374"}],"version-history":[{"count":0,"href":"https:\/\/www.europesays.com\/fr\/wp-json\/wp\/v2\/posts\/603374\/revisions"}],"wp:featuredmedia":[{"embeddable":true,"href":"https:\/\/www.europesays.com\/fr\/wp-json\/wp\/v2\/media\/462074"}],"wp:attachment":[{"href":"https:\/\/www.europesays.com\/fr\/wp-json\/wp\/v2\/media?parent=603374"}],"wp:term":[{"taxonomy":"category","embeddable":true,"href":"https:\/\/www.europesays.com\/fr\/wp-json\/wp\/v2\/categories?post=603374"},{"taxonomy":"post_tag","embeddable":true,"href":"https:\/\/www.europesays.com\/fr\/wp-json\/wp\/v2\/tags?post=603374"}],"curies":[{"name":"wp","href":"https:\/\/api.w.org\/{rel}","templated":true}]}}