{"id":603375,"date":"2025-12-16T17:07:40","date_gmt":"2025-12-16T17:07:40","guid":{"rendered":"https:\/\/www.europesays.com\/fr\/603375\/"},"modified":"2025-12-16T17:07:40","modified_gmt":"2025-12-16T17:07:40","slug":"les-enfants-etaient-proches-de-moi","status":"publish","type":"post","link":"https:\/\/www.europesays.com\/fr\/603375\/","title":{"rendered":"\u00ab les enfants \u00e9taient proches de moi \u00bb"},"content":{"rendered":"<p>                    Par<br \/>\n        <strong><br \/>\n            <a href=\"https:\/\/actu.fr\/auteur\/thomas-bernard\" title=\"Consulter tous les articles de Thomas Bernard\" target=\"_blank\" rel=\"noopener\">Thomas Bernard<\/a><br \/>\n                    <\/strong><\/p>\n<p>        Publi\u00e9 le<\/p>\n<p>            16 d\u00e9c. 2025 \u00e0 17h00        <\/p>\n<p>Ce 16\u00a0d\u00e9cembre 2025, les d\u00e9bats ont repris dans la salle d\u2019audience du tribunal correctionnel de Nantes, <a href=\"https:\/\/actu.fr\/pays-de-la-loire\/nantes_44109\/agressions-sexuelles-sur-des-enfants-un-ex-animateur-periscolaire-juge-a-nantes_63580897.html\" target=\"_blank\" rel=\"noopener\">au deuxi\u00e8me jour du proc\u00e8s de l\u2019ancien animateur p\u00e9riscolaire de Rez\u00e9<\/a>, jug\u00e9 pour des<b> faits d\u2019agressions sexuelles sur treize enfants \u00e2g\u00e9s de 3 \u00e0 6\u00a0ans<\/b>, entre septembre\u00a02017 et mars\u00a02019. Ce mardi matin, la pr\u00e9sidente du tribunal a proc\u00e9d\u00e9 \u00e0 la lecture des t\u00e9moignages de ses anciens coll\u00e8gues.<\/p>\n<p>\u00ab\u2009Il \u00e9tait trop proche des enfants\u2009\u00bb<\/p>\n<p class=\" wall-content\">Les r\u00e9v\u00e9lations des faits d\u2019agressions sexuelles dans les \u00e9coles Ouche-Dinier et Ch\u00eane-Creux de Rez\u00e9 ont fait l\u2019effet d\u2019une bombe au sein de la communaut\u00e9 \u00e9ducative, dont certains membres confient \u00eatre \u00ab\u2009tomb\u00e9s des nues\u2009\u00bb.<\/p>\n<p class=\" wall-content\">Pour rappel,<b> 22 signalements ont \u00e9t\u00e9 adress\u00e9s au procureur de la R\u00e9publique de Nantes en 2019<\/b>. Baisers, attouchements sexuels, caresses et \u00ab\u2009secrets\u2009\u00bb sont cit\u00e9s lors de l\u2019instruction.<\/p>\n<p class=\" wall-content\">Dans leurs t\u00e9moignages, des anciens coll\u00e8gues le d\u00e9crivent comme une personne \u00ab\u2009gentille et attentionn\u00e9e avec les enfants\u2009\u00bb. \u00ab\u2009On trouvait qu\u2019il \u00e9tait trop proche des enfants mais on n\u2019a rien remarqu\u00e9 de particulier\u2009\u00bb, explique une ancienne sup\u00e9rieure hi\u00e9rarchique. Des remarques d\u00e9plac\u00e9es ou le comportement tactile de l\u2019homme sont signal\u00e9s lors des auditions, comme des c\u00e2lins ou de faire asseoir les petites filles sur ses genoux.<\/p>\n<p class=\" wall-content\">Tous les coll\u00e8gues notent une<b> tr\u00e8s grande proximit\u00e9 entre le pr\u00e9venu et les enfants<\/b>. Certains coll\u00e8gues s\u2019\u00e9taient plaints du p\u00e8re de famille car ce dernier pr\u00e9f\u00e9rait \u00ab\u2009passer du temps avec les enfants plut\u00f4t que de ranger\u2009\u00bb.<\/p>\n<p class=\" wall-content\">Lors de la lecture des t\u00e9moignages, la pr\u00e9sidente du tribunal rapporte \u00e0 l\u2019accus\u00e9 son attitude \u00ab\u2009collante\u2009\u00bb avec des enfants, en particulier des petites filles.<\/p>\n<p class=\" wall-content\">\u00ab\u2009Les enfants \u00e9taient tr\u00e8s proches de moi. <b>Je ne collais pas les enfants, ce sont les enfants qui \u00e9taient proches de moi\u2009\u00bb<\/b>, r\u00e9pond l\u2019homme, bient\u00f4t \u00e2g\u00e9 de 61\u00a0ans.<\/p>\n<p>Votre r\u00e9gion, votre actu !<\/p>\n<p>Recevez chaque jour les infos qui comptent pour vous.<\/p>\n<p>\t<a href=\"https:\/\/actu.fr\/newsletter\" class=\"ac-btn ac-btn--corner ac-btn--medium ac-btn--blue800\" target=\"_blank\" rel=\"noopener\">S&rsquo;incrire<\/a><br \/>\n\u00ab\u2009Maladresse\u2009\u00bb<\/p>\n<p class=\" wall-content\">\u00c0 l\u2019instar de la veille, l\u2019homme r\u00e9fute les accusations. Apr\u00e8s une reconversion professionnelle, le sexag\u00e9naire a obtenu son Bafa dans la petite enfance. Lors de cette formation, le pr\u00e9venu indique qu\u2019on ne lui a <b>\u00ab\u2009jamais expliqu\u00e9 le danger d\u2019\u00eatre un homme dans la petite enfance\u2009\u00bb<\/b>.<\/p>\n<p class=\" wall-content\">Pour la premi\u00e8re fois depuis le d\u00e9but, le sexag\u00e9naire a reconnu \u00ab\u2009des maladresses\u2009\u00bb dans son comportement professionnel. \u00ab\u2009Je remets en question ma posture et mes gestes pour ma profession\u2009\u00bb, a-t-il d\u00e9clar\u00e9.<\/p>\n<p class=\" wall-content\">Anne Bouillon, avocate de la Ville de Rez\u00e9, a interrog\u00e9 l\u2019accus\u00e9 sur sa posture professionnelle avec les enfants. \u00ab\u2009J\u2019ai jamais pens\u00e9 que j\u2019\u00e9tais un danger pour les enfants\u2009\u00bb, a r\u00e9pondu l\u2019homme.<\/p>\n<p class=\" wall-content\">Particuli\u00e8rement bavard depuis le d\u00e9but des d\u00e9bats, l\u2019ancien animateur p\u00e9riscolaire a \u00e9t\u00e9 moins prolixe lorsque le procureur lui a demand\u00e9 s\u2019il s\u2019\u00e9tait questionn\u00e9 sur \u00ab\u2009son attirance pour les enfants\u2009\u00bb.<\/p>\n<p class=\" wall-content\">Par ses questions \u00e0 son client, l\u2019avocat de la D\u00e9fense a mis en exergue l\u2019enfance du sexag\u00e9naire qui explique \u00ab\u2009une recherche constante d\u2019affection\u2009\u00bb.<\/p>\n<p class=\" wall-content\">Ce mardi, le proc\u00e8s se poursuit avec le t\u00e9moignage des parents \u00e0 la barre.<\/p>\n<p class=\" wall-content\">Personnalisez votre actualit\u00e9 en ajoutant vos villes et m\u00e9dias en favori avec <a href=\"https:\/\/moncompte.actu.fr\" title=\"D\u00e9couvez Mon Actu\" rel=\"nofollow noopener\" data-trk=\"{&quot;cta&quot;:{&quot;action&quot;:&quot;https:\\\/\\\/moncompte.actu.fr&quot;,&quot;category&quot;:&quot;mon compte&quot;,&quot;from&quot;:&quot;article footer&quot;,&quot;name&quot;:&quot;Mon actu&quot;,&quot;type&quot;:&quot;cta&quot;}}\" target=\"_blank\">Mon Actu<\/a>.<\/p>\n","protected":false},"excerpt":{"rendered":"Par Thomas Bernard Publi\u00e9 le 16 d\u00e9c. 2025 \u00e0 17h00 Ce 16\u00a0d\u00e9cembre 2025, les d\u00e9bats ont repris dans&hellip;\n","protected":false},"author":2,"featured_media":603376,"comment_status":"","ping_status":"","sticky":false,"template":"","format":"standard","meta":{"footnotes":""},"categories":[2818],"tags":[1111,11,1777,674,118,1011,27,303,766,12,2636,874,25,10206],"class_list":{"0":"post-603375","1":"post","2":"type-post","3":"status-publish","4":"format-standard","5":"has-post-thumbnail","7":"category-nantes","8":"tag-actu","9":"tag-actualites","10":"tag-eu","11":"tag-europe","12":"tag-faits-divers","13":"tag-fr","14":"tag-france","15":"tag-justice","16":"tag-nantes","17":"tag-news","18":"tag-pays-de-la-loire","19":"tag-pedophilie","20":"tag-republique-francaise","21":"tag-tribunal-de-nantes"},"share_on_mastodon":{"url":"https:\/\/pubeurope.com\/@fr\/115730346831238890","error":""},"_links":{"self":[{"href":"https:\/\/www.europesays.com\/fr\/wp-json\/wp\/v2\/posts\/603375","targetHints":{"allow":["GET"]}}],"collection":[{"href":"https:\/\/www.europesays.com\/fr\/wp-json\/wp\/v2\/posts"}],"about":[{"href":"https:\/\/www.europesays.com\/fr\/wp-json\/wp\/v2\/types\/post"}],"author":[{"embeddable":true,"href":"https:\/\/www.europesays.com\/fr\/wp-json\/wp\/v2\/users\/2"}],"replies":[{"embeddable":true,"href":"https:\/\/www.europesays.com\/fr\/wp-json\/wp\/v2\/comments?post=603375"}],"version-history":[{"count":0,"href":"https:\/\/www.europesays.com\/fr\/wp-json\/wp\/v2\/posts\/603375\/revisions"}],"wp:featuredmedia":[{"embeddable":true,"href":"https:\/\/www.europesays.com\/fr\/wp-json\/wp\/v2\/media\/603376"}],"wp:attachment":[{"href":"https:\/\/www.europesays.com\/fr\/wp-json\/wp\/v2\/media?parent=603375"}],"wp:term":[{"taxonomy":"category","embeddable":true,"href":"https:\/\/www.europesays.com\/fr\/wp-json\/wp\/v2\/categories?post=603375"},{"taxonomy":"post_tag","embeddable":true,"href":"https:\/\/www.europesays.com\/fr\/wp-json\/wp\/v2\/tags?post=603375"}],"curies":[{"name":"wp","href":"https:\/\/api.w.org\/{rel}","templated":true}]}}