{"id":603381,"date":"2025-12-16T17:10:11","date_gmt":"2025-12-16T17:10:11","guid":{"rendered":"https:\/\/www.europesays.com\/fr\/603381\/"},"modified":"2025-12-16T17:10:11","modified_gmt":"2025-12-16T17:10:11","slug":"avec-une-dsp-prolongee-un-grand-marche-qui-se-projette-au-moins-jusquen-2046","status":"publish","type":"post","link":"https:\/\/www.europesays.com\/fr\/603381\/","title":{"rendered":"Avec une DSP prolong\u00e9e, un Grand March\u00e9 qui se projette au moins jusqu&rsquo;en 2046"},"content":{"rendered":"<p>Le projet strat\u00e9gique du <a href=\"https:\/\/www.touleco.fr\/Le-Grand-Marche-veut-continuer-a-s-imposer-dans-un-monde-en,44731\" class=\"spip_in\" target=\"_blank\" rel=\"noopener\">Grand March\u00e9<\/a> va s\u2019inscrire dans le temps long. En octobre, Toulouse M\u00e9tropole a en effet prolong\u00e9 de sept ann\u00e9es suppl\u00e9mentaires le contrat de d\u00e9l\u00e9gation de service public (DSP) de 22 ans conclu en 2017 avec la soci\u00e9t\u00e9 Lumin\u2019Toulouse, qui exploite le march\u00e9 d\u2019int\u00e9r\u00eat national de Toulouse. L\u2019exploitant actuel devrait donc veiller aux destin\u00e9es du Grand March\u00e9 jusqu\u2019en 2046. De quoi permettre \u00e0 <a href=\"https:\/\/www.touleco.fr\/Maguelone-Pontier-Grand-Marche-de-Toulouse-Le-feminisme-est-un,42625\" class=\"spip_in\" target=\"_blank\" rel=\"noopener\">Maguelone Pontier<\/a>, la directrice du Grand March\u00e9, d\u2019annoncer officiellement le lancement d\u2019un projet d\u2019extension. Le Min toulousain va acqu\u00e9rir, via Toulouse M\u00e9tropole, une parcelle de 2,8 hectares avenue des \u00c9tats-Unis pour accueillir des entrep\u00f4ts de logistique et des bureaux et deux parcelles avenue de Fronton, qui accueilleront notamment \u00ab\u00a0un dispositif d\u00e9di\u00e9 au v\u00e9g\u00e9tal et au climat\u00a0\u00bb dont les contours seront r\u00e9v\u00e9l\u00e9s mi-2026.<\/p>\n<p>\u00ab\u00a0Nous allons conna\u00eetre une extension fonci\u00e8re de 16\u00a0%. C\u2019est un tournant tr\u00e8s important. Pour la transformation de ces parcelles, le Grand March\u00e9 va investir 25 millions d\u2019euros. Ses locataires devraient investir tout autant. Les travaux vont d\u00e9buter normalement fin 2028-d\u00e9but 2029. D\u2019ici la fin de la DSP, on devrait investir environ 64 millions d\u2019euros pour faire \u00e9voluer le Grand March\u00e9. Depuis 2017, nous avons investi 19 millions d\u2019euros\u00a0\u00bb, d\u00e9taille Maguelone Pontier.<\/p>\n<p>\u00ab\u00a0Notre strat\u00e9gie de diversification volontariste a port\u00e9 ses fruits\u00a0\u00bb<\/p>\n<p>Pour l\u2019\u00e9quipe qui exploite le march\u00e9 d\u2019int\u00e9r\u00eat national toulousain, prolongation et extension \u00ab\u00a0montrent le succ\u00e8s de la strat\u00e9gie\u00a0\u00bb lanc\u00e9e il y a huit ans. \u00ab\u00a0On conna\u00eet une croissance soutenue depuis 2017. On doit s\u2019\u00e9tendre face aux demandes importantes des professionnels. Notre strat\u00e9gie de diversification volontariste a port\u00e9 ses fruits. Malgr\u00e9 les crises multiples que traversent l\u2019agriculture et l\u2019agroalimentaire, nous sommes innovants et nous attirons. L\u2019extension est aussi n\u00e9cessaire dans un contexte de dynamique d\u00e9mographique forte de la m\u00e9tropole toulousaine\u00a0\u00bb,  reconna\u00eet la directrice. En huit ans, le Grand March\u00e9 aurait accueilli 57\u00a0% de nouvelles entreprises et 36\u00a0% d\u2019acheteurs en plus. Le Min revendique \u00e9galement une augmentation de chiffre d\u2019affaires g\u00e9n\u00e9r\u00e9 par les entreprises et producteurs accueillis de l\u2019ordre de 70\u00a0%.<\/p>\n<p>\u00ab\u00a0En 2024, nous avons accueilli 233 entreprises, 263 producteurs et 4430 acheteurs. C\u2019est mieux qu\u2019en 2023, o\u00f9 nous avions 223 entreprises, 238 producteurs et 4372 acheteurs. Nos entreprises locataires et nos producteurs ont g\u00e9n\u00e9r\u00e9 un chiffre d\u2019affaires global de l\u2019ordre de 566 millions d\u2019euros\u00a0\u00bb, d\u00e9crit Sonia Dumora Jouanolou, responsable marketing et communication du Grand March\u00e9.<\/p>\n<p>Le march\u00e9 d\u2019int\u00e9r\u00eat national annonce enfin quelques nouveaut\u00e9s plus imm\u00e9diates, pour l\u2019ann\u00e9e 2026 qui se rapproche \u00e0 grand pas. L\u2019installation de la cuisine centrale pour la restauration bio en cr\u00e8che Petibio, initi\u00e9e en 2025, est annonc\u00e9e fin 2026. <a href=\"https:\/\/www.touleco.fr\/Au-Grand-Marche-un-FoodLab-pour-plancher-sur-l-alimentation-du,43567\" class=\"spip_in\" target=\"_blank\" rel=\"noopener\">Le Foodlab<\/a>, inaugur\u00e9 en 2024, va lui s\u2019agrandir et se doter dans les mois qui viennent d\u2019une cuisine suppl\u00e9mentaire. Enfin, est annonc\u00e9 un festival de musique en partenariat avec le Rose Festival de <a href=\"https:\/\/www.touleco.fr\/Bigflo-Oli-les-deux-petits-princes-toulousain-du-rap,13995\" class=\"spip_in\" target=\"_blank\" rel=\"noopener\">Bigflo et Oli<\/a> et le groupe La D\u00e9p\u00eache du Midi. \u00ab\u00a0Il devrait faire du bruit, dans tous le sens du terme\u00a0\u00bb, promet avec le sourire Maguelone Pontier. <br class=\"autobr\"\/><br \/>\nMatthias Hardoy  <\/p>\n<p>Sur la photo\u00a0: Cet automne, la directrice du Grand March\u00e9 Maguelone Pontier et Laura Palous, responsable commerciale du Grand March\u00e9 <a href=\"https:\/\/www.touleco.fr\/Pourquoi-le-Grand-Marche-ouvre-son-carre-aux-agriculteurs-de,48653\" class=\"spip_in\" target=\"_blank\" rel=\"noopener\">font visiter le march\u00e9 d\u2019int\u00e9r\u00eat national \u00e0 Bernard Bagn\u00e9ris<\/a>, vice-pr\u00e9sident \u00e0 l\u2019Agriculture durable, aux circuits courts et \u00e0 l\u2019agroalimentation au Conseil d\u00e9partemental de Haute-Garonne. Cr\u00e9dit\u00a0: H\u00e9l\u00e8ne Ressayres-Toul\u00c9co. <\/p>\n","protected":false},"excerpt":{"rendered":"Le projet strat\u00e9gique du Grand March\u00e9 va s\u2019inscrire dans le temps long. En octobre, Toulouse M\u00e9tropole a en&hellip;\n","protected":false},"author":2,"featured_media":603382,"comment_status":"","ping_status":"","sticky":false,"template":"","format":"standard","meta":{"footnotes":""},"categories":[2816],"tags":[1111,11,327,10161,5825,1777,674,1011,27,59220,2726,12,2680,25,2312],"class_list":{"0":"post-603381","1":"post","2":"type-post","3":"status-publish","4":"format-standard","5":"has-post-thumbnail","7":"category-toulouse","8":"tag-actu","9":"tag-actualites","10":"tag-agriculture","11":"tag-agriculture-biologique","12":"tag-agroalimentaire","13":"tag-eu","14":"tag-europe","15":"tag-fr","16":"tag-france","17":"tag-grand-marche-ex-min-de-toulouse","18":"tag-logistique","19":"tag-news","20":"tag-occitanie","21":"tag-republique-francaise","22":"tag-toulouse"},"share_on_mastodon":{"url":"https:\/\/pubeurope.com\/@fr\/115730358473149475","error":""},"_links":{"self":[{"href":"https:\/\/www.europesays.com\/fr\/wp-json\/wp\/v2\/posts\/603381","targetHints":{"allow":["GET"]}}],"collection":[{"href":"https:\/\/www.europesays.com\/fr\/wp-json\/wp\/v2\/posts"}],"about":[{"href":"https:\/\/www.europesays.com\/fr\/wp-json\/wp\/v2\/types\/post"}],"author":[{"embeddable":true,"href":"https:\/\/www.europesays.com\/fr\/wp-json\/wp\/v2\/users\/2"}],"replies":[{"embeddable":true,"href":"https:\/\/www.europesays.com\/fr\/wp-json\/wp\/v2\/comments?post=603381"}],"version-history":[{"count":0,"href":"https:\/\/www.europesays.com\/fr\/wp-json\/wp\/v2\/posts\/603381\/revisions"}],"wp:featuredmedia":[{"embeddable":true,"href":"https:\/\/www.europesays.com\/fr\/wp-json\/wp\/v2\/media\/603382"}],"wp:attachment":[{"href":"https:\/\/www.europesays.com\/fr\/wp-json\/wp\/v2\/media?parent=603381"}],"wp:term":[{"taxonomy":"category","embeddable":true,"href":"https:\/\/www.europesays.com\/fr\/wp-json\/wp\/v2\/categories?post=603381"},{"taxonomy":"post_tag","embeddable":true,"href":"https:\/\/www.europesays.com\/fr\/wp-json\/wp\/v2\/tags?post=603381"}],"curies":[{"name":"wp","href":"https:\/\/api.w.org\/{rel}","templated":true}]}}