{"id":603383,"date":"2025-12-16T17:11:22","date_gmt":"2025-12-16T17:11:22","guid":{"rendered":"https:\/\/www.europesays.com\/fr\/603383\/"},"modified":"2025-12-16T17:11:22","modified_gmt":"2025-12-16T17:11:22","slug":"direct-dermatose-nodulaire-la61-fermee-dans-le-sens-carcassonne-toulouse-la20-bloquee-au-sud-de-cahors-ou-la-cr46-compte-rester-jusquau-1er-janvier","status":"publish","type":"post","link":"https:\/\/www.europesays.com\/fr\/603383\/","title":{"rendered":"DIRECT. Dermatose nodulaire\u00a0: l\u2019A61 ferm\u00e9e dans le sens Carcassonne-Toulouse, l\u2019A20 bloqu\u00e9e au sud de Cahors o\u00f9 la CR46 compte rester jusqu\u2019au 1er\u00a0janvier"},"content":{"rendered":"<p>17h52.La Chambre d\u2019agriculture du Tarn demande l\u2019extension de la zone vaccinale \u00e0 tout le d\u00e9partement<\/p>\n<p class=\"live-post__amorce\">La Chambre d\u2019agriculture du Tarn vient d\u2019envoyer un courrier au minist\u00e8re pour r\u00e9clamer l\u2019extension de la zone vaccinale \u00e0 l\u2019ensemble du territoire tarnais d\u00e8s que les vaccins seront arriv\u00e9s en nombre suffisant. Les d\u00e9tails \ud83d\udc47<\/p>\n<p class=\"std-elt__inline\">\n        <strong>\u00c0 lire aussi :<\/strong><br \/>\n        <a href=\"https:\/\/www.ladepeche.fr\/2025\/12\/16\/info-la-depeche-dermatose-nodulaire-la-chambre-dagriculture-du-tarn-demande-lextension-de-la-zone-vaccinale-a-tout-le-departement-13114485.php\" target=\"_blank\" rel=\"noopener\">INFO LA DEPECHE. Dermatose nodulaire\u00a0: La Chambre d\u2019agriculture du Tarn demande l\u2019extension de la zone vaccinale \u00e0 tout le d\u00e9partement<\/a>\n    <\/p>\n<p>17h36.Les agriculteurs bloquent l\u2019autoroute, l\u2019A61 ferm\u00e9e dans le sens Carcassonne-Toulouse<\/p>\n<p class=\"live-post__amorce\">L\u2019autoroute A61 est ferm\u00e9e ce mardi dans le sens Carcassonne-Toulouse, \u00e0 hauteur de Villefranche-de-Lauragais, apr\u00e8s l\u2019installation de tracteurs sur les voies par des agriculteurs mobilis\u00e9s.<\/p>\n<p class=\"std-elt__inline\">\n        <strong>\u00c0 lire aussi :<\/strong><br \/>\n        <a href=\"https:\/\/www.ladepeche.fr\/2025\/12\/16\/dermatose-nodulaire-les-agriculteurs-bloquent-lautoroute-la61-fermee-dans-le-sens-carcassonne-toulouse-13114531.php\" target=\"_blank\" rel=\"noopener\">Dermatose nodulaire\u00a0: les agriculteurs bloquent l\u2019autoroute, l\u2019A61 ferm\u00e9e dans le sens Carcassonne-Toulouse<\/a>\n    <\/p>\n<p>16h46.Installation des bottes de foin et du lisier sur un tron\u00e7on de l&rsquo;A20<\/p>\n<p class=\"live-post__amorce\">Sur place, la d\u00e9termination se confirme dans les prises de parole. Cl\u00e9ment, co pr\u00e9sident de la Coordination rurale insiste sur l\u2019organisation : \u00ab\u00a0S\u2019il faut rester, il faut \u00eatre organis\u00e9s et structur\u00e9s. On ne fait pas de d\u00e9g\u00e2ts.\u00a0\u00bb <\/p>\n<p>        <img decoding=\"async\" class=\"std-img__img responsive-img\" src=\"https:\/\/www.europesays.com\/fr\/wp-content\/uploads\/2025\/12\/1765905076_3_image.jpg\" alt=\"Les agriculteurs annoncent vouloir rester sur place au moins jusqu\u2019au 1er\u00a0janvier, annonce Nicolas Espinaco, copr\u00e9sident de la Coordination rurale.\"\/><\/p>\n<p>                Les agriculteurs annoncent vouloir rester sur place au moins jusqu\u2019au 1er\u00a0janvier, annonce Nicolas Espinaco, copr\u00e9sident de la Coordination rurale.<br \/>\n                                    Laurine M\u00e9aulle\/DDM<\/p>\n<p class=\"live-post__amorce\">Il sait que les r\u00e9ponses ne viendront pas tout de suite : \u00ab\u00a0Ils ne vont pas nous faire un ch\u00e8que ce soir. Il faut rester soud\u00e9s et ne pas sortir du cadre. Ce camp, il faut le faire vivre.\u00a0\u00bb Autour de lui, une quarantaine de tracteurs sont d\u00e9j\u00e0 positionn\u00e9s. Avec une centaine d\u2019agriculteurs. Nicolas Espinaco, co pr\u00e9sident de la CR 46 parle d\u2019un \u00ab\u00a0ras-le-bol g\u00e9n\u00e9ral\u00a0\u00bb. Pour lui, la DNC marque un point de d\u00e9part, avec des cons\u00e9quences li\u00e9es indirectement au Mercosur : \u00ab\u00a0On a sabr\u00e9 la fili\u00e8re. Je suis persuad\u00e9 qu\u2019on a amen\u00e9 \u00e7a expr\u00e8s en France.\u00a0\u00bb<\/p>\n<p class=\"live-post__amorce\"> La col\u00e8re est palpable, le ton dur, \u00e0 la hauteur de la tension ressentie sur le terrain. Vincent, \u00e9leveur \u00e0 Saint-Jean-la-Gineste, pr\u00e8s de Saint-C\u00e9r\u00e9, est venu par solidarit\u00e9. \u00c9leveur de moutons, il d\u00e9nonce \u00ab\u00a0un foutage de gueule\u00a0\u00bb et dit ne plus vouloir \u00ab\u00a0\u00eatre pris pour un con\u00a0\u00bb.<\/p>\n<p>        <img decoding=\"async\" class=\"std-img__img responsive-img\" src=\"https:\/\/www.europesays.com\/fr\/wp-content\/uploads\/2025\/12\/1765905076_178_image.jpg\" alt=\"La Coordination rurale, et d\u2019autres syndicats du monde agricole installent ce mardi des bottes de foin sur l\u2019autoroute ainsi que du lisier.\"\/><\/p>\n<p>                La Coordination rurale, et d\u2019autres syndicats du monde agricole installent ce mardi des bottes de foin sur l\u2019autoroute ainsi que du lisier.<br \/>\n                                    Laurine M\u00e9aulle\/DDM<\/p>\n<p>16h27.L&rsquo;A20 est bloqu\u00e9e au sud de Cahors par la CR46<\/p>\n<p class=\"live-post__amorce\">Le syndicat compte y rester jusqu&rsquo;au 1er janvier. Plus d&rsquo;informations ici \ud83d\udc47<\/p>\n<p class=\"std-elt__inline\">\n        <strong>\u00c0 lire aussi :<\/strong><br \/>\n        <a href=\"https:\/\/www.ladepeche.fr\/2025\/12\/16\/dermatose-nodulaire-la-coordination-rurale-bloque-la20-et-compte-sy-installer-jusquen-janvier-13114039.php\" target=\"_blank\" rel=\"noopener\">Dermatose nodulaire\u00a0: la Coordination rurale bloque l\u2019A20 et compte s\u2019y installer jusqu\u2019en janvier<\/a>\n    <\/p>\n<p>15h51.Le p\u00e9age et l&rsquo;autoroute de Cahors Sud bloqu\u00e9<\/p>\n<p class=\"live-post__amorce\">La Coordination rurale, et d\u2019autres syndicats du monde agricole viennent d\u2019enlever les barri\u00e8res du p\u00e9age sud de Cahors, selon nos informations. Un convoi impressionnant d\u2019une cinquantaine de v\u00e9hicules, tracteurs et camions, s\u2019est engag\u00e9 sur l\u2019autoroute. Les v\u00e9hicules se suivent en longue file indienne et sont d\u00e9sormais \u00e0 l\u2019arr\u00eat, bloquant totalement l\u2019axe.  Les manifestants attendent que l\u2019autoroute soit s\u00e9curis\u00e9e des deux c\u00f4t\u00e9s par les gendarmes. La mobilisation est organis\u00e9e, calme mais ferme.  <\/p>\n<p>        <img decoding=\"async\" class=\"std-img__img responsive-img\" src=\"https:\/\/www.europesays.com\/fr\/wp-content\/uploads\/2025\/12\/1765905077_745_image.jpg\" alt=\"La Coordination rurale, et d\u2019autres syndicats du monde agricole viennent d\u2019enlever les barri\u00e8res du p\u00e9age sud de Cahors.\"\/><\/p>\n<p>                La Coordination rurale, et d\u2019autres syndicats du monde agricole viennent d\u2019enlever les barri\u00e8res du p\u00e9age sud de Cahors.<br \/>\n                                    Laurine M\u00e9aulle\/DDM<\/p>\n<p class=\"live-post__amorce\">Les agriculteurs annoncent  <strong>vouloir rester sur place au moins jusqu\u2019au 1er janvier<\/strong> , annonce Nicolas Espinaco, copr\u00e9sident de la Coordination rurale. Il affirme : un campement et un barrage vont \u00eatre install\u00e9s ici. La mobilisation s\u2019inscrit dans la dur\u00e9e.<\/p>\n<p>15h01.Dans le Tarn : \u00ab\u00a0On va lancer l\u2019op\u00e9ration fermes propres\u00a0\u00bb<\/p>\n<p class=\"live-post__amorce\">La crise agricole li\u00e9e \u00e0 la dermatose nodulaire contagieuse inqui\u00e8te les \u00e9leveurs tarnais. Face \u00e0 l\u2019abattage syst\u00e9matique des troupeaux, ils envisagent de nouvelles actions coup de poing.  <a href=\"https:\/\/www.ladepeche.fr\/2025\/12\/16\/dermatose-nodulaire-on-va-lancer-loperation-fermes-propres-dans-le-tarn-apres-le-deplacement-de-la-ministre-la-colere-agricole-ne-redescend-pas-13114226.php\" target=\"_blank\" rel=\"noopener noreferrer nofollow\" class=\"\">Pr\u00e9cisions<\/a> .<\/p>\n<p>14h54.\u00a0\u00bbUne situation grave\u00a0\u00bb<\/p>\n<p class=\"live-post__amorce\">Quelques lyc\u00e9ens du Campus Agricole de Saint-Gaudens ont d\u00e9cid\u00e9 de se mobiliser au rond-point P\u00e9got \u00e0 Saint-Gaudens.\u00a0\u00ab\u00a0C&rsquo;est une situation grave, \u00e0 19-20 ans, nous devons d\u00e9j\u00e0 nous battre pour notre avenir. On s&rsquo;est install\u00e9 le 15 d\u00e9cembre et nous allons rester sur place pour soutenir les \u00e9leveurs. C&rsquo;est notre futur, si nous devons reprendre une exploitations, nous ne pourrons pas tenir avec de telles conditions\u00a0\u00bb assurent les mobilis\u00e9s<\/p>\n<p>        <img decoding=\"async\" class=\"std-img__img responsive-img\" src=\"https:\/\/www.europesays.com\/fr\/wp-content\/uploads\/2025\/12\/1765905078_32_image.jpg\" alt=\"Les lyc\u00e9ens mobilis\u00e9s \u00e0 Saint-Gaudens\"\/><\/p>\n<p>                Les lyc\u00e9ens mobilis\u00e9s \u00e0 Saint-Gaudens<br \/>\n                                    DDM<\/p>\n<p>14h12.Le point dans l&rsquo;Aude<\/p>\n<p class=\"live-post__amorce\">La pr\u00e9fecture de l&rsquo;Aude a communiqu\u00e9 de nouvelles informations quant \u00e0 la mobilisation des agriculteurs : \u00ab\u00a0Il a \u00e9t\u00e9 d\u00e9cid\u00e9, par mesure de s\u00e9curit\u00e9, la fermeture temporaire de l&rsquo;axe Bram &#8211; Villefranche de Lauragais\u00a0\u00bb. La circulation est en revanche maintenue sur l&rsquo;axe inverse. \u00ab\u00a0A ce stade, on d\u00e9nombre sur place 40 tracteurs et plus de 100 manifestants\u00a0\u00bb, ajoute-t-elle. <\/p>\n<p>13h08.Mercosur : le Parlement europ\u00e9en adopte des protections renforc\u00e9es pour les agriculteurs<\/p>\n<p class=\"live-post__amorce\">Le Parlement europ\u00e9en a approuv\u00e9 mardi des mesures de protection renforc\u00e9es pour les agriculteurs europ\u00e9ens, afin de limiter l&rsquo;impact \u00e9ventuel de l&rsquo;accord de libre-\u00e9change avec les pays latino-am\u00e9ricains du Mercosur. Soutenues par 431 voix contre 161, ces mesures de sauvegarde pr\u00e9voient un suivi des produits sensibles comme le boeuf, la volaille ou le sucre et une possible r\u00e9introduction de droits de douane en cas de d\u00e9stabilisation du march\u00e9. Cette clause de sauvegarde ne devrait toutefois pas suffire \u00e0 obtenir le feu vert de la France. Paris a appel\u00e9 l&rsquo;UE \u00e0 reporter la signature de cet accord commercial avec le Mercosur, que Bruxelles voudrait parapher au Br\u00e9sil samedi.<\/p>\n<p>12h58.Lecornu demande \u00ab\u00a0une acc\u00e9l\u00e9ration de la strat\u00e9gie vaccinale\u00a0\u00bb<\/p>\n<p class=\"live-post__amorce\">S\u00e9bastien Lecornu a demand\u00e9 mardi une \u00ab\u00a0acc\u00e9l\u00e9ration de la strat\u00e9gie vaccinale\u00a0\u00bb contre la dermatose nodulaire contagieuse qui touche les \u00e9levages, et recevra \u00ab\u00a0dans la semaine\u00a0\u00bb les syndicats agricoles dont certains contestent la gestion par le gouvernement de cette \u00e9pizootie, a annonc\u00e9 son entourage \u00e0 l&rsquo;issue d&rsquo;une r\u00e9union sur le sujet.<\/p>\n<p>12h38.Lecornu recevra \u00ab\u00a0dans la semaine\u00a0\u00bb les syndicats agricoles<\/p>\n<p class=\"live-post__amorce\">S\u00e9bastien Lecornu recevra les syndicats agricoles \u00ab\u00a0dans la semaine\u00a0\u00bb et r\u00e9clame \u00ab\u00a0une acc\u00e9l\u00e9ration de la strat\u00e9gie vaccinale\u00a0\u00bb. Une nouvelle r\u00e9union est pr\u00e9vue \u00e0 17h30 \u00e0 Matignon. <\/p>\n<p>11h50.Dans les Hautes-Pyr\u00e9n\u00e9es : \u00ab\u00a0On n\u2019est pas entendus, pas respect\u00e9s\u00a0\u00bb<\/p>\n<p class=\"live-post__amorce\">Les agriculteurs occupent toujours des points strat\u00e9giques sur les axes routiers et autoroutiers des Hautes-Pyr\u00e9n\u00e9es. Une action est attendue ce mardi apr\u00e8s-midi devant la pr\u00e9fecture o\u00f9 se tient une r\u00e9union avec les instances agricoles.<\/p>\n<p class=\"live-post__amorce\">Pour en savoir plus,  <a href=\"https:\/\/www.ladepeche.fr\/2025\/12\/16\/dermatose-nodulaire-on-nest-pas-entendus-pas-respectes-apres-la-reunion-avec-la-ministre-la-tension-pourrait-monter-dun-cran-sur-tarbes-13113964.php\" target=\"_blank\" rel=\"noopener noreferrer nofollow\" class=\"\">lire notre article.<\/a>  <\/p>\n<p>11h30.Pr\u00e8s de Toulouse, les agriculteurs paralysent la circulation<\/p>\n<p class=\"live-post__amorce\">La mobilisation agricole en Haute-Garonne s\u2019intensifie. Des agriculteurs bloquent routes et voies ferr\u00e9es, perturbant la ligne Narbonne-Toulouse. La col\u00e8re, aliment\u00e9e par la gestion de la dermatose nodulaire contagieuse, pourrait s\u2019\u00e9tendre.<\/p>\n<p class=\"live-post__amorce\">\ud83d\udc49 <a href=\"https:\/\/www.ladepeche.fr\/2025\/12\/16\/dermatose-nodulaire-trains-voitures-pres-de-toulouse-les-agriculteurs-paralysent-la-circulation-13113952.php\" target=\"_blank\" rel=\"noopener noreferrer nofollow\" class=\"\">Lire notre article. <\/a> <\/p>\n<p>10h55.Mercosur : \u00ab\u00a0Il ne faut pas repousser, il faut dire non\u00a0\u00bb, dit Le Pen \u00e0 Macron<\/p>\n<p class=\"live-post__amorce\">La patronne du Rassemblement national a appel\u00e9 mardi Emmanuel Macron \u00e0 \u00ab\u00a0dire non\u00a0\u00bb \u00e0 l&rsquo;accord de libre-\u00e9change entre l&rsquo;Union europ\u00e9enne et des pays du Mercosur, plut\u00f4t que de vouloir un report en 2026 du vote pr\u00e9vu cette semaine sur le sujet \u00e0 Bruxelles. \u00ab\u00a0Il faut dire non, non parce qu&rsquo;il en va de la survie de notre agriculture et donc de la souverainet\u00e9 de notre pays\u00a0\u00bb, a insist\u00e9 la cheffe du groupe RN devant des journalistes \u00e0 l&rsquo;Assembl\u00e9e nationale, sugg\u00e9rant au chef de l&rsquo;Etat de pratiquer la \u00ab\u00a0politique de la chaise vide\u00a0\u00bb. Selon son entourage mardi, Emmanuel Macron a redit aux dirigeants de l&rsquo;UE que, sur ce trait\u00e9 commercial, \u00ab\u00a0le compte n&rsquo;y \u00e9tait pas\u00a0\u00bb pour la France.<\/p>\n<p>10h39.<\/p>\n<p>La r\u00e9union de crise a d\u00e9but\u00e9 \u00e0 Matignon<\/p>\n<p>10h34.Des autoroutes bloqu\u00e9es<\/p>\n<p class=\"live-post__amorce\">Selon la gendarmerie nationale, cinq autoroutes sont actuellement bloqu\u00e9es, totalement ou partiellement : l&rsquo;A75, l&rsquo;A89, l&rsquo;A64, l&rsquo;A65 et l&rsquo;A54. \u00ab\u00a0De nouvelles actions sont probables dans les heures \u00e0 venir sur plusieurs axes du r\u00e9seau\u00a0\u00bb, d&rsquo;apr\u00e8s Vinci. <\/p>\n<p>10h27.L&rsquo;axe ferroviaire Toulouse-Narbonne bloqu\u00e9 par une manifestation<\/p>\n<p class=\"live-post__amorce\">Comme nous vous l&rsquo;indiquions t\u00f4t ce matin, une manifestation des agriculteurs pr\u00e8s de Villefranche-de-Lauragais (Haute-Garonne) a interrompu la circulation des trains entre Toulouse et Narbonne sur l&rsquo;axe Bordeaux-Marseille. \u00ab\u00a0On est sur une interruption des circulations qu&rsquo;on imagine durer toute la journ\u00e9e pour le moment. Au passage \u00e0 niveau, il y a des obstacles sur la voie. Il y a un feu qui est allum\u00e9. Donc, on ne peut pas faire circuler de train en s\u00e9curit\u00e9\u00a0\u00bb, a d\u00e9clar\u00e9 \u00e0 l&rsquo;AFP un porte-parole de SNCF-R\u00e9seau.<\/p>\n<p>        <img decoding=\"async\" class=\"std-img__img responsive-img\" src=\"https:\/\/www.europesays.com\/fr\/wp-content\/uploads\/2025\/12\/1765905079_265_image.jpg\" alt=\"Les agriculteurs bloquent la voie de circulation des trains.\"\/><\/p>\n<p>                Les agriculteurs bloquent la voie de circulation des trains.<br \/>\n                                    DDM &#8211; Nathalie Saint-Affre<\/p>\n<p>10h23.\u00a0\u00bbAnnie vous remercie pour le carnage total\u00a0\u00bb :\u00a0la Coordination rurale recouvre le portail de la Pr\u00e9fecture du Tarn de lisier<\/p>\n<p class=\"live-post__amorce\">Nouvelle action dans la nuit de lundi \u00e0 mardi des agriculteurs de la Coordination rurale du Tarn. Plusieurs remorques se sont succ\u00e9d\u00e9 pour recouvrir le portail de la Pr\u00e9fecture de lisier. Le blocage de la rocade continue \u00e0 Albi.<\/p>\n<p class=\"live-post__amorce\">\ud83d\udc49 <a href=\"https:\/\/www.ladepeche.fr\/2025\/12\/16\/dermatose-nodulaire-annie-vous-remercie-pour-le-carnage-total-la-coordination-rurale-recouvre-le-portail-de-la-prefecture-de-lisier-13113710.php\" target=\"_blank\" rel=\"noopener noreferrer nofollow\" class=\"\">Lire notre article. <\/a> <\/p>\n<p>10h01.Un v\u00e9t\u00e9rinaire menac\u00e9 de mort, le parquet de Bergerac ouvre une enqu\u00eate<\/p>\n<p class=\"live-post__amorce\">D&rsquo;apr\u00e8s les informations de  <a href=\"https:\/\/www.bfmtv.com\/police-justice\/info-bfmtv-colere-agricole-le-parquet-de-bergerac-ouvre-une-enquete-preliminaire-pour-menaces-de-mort-contre-un-veterinaire_AV-202512160385.html\" target=\"_blank\" rel=\"noopener noreferrer nofollow\" class=\"\">BFMTV<\/a> , le parquet de Bergerac (Dordogne) a ouverte une enqu\u00eate apr\u00e8s qu&rsquo;un v\u00e9t\u00e9rinaire a \u00e9t\u00e9 menac\u00e9 de mort suite \u00e0 son passage sur la cha\u00eene d&rsquo;information en continu. \u00ab\u00a0Dans un autre temps, votre t\u00eate aurait fini au bout d\u2019un pique\u00a0\u00bb, \u00e9tait-il notamment \u00e9crit dans le mail.<\/p>\n<p>09h46.Point de la situation dans le Gers<\/p>\n<p class=\"live-post__amorce\">Le mouvement agricole se poursuit dans le Gers ce mardi 16 d\u00e9cembre. De nouvelles actions ont \u00e9t\u00e9 men\u00e9es dans la nuit, \u00e0 Auch et Mirande. Le point sur la situation dans notre article. <\/p>\n<p>09h44.Mercosur :\u00a0Cooperative U \u00ab\u00a0n&rsquo;ach\u00e8tera pas de produits d&rsquo;Am\u00e9rique du Sud\u00a0\u00bb, selon son PDG<\/p>\n<p class=\"live-post__amorce\">Les coop\u00e9ratives U \u00ab\u00a0n&rsquo;ach\u00e8teront pas les produits\u00a0\u00bb issus de l&rsquo;accord commercial entre l&rsquo;UE et les pays du Mercosur, a affirm\u00e9 mardi son PDG Dominique Schelcher qualifiant le Mercosur de \u00ab\u00a0Shein de la concurrence d\u00e9loyale\u00a0\u00bb. <\/p>\n<p>09h39.Une \u00ab\u00a0op\u00e9ration castor\u00a0\u00bb\u00a0lanc\u00e9e en pleine nuit en Ari\u00e8ge<\/p>\n<p class=\"live-post__amorce\">La mobilisation des agriculteurs se poursuit en Ari\u00e8ge apr\u00e8s l\u2019abattage de plus de 200 vaches dans une exploitation des Bordes-sur-Arize. \u00c0 Tarascon-sur-Ari\u00e8ge, la RN20 et la \u00ab\u00a0route des Corniches\u00a0\u00bb sont bloqu\u00e9es, perturbant fortement l\u2019acc\u00e8s \u00e0 l\u2019Andorre et la circulation dans le secteur.<\/p>\n<p class=\"live-post__amorce\">Pour en savoir plus,  <a href=\"https:\/\/www.ladepeche.fr\/2025\/12\/16\/dermatose-nodulaire-le-blocage-est-toujours-en-cours-cest-quoi-loperation-castor-lancee-en-pleine-nuit-par-les-agriculteurs-13113740.php\" target=\"_blank\" rel=\"noopener noreferrer nofollow\" class=\"\">lire notre article<\/a> . <\/p>\n<p>09h18.Le point sur la situation dans le Tarn-et-Garonne<\/p>\n<p class=\"live-post__amorce\">La nuit a \u00e9t\u00e9 longue dans le Tarn-et-Garonne apr\u00e8s la manifestation qui a vu converger, vers 22h30, une soixantaine de tracteurs sur Montauban. Au cours de la soir\u00e9e, les manifestants ont men\u00e9 plusieurs op\u00e9rations de d\u00e9versement \u00e0 la barri\u00e8re de p\u00e9age de Montauban Nord sur l&rsquo;A 20 mais aussi devant plusieurs b\u00e2timents publics: le centre administratif Foresti\u00e9, la cit\u00e9 agricole Marcel-Unal o\u00f9 se trouve le si\u00e8ge de la Chambre d&rsquo;agriculture et de la MSA et la direction d\u00e9partementale des Territoires (DDT), quai de Verdun et rue Sainte-Claire o\u00f9 le portail du parking a \u00e9t\u00e9 d\u00e9truit. Plusieurs incendies ont \u00e9t\u00e9 allum\u00e9s devant ces b\u00e2timents de l&rsquo;Etat obligeant les pompiers \u00e0 intervenir.<\/p>\n<p>        <img decoding=\"async\" class=\"std-img__img responsive-img\" src=\"https:\/\/www.europesays.com\/fr\/wp-content\/uploads\/2025\/12\/1765905080_430_image.jpg\" alt=\"Le portail de la direction d\u00e9partementale des territoires (DDT) a \u00e9t\u00e9 cass\u00e9.\"\/><\/p>\n<p>                Le portail de la direction d\u00e9partementale des territoires (DDT) a \u00e9t\u00e9 cass\u00e9.<br \/>\n                                    DDM, PJ Pyrda<\/p>\n<p>09h04.Genevard : \u00ab\u00a0Les agriculteurs ont \u00e9t\u00e9 infiltr\u00e9s\u00a0\u00bb<\/p>\n<p class=\"live-post__amorce\">La ministre de l&rsquo;Agriculture est revenue sur les incidents intervenus entre les agriculteurs et les forces de l&rsquo;ordre la semaine derni\u00e8re aux Bordes-sur-Arize. \u00ab\u00a0Je regrette ce qu&rsquo;il s&rsquo;est pass\u00e9 en Ari\u00e8ge. Mais malheureusement, les agriculteurs ont \u00e9t\u00e9 infiltr\u00e9s par des casseurs qui voulaient en d\u00e9coudre\u00a0\u00bb, a-t-elle d\u00e9clar\u00e9 sur Sud-Radio. <\/p>\n<p>09h01.Annie Genevard : \u00ab\u00a0Plus de foyers actifs en France\u00a0\u00bb<\/p>\n<p class=\"live-post__amorce\">Invit\u00e9e sur Sud-Radio, la ministre de l&rsquo;agriculture a d\u00e9clar\u00e9 qu&rsquo;\u00e0 ce jour \u00ab\u00a0il n&rsquo;y a plus de foyer actif de dermatose en France. Sur le plan de la gestion du virus, les choses sont parfaitement g\u00e9r\u00e9es\u00a0\u00bb. <\/p>\n<p>08h10.Mercosur :\u00a0Macron a redit aux dirigeants de l&rsquo;UE que \u00ab\u00a0le compte n&rsquo;y \u00e9tait pas\u00a0\u00bb pour la France<\/p>\n<p class=\"live-post__amorce\">Emmanuel Macron a de nouveau fait part lundi soir \u00e0 Berlin aux dirigeants de l&rsquo;UE de son opposition \u00e0 la signature de l&rsquo;accord de libre-\u00e9change avec des pays du Mercosur souhait\u00e9e en fin de semaine par la Commission europ\u00e9enne, selon son entourage. \u00ab\u00a0Le Pr\u00e9sident a \u00e9t\u00e9 tr\u00e8s clair avec la Pr\u00e9sidente de la Commission Ursula von der Leyen et le Pr\u00e9sident du Conseil europ\u00e9en Antonio Costa sur le fait que le compte n&rsquo;y \u00e9tait pas \u00e0 ce stade pour prot\u00e9ger les agriculteurs fran\u00e7ais\u00a0\u00bb, a indiqu\u00e9 son entourage mardi matin.<\/p>\n<p class=\"live-post__amorce\">Les prochains jours s&rsquo;annoncent d\u00e9cisifs,  <a href=\"https:\/\/www.ladepeche.fr\/2025\/12\/16\/mercosur-pourquoi-la-semaine-sannonce-decisive-pour-laccord-de-libre-echange-entre-lunion-europeenne-et-lamerique-du-sud-13111686.php\" target=\"_blank\" rel=\"noopener noreferrer nofollow\" class=\"\">vous pouvez lire notre article<\/a>  pour comprendre pourquoi. <\/p>\n<p>08h05.Perturbations sur le r\u00e9seau SNCF en Occitanie<\/p>\n<p class=\"live-post__amorce\">\u00c0 Villefranche-de-Lauragais (Haute-Garonne), les agriculteurs ont d\u00e9cid\u00e9 de bloquer un passage \u00e0 niveau. Aucune circulation de trains n&rsquo;a lieu entre Toulouse et Castelnaudary \u00e0 l&rsquo;heure actuelle. En cons\u00e9quence, toutes les lignes TER et grandes lignes entre Toulouse et la M\u00e9diterran\u00e9e sont interrompues jusqu&rsquo;\u00e0 nouvel ordre. Aucune heure de reprise du trafic ne peut \u00eatre donn\u00e9e. Les trains qui devaient circuler sur l&rsquo;axe Bordeaux-Toulouse-Montpellier-Marseille sont actuellement arr\u00eat\u00e9s dans les gares.<\/p>\n<p>        <img decoding=\"async\" class=\"std-img__img responsive-img\" src=\"https:\/\/www.europesays.com\/fr\/wp-content\/uploads\/2025\/12\/1765905081_926_image.jpg\" alt=\"La col\u00e8re des agriculteurs se manifeste \u00e0 Villefranche-de-Lauragais.\"\/><\/p>\n<p>                La col\u00e8re des agriculteurs se manifeste \u00e0 Villefranche-de-Lauragais.<br \/>\n                                    DDM &#8211; Nathalie Saint-Affre<\/p>\n<p>08h00.R\u00e9union pr\u00e9vue \u00e0 Matignon<\/p>\n<p class=\"live-post__amorce\">Le Premier ministre S\u00e9bastien Lecornu tiendra ce matin \u00e0 10h30 une r\u00e9union avec plusieurs ministres et pr\u00e9fets, nous apprend  <a href=\"https:\/\/www.bfmtv.com\/\" target=\"_blank\" rel=\"noopener noreferrer nofollow\" class=\"\">BFMTV<\/a> . Sont convi\u00e9s \u00e0 cette r\u00e9union les ministres Annie Genevard (Agriculture), Laurent Nu\u00f1ez (Int\u00e9rieur), G\u00e9rald Darmanin (Justice), Laurent Panifous (Relations avec le Parlement), Maud Bregeon (porte-parole), Am\u00e9lie de Montchalin (Comptes publics), Nicolas Forissier (Commerce ext\u00e9rieur), et Benjamin Haddad (Europe). Plusieurs pr\u00e9fets de d\u00e9partements touch\u00e9s par la dermatose nodulaire contagieuse sont \u00e9galement invit\u00e9s (Ari\u00e8ge, Aude, Gers, Haute-Garonne, Hautes Pyr\u00e9n\u00e9es, Landes, Pyr\u00e9n\u00e9es Atlantiques, Pyr\u00e9n\u00e9es orientales), ont pr\u00e9cis\u00e9 les services de Matignon.<\/p>\n<p>07h38.Comment les deux Savoie ont \u00e9radiqu\u00e9 la DNC<\/p>\n<p class=\"live-post__amorce\">La DNC, non transmissible \u00e0 l\u2019humain, est apparue en France en juin, en Savoie. Elle s\u2019est depuis d\u00e9velopp\u00e9e dans le Sud-Ouest apr\u00e8s la d\u00e9tection d\u2019un foyer dans un \u00e9levage de l\u2019Ari\u00e8ge, o\u00f9 plus de 200 vaches ont \u00e9t\u00e9 abattues malgr\u00e9 la mobilisation de manifestants.<\/p>\n<p class=\"live-post__amorce\">\ud83d\udc49 <a href=\"https:\/\/www.ladepeche.fr\/2025\/12\/16\/dermatose-nodulaire-ce-nest-pas-la-meilleure-solution-mais-la-moins-mauvaise-comment-les-deux-savoie-ont-eradique-la-dnc-13111795.php\" target=\"_blank\" rel=\"noopener noreferrer nofollow\" class=\"\">Lire notre d\u00e9cryptage.<\/a>  <\/p>\n<p>07h25.Que retenir de la visite d&rsquo;Annie Genevard \u00e0 Toulouse ?<\/p>\n<p class=\"live-post__amorce\">La ministre de l\u2019Agriculture est venue d\u00e9miner le terrain, en Haute-Garonne, lundi 15 d\u00e9cembre. Mais ses annonces ne vont pas suffire \u00e0 lever les blocages.<\/p>\n<p class=\"live-post__amorce\">\ud83d\udc49Lire  <a href=\"https:\/\/www.ladepeche.fr\/2025\/12\/16\/decryptage-dermatose-nodulaire-mercosur-comment-calmer-la-colere-agricole-13111965.php\" target=\"_blank\" rel=\"noopener noreferrer nofollow\" class=\"\">le r\u00e9cit de la journ\u00e9e<\/a> . <\/p>\n<p>        <img decoding=\"async\" class=\"std-img__img responsive-img\" src=\"https:\/\/www.europesays.com\/fr\/wp-content\/uploads\/2025\/12\/1765905082_208_image.jpg\" alt=\"Annie Gevenard face aux agriculteurs lundi \u00e0 Toulouse.\"\/><\/p>\n<p>                Annie Gevenard face aux agriculteurs lundi \u00e0 Toulouse.<br \/>\n                                    DDM &#8211; F.S.<\/p>\n<p>07h23.45 actions dans toute la France lundi<\/p>\n<p class=\"live-post__amorce\">Le minist\u00e8re de l&rsquo;Int\u00e9rieur a recens\u00e9 lundi 45 actions impliquant au moins 3 000 personnes \u00e0 travers le pays, contre moins de 30 actions impliquant 1 000 personnes dimanche. En Occitanie, des manifestations de la col\u00e8re agricole ont eu lieu \u00e0 Albi, sur l&rsquo;A64, \u00e0 Cahors ou encore dans l&rsquo;Ari\u00e8ge. <\/p>\n<p>07h22.Les tracteurs de retour \u00e0 Montauban hier soir, nuit sous tension<\/p>\n<p class=\"live-post__amorce\">Quelques heures apr\u00e8s la visite de la ministre de l\u2019Agriculture Annie Genevard \u00e0 Toulouse, plusieurs dizaines d\u2019agriculteurs ont d\u00e9cid\u00e9 de rejoindre Montauban, ce lundi soir 15 d\u00e9cembre vers 22 h 30, avec des tracteurs remplis de bennes. Des feux ont \u00e9t\u00e9 allum\u00e9s au giratoire d\u2019Aussonne et devant les cit\u00e9s administratives Foresti\u00e9 et Marcel-Unal.<\/p>\n<p class=\"live-post__amorce\">\ud83d\udc49 <a href=\"https:\/\/www.ladepeche.fr\/2025\/12\/15\/dermatose-nodulaire-les-tracteurs-de-retour-a-montauban-ce-lundi-soir-13112952.php\" target=\"_blank\" rel=\"noopener noreferrer nofollow\" class=\"\">Lire notre article.<\/a>  <\/p>\n<p>07h15.Ouverture de ce direct<\/p>\n<p class=\"live-post__amorce\">Bonjour \u00e0 toutes et \u00e0 tous et bienvenue dans ce direct. <\/p>\n","protected":false},"excerpt":{"rendered":"17h52.La Chambre d\u2019agriculture du Tarn demande l\u2019extension de la zone vaccinale \u00e0 tout le d\u00e9partement La Chambre d\u2019agriculture&hellip;\n","protected":false},"author":2,"featured_media":603384,"comment_status":"","ping_status":"","sticky":false,"template":"","format":"standard","meta":{"footnotes":""},"categories":[2816],"tags":[1111,11,327,70814,33,1777,674,1011,27,12,2680,25,2312],"class_list":{"0":"post-603383","1":"post","2":"type-post","3":"status-publish","4":"format-standard","5":"has-post-thumbnail","7":"category-toulouse","8":"tag-actu","9":"tag-actualites","10":"tag-agriculture","11":"tag-dermatose-nodulaire","12":"tag-economie","13":"tag-eu","14":"tag-europe","15":"tag-fr","16":"tag-france","17":"tag-news","18":"tag-occitanie","19":"tag-republique-francaise","20":"tag-toulouse"},"share_on_mastodon":{"url":"https:\/\/pubeurope.com\/@fr\/115730363897520179","error":""},"_links":{"self":[{"href":"https:\/\/www.europesays.com\/fr\/wp-json\/wp\/v2\/posts\/603383","targetHints":{"allow":["GET"]}}],"collection":[{"href":"https:\/\/www.europesays.com\/fr\/wp-json\/wp\/v2\/posts"}],"about":[{"href":"https:\/\/www.europesays.com\/fr\/wp-json\/wp\/v2\/types\/post"}],"author":[{"embeddable":true,"href":"https:\/\/www.europesays.com\/fr\/wp-json\/wp\/v2\/users\/2"}],"replies":[{"embeddable":true,"href":"https:\/\/www.europesays.com\/fr\/wp-json\/wp\/v2\/comments?post=603383"}],"version-history":[{"count":0,"href":"https:\/\/www.europesays.com\/fr\/wp-json\/wp\/v2\/posts\/603383\/revisions"}],"wp:featuredmedia":[{"embeddable":true,"href":"https:\/\/www.europesays.com\/fr\/wp-json\/wp\/v2\/media\/603384"}],"wp:attachment":[{"href":"https:\/\/www.europesays.com\/fr\/wp-json\/wp\/v2\/media?parent=603383"}],"wp:term":[{"taxonomy":"category","embeddable":true,"href":"https:\/\/www.europesays.com\/fr\/wp-json\/wp\/v2\/categories?post=603383"},{"taxonomy":"post_tag","embeddable":true,"href":"https:\/\/www.europesays.com\/fr\/wp-json\/wp\/v2\/tags?post=603383"}],"curies":[{"name":"wp","href":"https:\/\/api.w.org\/{rel}","templated":true}]}}