{"id":603387,"date":"2025-12-16T17:14:20","date_gmt":"2025-12-16T17:14:20","guid":{"rendered":"https:\/\/www.europesays.com\/fr\/603387\/"},"modified":"2025-12-16T17:14:20","modified_gmt":"2025-12-16T17:14:20","slug":"ineligibilite-avec-execution-provisoire-pour-le-president-de-la-metropole-de-lille-en-appel","status":"publish","type":"post","link":"https:\/\/www.europesays.com\/fr\/603387\/","title":{"rendered":"In\u00e9ligibilit\u00e9 avec ex\u00e9cution provisoire pour le pr\u00e9sident de la m\u00e9tropole de Lille en appel"},"content":{"rendered":"<p class=\"rev-margin-0 rev-text-xs-normal\">Le pr\u00e9sident divers droite de la m\u00e9tropole europ\u00e9enne de Lille (Mel) Damien Castelain, le 23 novembre 2017 \u00e0 Lille<\/p>\n<p class=\"rev-margin-0 rev-text-xs-bold\">PHOTO AFP \/ PHILIPPE HUGUEN<\/p>\n<p>Damien Castelain, 58 ans, a \u00e9galement \u00e9t\u00e9 condamn\u00e9 \u00e0 18 mois de prison avec sursis et \u00e0 20.000 euros d&rsquo;amende.<\/p>\n<p>C&rsquo;est un jugement plus s\u00e9v\u00e8re qu&rsquo;en premi\u00e8re instance, o\u00f9 M. Castelain avait \u00e9t\u00e9 condamn\u00e9 en 2024 \u00e0 un an de prison avec sursis, 20.000 euros d&rsquo;amende et cinq ans d&rsquo;in\u00e9ligibilit\u00e9, mais sans ex\u00e9cution provisoire \u00e0 l&rsquo;\u00e9poque.<\/p>\n<p>\u00ab\u00a0Conform\u00e9ment aux obligations l\u00e9gales attach\u00e9es \u00e0 cette condamnation, M. Damien Castelain est contraint de se d\u00e9mettre de l&rsquo;ensemble de ses mandats \u00e9lectifs\u00a0\u00bb au sein de la m\u00e9tropole europ\u00e9enne de Lille, a expliqu\u00e9 la Mel dans un communiqu\u00e9.<\/p>\n<p>Le premier vice-pr\u00e9sident de cette importante intercommunalit\u00e9, Eric Skyronka, va assurer l&rsquo;int\u00e9rim avant une nouvelle \u00e9lection du pr\u00e9sident qui se tiendra en janvier, a ajout\u00e9 la Mel.<\/p>\n<p>Sollicit\u00e9s par l&rsquo;AFP, M. Castelain et l&rsquo;une de ses conseils, absents lors du d\u00e9lib\u00e9r\u00e9 \u00e0 Douai, n&rsquo;ont pas souhait\u00e9 r\u00e9agir dans l&rsquo;imm\u00e9diat. <\/p>\n<p>Sur X, le ministre de la Justice G\u00e9rald Darmanin, qui est par ailleurs conseiller de la Mel pour la ville de Tourcoing, a assur\u00e9 M. Castelain de son \u00ab\u00a0soutien dans ce moment difficile\u00a0\u00bb, mais \u00ab\u00a0sans commenter d&rsquo;aucune mani\u00e8re une d\u00e9cision de justice\u00a0\u00bb, a-t-il tenu \u00e0 pr\u00e9ciser.<\/p>\n<p>Maire de P\u00e9ronne-en-M\u00e9lantois, une petite commune pr\u00e8s de Lille, Damien Castelain avait \u00e9t\u00e9 propuls\u00e9 \u00e0 la pr\u00e9sidence de la Mel en 2014, apr\u00e8s un accord avec la maire PS de Lille d&rsquo;alors, Martine Aubry, pr\u00e9sidente sortante de l&rsquo;intercommunalit\u00e9, afin d&#8217;emp\u00eacher l&rsquo;UMP (aujourd&rsquo;hui LR) de s&#8217;emparer de la collectivit\u00e9.<\/p>\n","protected":false},"excerpt":{"rendered":"Le pr\u00e9sident divers droite de la m\u00e9tropole europ\u00e9enne de Lille (Mel) Damien Castelain, le 23 novembre 2017 \u00e0&hellip;\n","protected":false},"author":2,"featured_media":603388,"comment_status":"","ping_status":"","sticky":false,"template":"","format":"standard","meta":{"footnotes":""},"categories":[2815],"tags":[17,1111,11,3396,1777,674,6189,1011,27,329,811,6192,1307,2800,12,471,4919,6190,25],"class_list":{"0":"post-603387","1":"post","2":"type-post","3":"status-publish","4":"format-standard","5":"has-post-thumbnail","7":"category-lille","8":"tag-17","9":"tag-actu","10":"tag-actualites","11":"tag-avec","12":"tag-eu","13":"tag-europe","14":"tag-execution","15":"tag-fr","16":"tag-france","17":"tag-france-monde","18":"tag-hauts-de-france","19":"tag-ineligibilite","20":"tag-lille","21":"tag-metropole","22":"tag-news","23":"tag-pour","24":"tag-president","25":"tag-provisoire","26":"tag-republique-francaise"},"share_on_mastodon":{"url":"https:\/\/pubeurope.com\/@fr\/115730374155634131","error":""},"_links":{"self":[{"href":"https:\/\/www.europesays.com\/fr\/wp-json\/wp\/v2\/posts\/603387","targetHints":{"allow":["GET"]}}],"collection":[{"href":"https:\/\/www.europesays.com\/fr\/wp-json\/wp\/v2\/posts"}],"about":[{"href":"https:\/\/www.europesays.com\/fr\/wp-json\/wp\/v2\/types\/post"}],"author":[{"embeddable":true,"href":"https:\/\/www.europesays.com\/fr\/wp-json\/wp\/v2\/users\/2"}],"replies":[{"embeddable":true,"href":"https:\/\/www.europesays.com\/fr\/wp-json\/wp\/v2\/comments?post=603387"}],"version-history":[{"count":0,"href":"https:\/\/www.europesays.com\/fr\/wp-json\/wp\/v2\/posts\/603387\/revisions"}],"wp:featuredmedia":[{"embeddable":true,"href":"https:\/\/www.europesays.com\/fr\/wp-json\/wp\/v2\/media\/603388"}],"wp:attachment":[{"href":"https:\/\/www.europesays.com\/fr\/wp-json\/wp\/v2\/media?parent=603387"}],"wp:term":[{"taxonomy":"category","embeddable":true,"href":"https:\/\/www.europesays.com\/fr\/wp-json\/wp\/v2\/categories?post=603387"},{"taxonomy":"post_tag","embeddable":true,"href":"https:\/\/www.europesays.com\/fr\/wp-json\/wp\/v2\/tags?post=603387"}],"curies":[{"name":"wp","href":"https:\/\/api.w.org\/{rel}","templated":true}]}}