{"id":603396,"date":"2025-12-16T17:20:15","date_gmt":"2025-12-16T17:20:15","guid":{"rendered":"https:\/\/www.europesays.com\/fr\/603396\/"},"modified":"2025-12-16T17:20:15","modified_gmt":"2025-12-16T17:20:15","slug":"ile-de-france-mobilites-ouvre-une-maison-du-velo-a-palaiseau-en-2026-mais-a-quoi-servira-t-elle","status":"publish","type":"post","link":"https:\/\/www.europesays.com\/fr\/603396\/","title":{"rendered":"\u00cele-de-France Mobilit\u00e9s ouvre une Maison du v\u00e9lo \u00e0 Palaiseau en 2026\u2026 mais \u00e0 quoi servira-t-elle\u00a0?"},"content":{"rendered":"<p>                    Par<br \/>\n        <strong><br \/>\n            <a href=\"https:\/\/actu.fr\/auteur\/coline-bonvalot-actu-fr\" title=\"Consulter tous les articles de Coline Bonvalot\" target=\"_blank\" rel=\"noopener\">Coline Bonvalot<\/a><br \/>\n                    <\/strong><\/p>\n<p>        Publi\u00e9 le<\/p>\n<p>            16 d\u00e9c. 2025 \u00e0 18h04        <\/p>\n<p>Une \u00ab\u2009excellente nouvelle\u2009\u00bb. <a href=\"https:\/\/actu.fr\/tag\/ile-de-france-mobilites\" target=\"_blank\" rel=\"noopener\">\u00cele-de-France Mobilit\u00e9s<\/a> (IDFM) a r\u00e9cemment annonc\u00e9 <strong>l\u2019ouverture d\u2019une Maison du v\u00e9lo<\/strong> \u00e0 <a href=\"https:\/\/actu.fr\/ile-de-france\/palaiseau_91477\" target=\"_blank\" rel=\"noopener\">Palaiseau<\/a> (Essonne). Int\u00e9gralement financ\u00e9e par IDFM, celle-ci sera r\u00e9alis\u00e9e par Cyclonova et se trouvera \u00e0 proximit\u00e9 imm\u00e9diate de <a href=\"https:\/\/actu.fr\/ile-de-france\/palaiseau_91477\/video-voici-a-quoi-ressembleront-les-rames-du-metro-18-attendues-pour-octobre-2026-en-essonne_62783879.html\" target=\"_blank\" rel=\"noopener\">la gare Palaiseau Polytechnique,<\/a> qui sera notamment desservie par <a href=\"https:\/\/actu.fr\/ile-de-france\/orsay_91471\/wi-fi-4g-5g-pourquoi-la-ligne-18-du-grand-paris-express-sera-ultra-connectee-en-essonne_63152041.html\" target=\"_blank\" rel=\"noopener\">la nouvelle ligne 18<\/a> du <a href=\"https:\/\/actu.fr\/tag\/grand-paris-express\" target=\"_blank\" rel=\"noopener\">Grand Paris Express<\/a> \u00e0 partir d\u2019octobre\u00a02026.<\/p>\n<p>Un service enti\u00e8rement gratuit<\/p>\n<p class=\" wall-content\">\u00ab\u2009Le projet de cr\u00e9ation de Maison du v\u00e9lo \u00e0 Palaiseau s\u2019inscrit dans la politique d\u2019\u00cele-de-France Mobilit\u00e9s <strong>d\u2019accompagner le d\u00e9veloppement du v\u00e9lo<\/strong> et d\u2019offrir des services suppl\u00e9mentaires pour les cyclistes\u2009\u00bb, pr\u00e9cise \u00cele-de-France Mobilit\u00e9s.<\/p>\n<p class=\" wall-content\">Concr\u00e8tement, cette maison, livr\u00e9e d\u2019ici fin 2026, permettra au cycliste d\u00e9butant ou amateur d\u2019\u00eatre accueilli dans \u00ab\u2009un lieu convivial et inclusif\u2009\u00bb par des conseillers mobilit\u00e9s. Ceux-ci proposeront <strong>gratuitement<\/strong> des informations personnalis\u00e9es sur l\u2019offre V\u00e9ligo Location, les Parkings V\u00e9los \u00cele-de-France Mobilit\u00e9s, les aides \u00e0 l\u2019achat de v\u00e9los, ainsi que sur les am\u00e9nagements cyclables et les services locaux.<\/p>\n<p class=\" wall-content\">Le public pourra b\u00e9n\u00e9ficier d\u2019essais de v\u00e9los afin de choisir le mod\u00e8le le plus adapt\u00e9 \u00e0 ses besoins, de services de location courte et longue dur\u00e9e de v\u00e9los \u00e0 assistance \u00e9lectrique ou de v\u00e9los m\u00e9caniques, ainsi que d\u2019un atelier de r\u00e9paration d\u00e9di\u00e9 aux abonn\u00e9s V\u00e9ligo Location. Des outils et des pompes en libre-service seront \u00e9galement mis \u00e0 disposition pour les petites r\u00e9parations et pour les r\u00e9glages des v\u00e9los personnels.<\/p>\n<p>Deux autres Maisons du v\u00e9lo devraient ouvrir en Essonne<\/p>\n<p class=\" wall-content\">La Maison proposera par ailleurs des bilans de mobilit\u00e9 personnalis\u00e9s pour les personnes \u00e0 besoins sp\u00e9cifiques ou pour les professionnels, ainsi que des formations pour gagner en assurance\u2009: v\u00e9lo-\u00e9cole, remise en selle, ateliers de r\u00e9paration\u00a0etc. Enfin, des animations et \u00e9v\u00e9nements conviviaux accessibles \u00e0 tous seront organis\u00e9s tout au long de l\u2019ann\u00e9e.<\/p>\n<p class=\" wall-content\">\u00ab\u2009\u00c0 Palaiseau, nous faisons du v\u00e9lo une priorit\u00e9\u2009: avec plus de 12\u00a0km d\u2019itin\u00e9raires cyclables cr\u00e9\u00e9s depuis 2020, de nouveaux stationnements install\u00e9s dans tous les quartiers, l\u2019arriv\u00e9e des v\u00e9los en libre-service Lime, un travail continu avec les associations et le Comit\u00e9 des usagers de l\u2019espace public pour am\u00e9liorer le partage de la voirie, et un Plan V\u00e9lo de territoire men\u00e9 avec l\u2019Agglom\u00e9ration Paris-Saclay. L\u2019arriv\u00e9e d\u2019une Maison du v\u00e9lo vient <strong>renforcer cette dynamique<\/strong>, et confirme l\u2019attractivit\u00e9 de notre ville au c\u0153ur du r\u00e9seau mobilit\u00e9s du plateau\u2009\u00bb, s\u2019est r\u00e9joui le maire de Palaiseau Gr\u00e9goire de Lasteyrie sur sa page Facebook.<\/p>\n<p>Votre r\u00e9gion, votre actu !<\/p>\n<p>Recevez chaque jour les infos qui comptent pour vous.<\/p>\n<p>\t<a href=\"https:\/\/actu.fr\/newsletter\" class=\"ac-btn ac-btn--corner ac-btn--medium ac-btn--blue800\" target=\"_blank\" rel=\"noopener\">S&rsquo;incrire<\/a><\/p>\n<p>    <a href=\"https:\/\/www.facebook.com\/plugins\/post.php?href=https%3A%2F%2Fwww.facebook.com%2Flasteyrie%2Fposts%2Fpfbid02eYnZuc1XynUwnJctKuZJ66o6N77t5KLRQudXskmczAdLqRj8Z9atiuHmKSFGAxdRl&amp;show_text=true&amp;width=350\" title=\"Ouvrie le lien\" target=\"_blank\" rel=\"noopener\">Cliquez ici pour visualiser le contenu<\/a><\/p>\n<p class=\" wall-content\">\u00c0 terme, ce sont 16 Maisons du v\u00e9lo, dont 9 fixes et 7 mobiles, qui verront le jour d\u2019ici fin 2026 pour \u00ab\u2009mailler l\u2019ensemble du territoire francilien et offrir \u00e0 chacun un point d\u2019appui pour se lancer ou progresser dans la pratique du v\u00e9lo\u2009\u00bb. Deux autres Maisons du v\u00e9lo devraient ouvrir dans le d\u00e9partement de l\u2019Essonne, notamment \u00e0 <strong>\u00c9vry-Courcouronnes<\/strong> et <strong>Juvisy-sur-Orge<\/strong>.<\/p>\n<p class=\" wall-content\">Personnalisez votre actualit\u00e9 en ajoutant vos villes et m\u00e9dias en favori avec <a href=\"https:\/\/moncompte.actu.fr\" title=\"D\u00e9couvez Mon Actu\" rel=\"nofollow noopener\" data-trk=\"{&quot;cta&quot;:{&quot;action&quot;:&quot;https:\\\/\\\/moncompte.actu.fr&quot;,&quot;category&quot;:&quot;mon compte&quot;,&quot;from&quot;:&quot;article footer&quot;,&quot;name&quot;:&quot;Mon actu&quot;,&quot;type&quot;:&quot;cta&quot;}}\" target=\"_blank\">Mon Actu<\/a>.<\/p>\n","protected":false},"excerpt":{"rendered":"Par Coline Bonvalot Publi\u00e9 le 16 d\u00e9c. 2025 \u00e0 18h04 Une \u00ab\u2009excellente nouvelle\u2009\u00bb. \u00cele-de-France Mobilit\u00e9s (IDFM) a r\u00e9cemment&hellip;\n","protected":false},"author":2,"featured_media":603397,"comment_status":"","ping_status":"","sticky":false,"template":"","format":"standard","meta":{"footnotes":""},"categories":[1592],"tags":[1111,11,1777,674,1011,27,12284,662,10883,12,626,25,104,71565],"class_list":{"0":"post-603396","1":"post","2":"type-post","3":"status-publish","4":"format-standard","5":"has-post-thumbnail","7":"category-ile-de-france","8":"tag-actu","9":"tag-actualites","10":"tag-eu","11":"tag-europe","12":"tag-fr","13":"tag-france","14":"tag-grand-paris-express","15":"tag-ile-de-france","16":"tag-ile-de-france-mobilites","17":"tag-news","18":"tag-paris","19":"tag-republique-francaise","20":"tag-societe","21":"tag-veligo"},"share_on_mastodon":{"url":"https:\/\/pubeurope.com\/@fr\/115730397606493848","error":""},"_links":{"self":[{"href":"https:\/\/www.europesays.com\/fr\/wp-json\/wp\/v2\/posts\/603396","targetHints":{"allow":["GET"]}}],"collection":[{"href":"https:\/\/www.europesays.com\/fr\/wp-json\/wp\/v2\/posts"}],"about":[{"href":"https:\/\/www.europesays.com\/fr\/wp-json\/wp\/v2\/types\/post"}],"author":[{"embeddable":true,"href":"https:\/\/www.europesays.com\/fr\/wp-json\/wp\/v2\/users\/2"}],"replies":[{"embeddable":true,"href":"https:\/\/www.europesays.com\/fr\/wp-json\/wp\/v2\/comments?post=603396"}],"version-history":[{"count":0,"href":"https:\/\/www.europesays.com\/fr\/wp-json\/wp\/v2\/posts\/603396\/revisions"}],"wp:featuredmedia":[{"embeddable":true,"href":"https:\/\/www.europesays.com\/fr\/wp-json\/wp\/v2\/media\/603397"}],"wp:attachment":[{"href":"https:\/\/www.europesays.com\/fr\/wp-json\/wp\/v2\/media?parent=603396"}],"wp:term":[{"taxonomy":"category","embeddable":true,"href":"https:\/\/www.europesays.com\/fr\/wp-json\/wp\/v2\/categories?post=603396"},{"taxonomy":"post_tag","embeddable":true,"href":"https:\/\/www.europesays.com\/fr\/wp-json\/wp\/v2\/tags?post=603396"}],"curies":[{"name":"wp","href":"https:\/\/api.w.org\/{rel}","templated":true}]}}