{"id":603408,"date":"2025-12-16T17:26:27","date_gmt":"2025-12-16T17:26:27","guid":{"rendered":"https:\/\/www.europesays.com\/fr\/603408\/"},"modified":"2025-12-16T17:26:27","modified_gmt":"2025-12-16T17:26:27","slug":"en-direct-ukraine-la-participation-des-europeens-aux-pourparlers-naugure-rien-de-bon-selon-le-kremlin","status":"publish","type":"post","link":"https:\/\/www.europesays.com\/fr\/603408\/","title":{"rendered":"EN DIRECT &#8211; Ukraine : la participation des Europ\u00e9ens aux pourparlers \u00ab\u00a0n&rsquo;augure rien de bon\u00a0\u00bb, selon le Kremlin"},"content":{"rendered":"<p>LA RUSSIE REDOUTE L&rsquo;IMPLICATION EUROP\u00c9ENNE17:31<\/p>\n<p>Le Kremlin a estim\u00e9 mardi que la participation des Europ\u00e9ens aux n\u00e9gociations en cours sur le plan am\u00e9ricain pour l&rsquo;Ukraine \u00ab\u00a0n&rsquo;augure rien de bon\u00a0\u00bb, tout en affirmant ne pas avoir encore \u00e9t\u00e9 inform\u00e9 des r\u00e9sultats des derniers pourparlers \u00e0 Berlin.<\/p>\n<p>\u00ab\u00a0La participation des Europ\u00e9ens, en termes d&rsquo;acceptabilit\u00e9 (de l&rsquo;accord par Moscou), n&rsquo;augure rien de bon\u00a0\u00bb, a d\u00e9clar\u00e9 le porte-parole de la pr\u00e9sidence russe, Dmitri Peskov, cit\u00e9 par les agences de presse russes.<\/p>\n<p>LES CRAINTES DE L&rsquo;ONU17:20<\/p>\n<p>Le Haut-Commissaire de l&rsquo;ONU pour les droits de l&rsquo;homme s&rsquo;est inqui\u00e9t\u00e9 mardi d&rsquo;une diminution des libert\u00e9s dans les territoires ukrainiens occup\u00e9s par la Russie.<\/p>\n<p>\u00ab\u00a0Dans les territoires occup\u00e9s par la Russie, nos conclusions font \u00e9tat d&rsquo;un durcissement des restrictions \u00e0 la libert\u00e9 de circulation, d&rsquo;expression et de religion\u00a0\u00bb, a d\u00e9clar\u00e9 Volker T\u00fcrk, devant le Conseil des droits de l&rsquo;homme de l&rsquo;ONU. Il a soulign\u00e9 que l&rsquo;acc\u00e8s \u00e0 internet et aux services de messagerie a \u00e9t\u00e9 encore \u00ab\u00a0davantage limit\u00e9\u00a0\u00bb. \u00a0Il a par ailleurs indiqu\u00e9 que \u00ab\u00a0les confiscations de biens par les autorit\u00e9s russes dans les territoires occup\u00e9s, en violation du droit international humanitaire, suscitent des inqui\u00e9tudes croissantes\u00a0\u00bb.\u00a0<\/p>\n<p>\u00ab\u00a0En date de novembre 2025, plus de 38.000 logements \u00e9taient enregistr\u00e9s comme potentiellement abandonn\u00e9s dans les r\u00e9gions occup\u00e9es\u00a0\u00bb mais \u00ab\u00a0les Ukrainiens ont indiqu\u00e9 \u00eatre dans l&rsquo;impossibilit\u00e9 de v\u00e9rifier le statut de leurs biens immobiliers et d&rsquo;en conserver la propri\u00e9t\u00e9, en raison d&rsquo;obstacles proc\u00e9duraux\u00a0\u00bb, a expliqu\u00e9 M. T\u00fcrk.<\/p>\n<p>LE FLANC ORIENTAL, UNE PRIORIT\u00c9 \u00ab\u00a0IMM\u00c9DIATE\u00a0\u00bb15:53<\/p>\n<p>La d\u00e9fense du flanc oriental de l&rsquo;Europe doit \u00eatre une priorit\u00e9 \u00ab\u00a0imm\u00e9diate\u00a0\u00bb en raison de la menace russe, ont d\u00e9clar\u00e9 mardi les dirigeants de huit pays du nord et de l&rsquo;est de l&rsquo;Europe lors d&rsquo;un sommet \u00e0 Helsinki. \u00ab\u00a0La Russie reste une menace aujourd&rsquo;hui, demain et dans un avenir pr\u00e9visible\u00a0\u00bb, a dit le Premier ministre finlandais Petteri Orpo, \u00e0 l&rsquo;occasion d&rsquo;une conf\u00e9rence de presse.<\/p>\n<p>\u00ab\u00a0La situation exige que l&rsquo;on accorde imm\u00e9diatement la priorit\u00e9 au flanc oriental de l&rsquo;UE gr\u00e2ce \u00e0 une approche op\u00e9rationnelle, coordonn\u00e9e et multi-domaines\u00a0\u00bb, \u00e9crivent dans une d\u00e9claration les dirigeants de la Finlande, la Su\u00e8de, la Lettonie, la Lituanie, l&rsquo;Estonie, la Pologne, la Roumanie et la Bulgarie.<\/p>\n<p>Les signataires insistent en particulier sur un renforcement des efforts des capacit\u00e9s de combat terrestre, de d\u00e9fense contre les drones, de d\u00e9fense a\u00e9rienne et antimissile et de protection des fronti\u00e8res et des infrastructures critiques dans le cadre de l&rsquo;UE, et en lien avec l&rsquo;Otan.<\/p>\n<p>LE KREMLIN CRITIQUE L&rsquo;UE13:20<\/p>\n<p>Le Kremlin dit ne pas avoir vu les propositions europ\u00e9ennes sur des garanties de s\u00e9curit\u00e9 pour l&rsquo;Ukraine pour mettre fin au conflit entre Kiev et Moscou, publi\u00e9es la veille, et s&rsquo;est donc abstenu de les commenter.<\/p>\n<p>\u00ab\u00a0Pour l&rsquo;instant nous n&rsquo;avons vu que des publications dans les journaux et nous ne r\u00e9agirons pas \u00e0 des publications dans les journaux. Nous n&rsquo;avons pas vu le texte. Quand nous le verrons, alors nous l&rsquo;analyserons\u00a0\u00bb, a d\u00e9clar\u00e9 \u00e0 la presse le porte-parole du Kremlin, Dmitri Peskov.<\/p>\n<p>Il \u00e9tait interrog\u00e9 sur la d\u00e9claration conjointe de dirigeants europ\u00e9ens, rendue publique lundi soir par le gouvernement allemand apr\u00e8s deux jours de n\u00e9gociations \u00e0 Berlin entre le pr\u00e9sident ukrainien Volodymyr Zelensky et des \u00e9missaires am\u00e9ricains pour tenter d&rsquo;aboutir \u00e0 un plan pouvant mettre fin aux combats.<\/p>\n<p>Les dirigeants des principaux pays europ\u00e9ens &#8211; notamment l&rsquo;Allemagne, la France et la Grande-Bretagne &#8211; et de l&rsquo;UE y ont fait part de leur proposition d&rsquo;une \u00ab\u00a0force multinationale pour l&rsquo;Ukraine\u00a0\u00bb qui serait \u00ab\u00a0compos\u00e9e de contributions de nations volontaires, et soutenue par les \u00c9tats-Unis\u00a0\u00bb, et de soutenir de mani\u00e8re \u00ab\u00a0durable\u00a0\u00bb une arm\u00e9e ukrainienne de 800.000 hommes.<\/p>\n<p>AFFAIRE NAVALNY13:19<\/p>\n<p>La Cour europ\u00e9enne des droits de l&rsquo;homme (CEDH) a condamn\u00e9 ce mardi la Russie pour de nombreuses mesures contre des organisations li\u00e9es \u00e0 l&rsquo;opposant Alexe\u00ef Navalny, destin\u00e9es \u00e0 \u00e9liminer l&rsquo;opposition.<\/p>\n<p>Parmi ces mesures, prises \u00e0 partir de 2019, des perquisitions coordonn\u00e9es \u00e0 grande \u00e9chelle, saisie de biens, gel de comptes bancaires, classification de l&rsquo;organisation de Navalny (le Fonds de lutte contre la corruption, le FBK) comme \u00ab\u00a0agent de l&rsquo;\u00e9tranger\u00a0\u00bb puis sa qualification \u00ab\u00a0d&rsquo;extr\u00e9miste\u00a0\u00bb.\u00a0<\/p>\n<p>Charismatique militant anticorruption et opposant num\u00e9ro un \u00e0 Vladimir Poutine, Alexe\u00ef Navalny est mort en f\u00e9vrier 2024 dans des circonstances troubles dans une colonie p\u00e9nitentiaire de l&rsquo;Arctique russe.<\/p>\n<p>UN FONDS EUROP\u00c9EN POUR D\u00c9DOMMAGER L&rsquo;UKRAINE11:46<\/p>\n<p>De hauts responsables europ\u00e9ens se r\u00e9unissent ce mardi pour approuver la mise en place d&rsquo;un organisme international bas\u00e9 \u00e0 La Haye et charg\u00e9 de statuer sur les r\u00e9parations \u00e0 verser \u00e0 l&rsquo;Ukraine pour compenser l&rsquo;invasion russe.<\/p>\n<p>La \u00ab\u00a0Commission internationale des r\u00e9clamations pour l&rsquo;Ukraine\u00a0\u00bb \u00e9valuera et statuera sur les demandes de r\u00e9parations, y compris sur les montants \u00e0 verser, sachant qu&rsquo;un \u00ab\u00a0registre des dommages\u00a0\u00bb existe d\u00e9j\u00e0 et a re\u00e7u environ 80.000 demandes d&rsquo;indemnisation \u00e9manant de particuliers ou d&rsquo;organisations.<\/p>\n<p>Le m\u00e9canisme d&rsquo;indemnisation sera coordonn\u00e9 par le Conseil de l&rsquo;Europe, qui si\u00e8ge \u00e0 Strasbourg, un groupe de 46 nations dont la mission est de prot\u00e9ger les droits de l&rsquo;homme sur le continent et dont la Russie a \u00e9t\u00e9 exclue en mars 2022 apr\u00e8s l&rsquo;invasion de l&rsquo;Ukraine.<\/p>\n<p>La troisi\u00e8me \u00e9tape consistera \u00e0 cr\u00e9er un fonds d&rsquo;indemnisation mais le fonctionnement de cette partie cruciale du processus n&rsquo;a pas encore \u00e9t\u00e9 clarifi\u00e9, notamment car la question de l&rsquo;\u00e9ventuelle utilisation des avoirs russes gel\u00e9s.<\/p>\n<p>Un plan europ\u00e9en pour utiliser ces avoirs est soutenu par de nombreux Etats membres de l&rsquo;Union europ\u00e9enne dont l&rsquo;Allemagne, mais se heurte \u00e0 l&rsquo;opposition ferme de la Belgique. Les dirigeants de l&rsquo;UE doivent trancher lors d&rsquo;un sommet qui d\u00e9bute jeudi.<\/p>\n<p>ZELENSKY NE VEUT PAS ABANDONNER LE DONBASS11:44<\/p>\n<p>Apr\u00e8s sa rencontre avec le chancelier allemand Friedrich Merz \u00e0 Berlin, et un appel t\u00e9l\u00e9phonique avec Donald Trump lundi soir, Volodymr Zelensky a d\u00e9clar\u00e9 aux journalistes ukrainies qu\u2019il refusait d\u2019abandonner le Donbass. \u00ab\u00a0La position des Russes est inchang\u00e9e. Ils veulent notre Donbass. Notre position est pratique, r\u00e9aliste et juste. Nous la d\u00e9fendons car nous ne voulons pas abandonner notre Donbass\u00a0\u00bb, a-t-il insist\u00e9 lors d\u2019un point de presse sur Whastapp.<\/p>\n<p>\u00ab\u00a0Les Am\u00e9ricains veulent trouver un compromis. Ils proposent une zone \u00e9conomique libre\u00a0\u00bb, a-t-il poursuivi. \u00ab\u00a0Je tiens \u00e0 le souligner une fois de plus : une zone \u00e9conomique libre ne signifie pas sous le contr\u00f4le de la F\u00e9d\u00e9ration de Russie. Ce sont des caract\u00e9ristiques importantes pour moi de toute discussion concernant le Donbass. Ni de jure ni de facto, nous ne reconna\u00eetrons le Donbass comme russe.\u00a0\u00bb<\/p>\n<p><img decoding=\"async\" src=\"https:\/\/www.europesays.com\/fr\/wp-content\/uploads\/2025\/12\/zelensky-ukraine-2026-cd5c4d-1@1x.jpeg\" alt=\"Volodymyr Zelensky, pr\u00e9sident de l'Ukraine.  - Tetiana DZHAFAROVA \/ AFP\" loading=\"lazy\" importance=\"low\" fetchpriority=\"low\" class=\"\"\/>Volodymyr Zelensky, pr\u00e9sident de l&rsquo;Ukraine.  &#8211; Tetiana DZHAFAROVA \/ AFPKOUPIANSK SOUS CONTR\u00d4LE RUSSE ?08:47<\/p>\n<p>La Russie affirme avoir le \u00ab\u00a0contr\u00f4le\u00a0\u00bb de Koupiansk, ville-cl\u00e9 du nord-est de l&rsquo;Ukraine, o\u00f9 les forces ukrainiennes ont revendiqu\u00e9 r\u00e9cemment la reprise de plusieurs quartiers \u00e0 l&rsquo;arm\u00e9e russe.<\/p>\n<p>\u00ab\u00a0La ville de Koupiansk est sous contr\u00f4le de la 6e arm\u00e9e russe\u00a0\u00bb, a d\u00e9clar\u00e9 \u00e0 l&rsquo;agence officielle russe TASS L\u00e9onide Charov, porte-parole du groupement militaire russe Zapad, d\u00e9ploy\u00e9 dans cette zone.\u00a0<\/p>\n<p>La Russie avait affirm\u00e9 avoir captur\u00e9 Koupiansk en novembre, l&rsquo;Ukraine assurant ensuite en avoir repris plusieurs quartiers.<\/p>\n<p>LA FRANCE R\u00c9CLAME \u00ab\u00a0DES GARANTIES\u00a0\u00bb08:18<\/p>\n<p>La France a de nouveau r\u00e9clam\u00e9 l&rsquo;\u00e9tablissement de \u00ab\u00a0garanties de s\u00e9curit\u00e9 robustes\u00a0\u00bb pour Kiev avant d&rsquo;aborder l&rsquo;\u00e9pineuse question des territoires ukrainiens dont la cession est exig\u00e9e par Moscou, a indiqu\u00e9 mardi l&rsquo;entourage d&rsquo;Emmanuel Macron apr\u00e8s des r\u00e9unions sur la question \u00e0 Berlin.<\/p>\n<p>\u00ab\u00a0Nous souhaitons d&rsquo;abord des garanties de s\u00e9curit\u00e9 robustes avant toute discussion sur les territoires. Nous avons progress\u00e9 sur la question des garanties, sur la base du travail accompli par la coalition des volontaires, gr\u00e2ce \u00e0 une clarification des modalit\u00e9s du soutien am\u00e9ricain\u00a0\u00bb, a ajoute cette source.<\/p>\n<p>LE CONFLIT PROCHE DE LA FIN ?06:31<\/p>\n<p>Ukraine : fin du conflit \u00ab\u00a0plus proche que jamais\u00a0\u00bbSource : TF1 Info<\/p>\n<p><img decoding=\"async\" src=\"https:\/\/www.europesays.com\/fr\/wp-content\/uploads\/2025\/12\/ukraine-fin-du-conflit-plus-proche-que-jamais-914c80-0@1x.jpeg\" alt=\"Ukraine : fin du conflit &quot;plus proche que jamais&quot;\" loading=\"lazy\" importance=\"low\" fetchpriority=\"low\" class=\"\"\/><img decoding=\"async\" src=\"https:\/\/www.tf1info.fr\/images\/icons\/player-logo-play.svg\" alt=\"Logo lecture\" class=\"jsx-d0de44c05fe3042c PlayerLazyload__Play\"\/>POURPARLERS SUR L&rsquo;UKRAINE06:06<\/p>\n<p>Apr\u00e8s deux jours de pourparlers \u00e0 Berlin avec des \u00e9missaires de Washington et des repr\u00e9sentants am\u00e9ricains, Volodymyr a \u00e9voqu\u00e9 des \u00ab\u00a0progr\u00e8s\u00a0\u00bb. Mais des divergences persistent, notamment sur les questions territoriales.<\/p>\n<p>International<img decoding=\"async\" src=\"https:\/\/www.europesays.com\/fr\/wp-content\/uploads\/2025\/12\/zelensky-negociations-berlin-341e22-0@1x.jpeg\" alt=\"Le pr\u00e9sident ukrainien et les n\u00e9gociateurs am\u00e9ricains dimanche 14 d\u00e9cembre \u00e0 Berlin.\" loading=\"lazy\" importance=\"low\" fetchpriority=\"low\" class=\"\" aria-hidden=\"true\"\/><\/p>\n<p>Publi\u00e9 hier \u00e0 21h39<\/p>\n<p>TRUMP OPTIMISTE05:50<\/p>\n<p>Volodymyr Zelensky s&rsquo;est f\u00e9licit\u00e9 lundi de \u00ab\u00a0progr\u00e8s\u00a0\u00bb dans les n\u00e9gociations avec les Etats-Unis pour mettre fin \u00e0 la guerre avec la Russie, les Europ\u00e9ens avan\u00e7ant de leur c\u00f4t\u00e9 la proposition d&rsquo;une force multinationale pour garantir la paix en Ukraine.<\/p>\n<p>Donald Trump s&rsquo;est lui montr\u00e9 tr\u00e8s optimiste, apr\u00e8s s&rsquo;\u00eatre entretenu avec le pr\u00e9sident ukrainien et plusieurs dirigeants europ\u00e9ens. \u00ab\u00a0Nous sommes plus proches aujourd&rsquo;hui que nous n&rsquo;avons jamais \u00e9t\u00e9\u00a0\u00bb d&rsquo;un accord mettant fin \u00e0 la guerre avec la Russie, a dit le pr\u00e9sident am\u00e9ricain dans le Bureau ovale, ajoutant s&rsquo;\u00eatre r\u00e9cemment entretenu avec le pr\u00e9sident russe Vladimir Poutine, sans plus de pr\u00e9cisions.<\/p>\n","protected":false},"excerpt":{"rendered":"LA RUSSIE REDOUTE L&rsquo;IMPLICATION EUROP\u00c9ENNE17:31 Le Kremlin a estim\u00e9 mardi que la participation des Europ\u00e9ens aux n\u00e9gociations en&hellip;\n","protected":false},"author":2,"featured_media":121124,"comment_status":"","ping_status":"","sticky":false,"template":"","format":"standard","meta":{"footnotes":""},"categories":[1590],"tags":[1111,11,1921,75,1073,1777,674,4710,1922,12,136,132,220,1917,67457,133,1920,134],"class_list":{"0":"post-603408","1":"post","2":"type-post","3":"status-publish","4":"format-standard","5":"has-post-thumbnail","7":"category-ukraine","8":"tag-actu","9":"tag-actualites","10":"tag-article-video","11":"tag-donald-trump","12":"tag-emmanuel-macron","13":"tag-eu","14":"tag-europe","15":"tag-friedrich-merz","16":"tag-info","17":"tag-news","18":"tag-otan","19":"tag-russie","20":"tag-ukraine","21":"tag-ukraine-4-annee-de-guerre","22":"tag-ukraine-russie-la-perspective-de-negociations-relancee","23":"tag-video","24":"tag-video-international","25":"tag-volodymyr-zelensky"},"share_on_mastodon":{"url":"https:\/\/pubeurope.com\/@fr\/115730422106701370","error":""},"_links":{"self":[{"href":"https:\/\/www.europesays.com\/fr\/wp-json\/wp\/v2\/posts\/603408","targetHints":{"allow":["GET"]}}],"collection":[{"href":"https:\/\/www.europesays.com\/fr\/wp-json\/wp\/v2\/posts"}],"about":[{"href":"https:\/\/www.europesays.com\/fr\/wp-json\/wp\/v2\/types\/post"}],"author":[{"embeddable":true,"href":"https:\/\/www.europesays.com\/fr\/wp-json\/wp\/v2\/users\/2"}],"replies":[{"embeddable":true,"href":"https:\/\/www.europesays.com\/fr\/wp-json\/wp\/v2\/comments?post=603408"}],"version-history":[{"count":0,"href":"https:\/\/www.europesays.com\/fr\/wp-json\/wp\/v2\/posts\/603408\/revisions"}],"wp:featuredmedia":[{"embeddable":true,"href":"https:\/\/www.europesays.com\/fr\/wp-json\/wp\/v2\/media\/121124"}],"wp:attachment":[{"href":"https:\/\/www.europesays.com\/fr\/wp-json\/wp\/v2\/media?parent=603408"}],"wp:term":[{"taxonomy":"category","embeddable":true,"href":"https:\/\/www.europesays.com\/fr\/wp-json\/wp\/v2\/categories?post=603408"},{"taxonomy":"post_tag","embeddable":true,"href":"https:\/\/www.europesays.com\/fr\/wp-json\/wp\/v2\/tags?post=603408"}],"curies":[{"name":"wp","href":"https:\/\/api.w.org\/{rel}","templated":true}]}}