{"id":603409,"date":"2025-12-16T17:27:13","date_gmt":"2025-12-16T17:27:13","guid":{"rendered":"https:\/\/www.europesays.com\/fr\/603409\/"},"modified":"2025-12-16T17:27:13","modified_gmt":"2025-12-16T17:27:13","slug":"aux-etats-unis-la-militante-mia-tretta-denonce-le-laxisme-meurtrier-des-autorites-sur-les-armes-apres-avoir-survecu-a-une-nouvelle-fusillade","status":"publish","type":"post","link":"https:\/\/www.europesays.com\/fr\/603409\/","title":{"rendered":"Aux \u00c9tats-Unis, la militante Mia Tretta d\u00e9nonce le laxisme meurtrier des autorit\u00e9s sur les armes apr\u00e8s avoir surv\u00e9cu \u00e0 une nouvelle fusillade"},"content":{"rendered":"<p class=\"chapo\">Mia Tretta, \u00e9tudiante de 21 ans et militante anti-armes, a surv\u00e9cu samedi 13 d\u00e9cembre \u00e0 une fusillade meurtri\u00e8re sur le campus de l\u2019universit\u00e9 Brown \u00e0 Rhode Island (\u00c9tats-Unis). D\u00e9j\u00e0 bless\u00e9e six ans plus t\u00f4t lors d\u2019une attaque au lyc\u00e9e Saugus, en Californie, elle d\u00e9nonce l\u2019inaction persistante du gouvernement am\u00e9ricain face aux tueries de masse,<\/p>\n","protected":false},"excerpt":{"rendered":"Mia Tretta, \u00e9tudiante de 21 ans et militante anti-armes, a surv\u00e9cu samedi 13 d\u00e9cembre \u00e0 une fusillade meurtri\u00e8re&hellip;\n","protected":false},"author":2,"featured_media":603410,"comment_status":"","ping_status":"","sticky":false,"template":"","format":"standard","meta":{"footnotes":""},"categories":[1589],"tags":[11,73,1866,12,1864,1865,1863,308],"class_list":{"0":"post-603409","1":"post","2":"type-post","3":"status-publish","4":"format-standard","5":"has-post-thumbnail","7":"category-etats-unis","8":"tag-actualites","9":"tag-etats-unis","10":"tag-etats-unis-damerique","11":"tag-news","12":"tag-united-states","13":"tag-united-states-of-america","14":"tag-us","15":"tag-usa"},"share_on_mastodon":{"url":"https:\/\/pubeurope.com\/@fr\/115730425146922502","error":""},"_links":{"self":[{"href":"https:\/\/www.europesays.com\/fr\/wp-json\/wp\/v2\/posts\/603409","targetHints":{"allow":["GET"]}}],"collection":[{"href":"https:\/\/www.europesays.com\/fr\/wp-json\/wp\/v2\/posts"}],"about":[{"href":"https:\/\/www.europesays.com\/fr\/wp-json\/wp\/v2\/types\/post"}],"author":[{"embeddable":true,"href":"https:\/\/www.europesays.com\/fr\/wp-json\/wp\/v2\/users\/2"}],"replies":[{"embeddable":true,"href":"https:\/\/www.europesays.com\/fr\/wp-json\/wp\/v2\/comments?post=603409"}],"version-history":[{"count":0,"href":"https:\/\/www.europesays.com\/fr\/wp-json\/wp\/v2\/posts\/603409\/revisions"}],"wp:featuredmedia":[{"embeddable":true,"href":"https:\/\/www.europesays.com\/fr\/wp-json\/wp\/v2\/media\/603410"}],"wp:attachment":[{"href":"https:\/\/www.europesays.com\/fr\/wp-json\/wp\/v2\/media?parent=603409"}],"wp:term":[{"taxonomy":"category","embeddable":true,"href":"https:\/\/www.europesays.com\/fr\/wp-json\/wp\/v2\/categories?post=603409"},{"taxonomy":"post_tag","embeddable":true,"href":"https:\/\/www.europesays.com\/fr\/wp-json\/wp\/v2\/tags?post=603409"}],"curies":[{"name":"wp","href":"https:\/\/api.w.org\/{rel}","templated":true}]}}