{"id":603415,"date":"2025-12-16T17:32:14","date_gmt":"2025-12-16T17:32:14","guid":{"rendered":"https:\/\/www.europesays.com\/fr\/603415\/"},"modified":"2025-12-16T17:32:14","modified_gmt":"2025-12-16T17:32:14","slug":"lue-propose-dautoriser-certains-substances-sans-limite-de-temps-liberation","status":"publish","type":"post","link":"https:\/\/www.europesays.com\/fr\/603415\/","title":{"rendered":"l\u2019UE propose d\u2019autoriser certains substances sans limite de temps \u2013 Lib\u00e9ration"},"content":{"rendered":"<p class=\"sc-cPiKLX AiZTS text-element\">Apr\u00e8s le recul sur <a href=\"https:\/\/www.liberation.fr\/economie\/transports\/lunion-europeenne-met-un-coup-de-frein-a-linterdiction-des-voitures-thermiques-neuves-en-2035-20251216_RRUNFRYHYNHCRFDUGGPWN4YAGQ\/\" target=\"_blank\" rel=\"noreferrer noopener\" title=\"https:\/\/www.liberation.fr\/economie\/transports\/lunion-europeenne-met-un-coup-de-frein-a-linterdiction-des-voitures-thermiques-neuves-en-2035-20251216_RRUNFRYHYNHCRFDUGGPWN4YAGQ\/\">les moteurs thermiques des voitures<\/a>, l\u2019UE est sur le point de faire coup double dans le backlash \u00e9cologique. La Commission europ\u00e9enne a propos\u00e9 ce mardi 16 d\u00e9cembre d\u2019autoriser sans limite de temps certains pesticides, \u00e0 l\u2019exception des substances jug\u00e9es dangereuses, afin de simplifier les proc\u00e9dures pour les entreprises. Bruxelles voudrait rendre son syst\u00e8me d\u2019autorisation plus \u00abr\u00e9actif\u00bb, \u00aben supprimant l\u2019obligation de renouvellement d\u2019une partie des pesticides\u00bb. Cette mesure, redout\u00e9e par les organisations environnementales, va \u00eatre soumise aux Etats membres et aux eurod\u00e9put\u00e9s.<\/p>\n<p class=\"sc-cPiKLX AiZTS text-element\"><b>Plus d\u2019informations \u00e0 venir\u2026<\/b><\/p>\n","protected":false},"excerpt":{"rendered":"Apr\u00e8s le recul sur les moteurs thermiques des voitures, l\u2019UE est sur le point de faire coup double&hellip;\n","protected":false},"author":2,"featured_media":603416,"comment_status":"","ping_status":"","sticky":false,"template":"","format":"standard","meta":{"footnotes":""},"categories":[1586],"tags":[11,5253,1777,674,1779,1011,27,12,2091,25,1778,364],"class_list":{"0":"post-603415","1":"post","2":"type-post","3":"status-publish","4":"format-standard","5":"has-post-thumbnail","7":"category-europe","8":"tag-actualites","9":"tag-biodiversite-cest-la-sante","10":"tag-eu","11":"tag-europe","12":"tag-european-union","13":"tag-fr","14":"tag-france","15":"tag-news","16":"tag-pesticides","17":"tag-republique-francaise","18":"tag-ue","19":"tag-union-europeenne"},"share_on_mastodon":{"url":"https:\/\/pubeurope.com\/@fr\/115730444792837441","error":""},"_links":{"self":[{"href":"https:\/\/www.europesays.com\/fr\/wp-json\/wp\/v2\/posts\/603415","targetHints":{"allow":["GET"]}}],"collection":[{"href":"https:\/\/www.europesays.com\/fr\/wp-json\/wp\/v2\/posts"}],"about":[{"href":"https:\/\/www.europesays.com\/fr\/wp-json\/wp\/v2\/types\/post"}],"author":[{"embeddable":true,"href":"https:\/\/www.europesays.com\/fr\/wp-json\/wp\/v2\/users\/2"}],"replies":[{"embeddable":true,"href":"https:\/\/www.europesays.com\/fr\/wp-json\/wp\/v2\/comments?post=603415"}],"version-history":[{"count":0,"href":"https:\/\/www.europesays.com\/fr\/wp-json\/wp\/v2\/posts\/603415\/revisions"}],"wp:featuredmedia":[{"embeddable":true,"href":"https:\/\/www.europesays.com\/fr\/wp-json\/wp\/v2\/media\/603416"}],"wp:attachment":[{"href":"https:\/\/www.europesays.com\/fr\/wp-json\/wp\/v2\/media?parent=603415"}],"wp:term":[{"taxonomy":"category","embeddable":true,"href":"https:\/\/www.europesays.com\/fr\/wp-json\/wp\/v2\/categories?post=603415"},{"taxonomy":"post_tag","embeddable":true,"href":"https:\/\/www.europesays.com\/fr\/wp-json\/wp\/v2\/tags?post=603415"}],"curies":[{"name":"wp","href":"https:\/\/api.w.org\/{rel}","templated":true}]}}