{"id":603423,"date":"2025-12-16T17:38:16","date_gmt":"2025-12-16T17:38:16","guid":{"rendered":"https:\/\/www.europesays.com\/fr\/603423\/"},"modified":"2025-12-16T17:38:16","modified_gmt":"2025-12-16T17:38:16","slug":"la-prolongation-de-ntamack-patinerait-de-possibles-tensions-en-lien-avec-dupont","status":"publish","type":"post","link":"https:\/\/www.europesays.com\/fr\/603423\/","title":{"rendered":"la prolongation de Ntamack patinerait, de possibles tensions en lien avec Dupont ?"},"content":{"rendered":"<p>Le Stade Toulousain se retrouve une nouvelle fois au c\u0153ur de l\u2019actualit\u00e9 et ce coup-ci, il s\u2019en passerait bien. Depuis des semaines, le club faisait face \u00e0 une enqu\u00eate de l\u2019Autorit\u00e9 de r\u00e9gulation pour le transfert de Melvyn Jaminet. <a href=\"https:\/\/www.quinzemondial.com\/top-14\/stade-toulousain-mola-aurait-force-pour-faire-venir-jaminet-le-club-soulage-par-un-verdict-dont-personne-nosait-rever-821239\" target=\"_blank\" rel=\"noopener\">Condamn\u00e9 \u00e0 deux points de retrait et une amende de 30 000 euros<\/a> pour avoir contourn\u00e9 le salary-cap, l\u2019institution rouge et noir s\u2019en sort bien et voit ses d\u00e9tracteurs d\u00e9noncer une <a href=\"https:\/\/www.quinzemondial.com\/top-14\/stade-toulousain-apres-la-decision-de-la-lnr-des-internautes-sinsurgent-face-a-une-sanction-jugee-trop-faible-821241\" target=\"_blank\" rel=\"noopener\">sanction jug\u00e9e trop cl\u00e9mente.<\/a><\/p>\n<p>De possibles tensions dans le vestiaire<\/p>\n<p>D\u00e9sormais, place au terrain avec le d\u00e9placement sur la pelouse du LOU programm\u00e9 ce samedi soir, o\u00f9 <a href=\"https:\/\/www.quinzemondial.com\/top-14\/stade-toulousain-de-nombreux-joueurs-laisses-au-repos-une-equipe-remaniee-a-lyon-821251\" target=\"_blank\" rel=\"noopener\">de nombreux joueurs manqueront \u00e0 l\u2019appel<\/a> \u00e0 l\u2019image de Romain Ntamack, qui b\u00e9n\u00e9ficie d\u2019une semaine de vacances. Dans l\u2019\u00e9mission Le P\u2019tit Buro, diffus\u00e9e chaque lundi sur Twitch, Alexandre Priam s\u2019est confi\u00e9 sur l\u2019ambiance au sein du club apr\u00e8s ce jugement et notamment sur le cas de l\u2019ouvreur.<\/p>\n<p>Selon le journaliste de Sud Radio, la prolongation de Romain Ntamack n\u2019aurait pas d\u00e9but\u00e9 sur de bonnes bases et patinerait. Ce dernier explique ainsi que la r\u00e9cente prolongation d\u2019Antoine Dupont et sa revalorisation salariale pourrait expliquer ces tensions, cr\u00e9ant une forme de jalousie. Il serait alors reproch\u00e9 au club une communication trop centr\u00e9e autour de son demi de m\u00eal\u00e9e, ce qui pourrait \u00e9nerver d\u2019autres joueurs de l\u2019effectif. Si ses informations sont \u00e9videmment \u00e0 prendre avec des pincettes et que l\u2019on imagine mal Romain Ntamack quitter son club de toujours, le dossier risque de continuer d\u2019agiter la direction dans les mois \u00e0 venir. Pour rappel, il est sous contrat jusqu\u2019en 2028.<\/p>\n<blockquote class=\"twitter-tweet\">\n<p dir=\"ltr\" lang=\"fr\">Beaucoup question de rouge et de noir dans ce 17e P\u2019Tit Buro \ud83d\udc40<\/p>\n<p>Mais rassurez-vous, <a href=\"https:\/\/twitter.com\/AymericMilan?ref_src=twsrc%5Etfw\" target=\"_blank\" rel=\"noopener\">@AymericMilan<\/a> et le Claude Monet de Los Angeles <a href=\"https:\/\/twitter.com\/AlexandrePriam?ref_src=twsrc%5Etfw\" target=\"_blank\" rel=\"noopener\">@AlexandrePriam<\/a> n\u2019ont rien contre les peintres, ils les adorent<\/p>\n<p>News, Champions Cup, un top 100 sp\u00e9cial : tout y passe !<a href=\"https:\/\/t.co\/VzuR1ZhieM\">https:\/\/t.co\/VzuR1ZhieM<\/a><\/p>\n<p>\u2014 Cl\u00e9ment Combes (@clmntcmbs) <a href=\"https:\/\/twitter.com\/clmntcmbs\/status\/2000823011457499234?ref_src=twsrc%5Etfw\" target=\"_blank\" rel=\"noopener\">December 16, 2025<\/a><\/p>\n<\/blockquote>\n<p>Il convient \u00e9galement de souligner que le Stade Toulousain a perdu une importante somme d\u2019argent ces derniers mois dans le dossier relatif \u00e0 Melvyn Jaminet. En plus des 500 000 euros volatilis\u00e9s lors du contrat pass\u00e9 avec Pacific Heart, le club a d\u00fb s\u2019acquitter d\u2019une amende d\u20191,3 millions d\u2019euros, plus l\u2019amende de 30 000 euros prononc\u00e9e ce lundi. Enfin, l\u2019arri\u00e8re international a \u00e9galement per\u00e7u le remboursement de ses pr\u00eats pour payer sa clause lib\u00e9ratoire. De quoi s\u00e9rieusement corser l\u2019addition quand plusieurs \u00e9l\u00e9ments cl\u00e9s doivent \u00eatre prolong\u00e9s.<\/p>\n<p>Partagez cette info avec vos amis et vos proches en cliquant ici<br \/>Pour r\u00e9sumer<\/p>\n<p>Selon le journaliste de Sud Radio Alexandre Priam, les n\u00e9gociations entre le Stade Toulousain et Romain Ntamack au sujet d\u2019une prolongation auraient mal d\u00e9but\u00e9. Le traitement r\u00e9serv\u00e9 \u00e0 Antoine Dupont pourrait l\u2019expliquer en partie.<\/p>\n<p> <img decoding=\"async\" width=\"76\" height=\"76\" loading=\"lazy\" src=\"https:\/\/www.europesays.com\/fr\/wp-content\/uploads\/2025\/04\/avatar-quinze.png\" alt=\"La r\u00e9daction\"\/><script async src=\"https:\/\/platform.twitter.com\/widgets.js\" charset=\"utf-8\"><\/script><\/p>\n","protected":false},"excerpt":{"rendered":"Le Stade Toulousain se retrouve une nouvelle fois au c\u0153ur de l\u2019actualit\u00e9 et ce coup-ci, il s\u2019en passerait&hellip;\n","protected":false},"author":2,"featured_media":603424,"comment_status":"","ping_status":"","sticky":false,"template":"","format":"standard","meta":{"footnotes":""},"categories":[1416],"tags":[1011,27,479,1468,60,476,478],"class_list":{"0":"post-603423","1":"post","2":"type-post","3":"status-publish","4":"format-standard","5":"has-post-thumbnail","7":"category-rugby","8":"tag-fr","9":"tag-france","10":"tag-rugby","11":"tag-rugby-football","12":"tag-sports","13":"tag-stade-toulousain","14":"tag-top-14"},"share_on_mastodon":{"url":"https:\/\/pubeurope.com\/@fr\/115730469150181402","error":""},"_links":{"self":[{"href":"https:\/\/www.europesays.com\/fr\/wp-json\/wp\/v2\/posts\/603423","targetHints":{"allow":["GET"]}}],"collection":[{"href":"https:\/\/www.europesays.com\/fr\/wp-json\/wp\/v2\/posts"}],"about":[{"href":"https:\/\/www.europesays.com\/fr\/wp-json\/wp\/v2\/types\/post"}],"author":[{"embeddable":true,"href":"https:\/\/www.europesays.com\/fr\/wp-json\/wp\/v2\/users\/2"}],"replies":[{"embeddable":true,"href":"https:\/\/www.europesays.com\/fr\/wp-json\/wp\/v2\/comments?post=603423"}],"version-history":[{"count":0,"href":"https:\/\/www.europesays.com\/fr\/wp-json\/wp\/v2\/posts\/603423\/revisions"}],"wp:featuredmedia":[{"embeddable":true,"href":"https:\/\/www.europesays.com\/fr\/wp-json\/wp\/v2\/media\/603424"}],"wp:attachment":[{"href":"https:\/\/www.europesays.com\/fr\/wp-json\/wp\/v2\/media?parent=603423"}],"wp:term":[{"taxonomy":"category","embeddable":true,"href":"https:\/\/www.europesays.com\/fr\/wp-json\/wp\/v2\/categories?post=603423"},{"taxonomy":"post_tag","embeddable":true,"href":"https:\/\/www.europesays.com\/fr\/wp-json\/wp\/v2\/tags?post=603423"}],"curies":[{"name":"wp","href":"https:\/\/api.w.org\/{rel}","templated":true}]}}