{"id":603426,"date":"2025-12-16T17:43:13","date_gmt":"2025-12-16T17:43:13","guid":{"rendered":"https:\/\/www.europesays.com\/fr\/603426\/"},"modified":"2025-12-16T17:43:13","modified_gmt":"2025-12-16T17:43:13","slug":"cc-coxyde-les-belges-selectionnes-actualite","status":"publish","type":"post","link":"https:\/\/www.europesays.com\/fr\/603426\/","title":{"rendered":"CC &#8211; Coxyde : Les Belges s\u00e9lectionn\u00e9s &#8211; Actualit\u00e9"},"content":{"rendered":"<p style=\"text-align: justify;\">La sixi\u00e8me manche de la Coupe du Monde de cyclo-cross\u00a0aura lieu ce dimanche 21 d\u00e9cembre \u00e0 Coxyde, en Belgique. Voici la liste des coureurs Belges s\u00e9lectionn\u00e9s par Angelo De Clercq.<\/p>\n<p style=\"text-align: justify;\"><strong>La s\u00e9lection belge :<br \/><\/strong><strong>Juniors Femmes<br \/><\/strong>Phebe BLIECK<br \/>Elise COUSSENS<br \/>Itta DE GENDT<br \/>Liese GEUENS<br \/>Melanie LEMMENS<br \/>Mart LEYSSENS<br \/>Lisa MAES<br \/>Yana PARTHOENS<br \/>Zita PEETERS<strong\/><\/p>\n<p><strong>Juniors Hommes<br \/><\/strong>Lars CORSUS<br \/>Flynn DELANGHE<br \/>Arthur JANSSENS<br \/>Giel LEJEUNE<br \/>Brent LIPPENS<br \/>Emiel OSAER<br \/>Bas VANDEN EYNDE<br \/>Jari VAN LEE<br \/>Cas VAN LOOKE<br \/>Daan WILMSEN<\/p>\n<p><strong>Espoirs Hommes<br \/><\/strong>Senn BOSSAERTS<br \/>Yordi CORSUS<br \/>Sil DE BRAUWERE<br \/>Kay DE BRUYCKERE<br \/>Kenay DE MOYER<br \/>Aaron DOCKX<br \/>Antoine JAMIN<br \/>Viktor VANDENBERGHE<br \/>Arthur VAN DEN BOER<br \/>Mats VANDEN EYNDE<strong\/><\/p>\n<p><strong>\u00c9lites Femmes<br \/><\/strong>Lotte BAELE<br \/>Julie BROUWERS<br \/>Kiona CRABB\u00c9<br \/>Xenna DE BRUYCKERE<br \/>Alexe DE RAEDEMAEKER<br \/>Fleur MOORS<br \/>Marion NORBERT RIBEROLLE<br \/>Jinse PEETERS<br \/>Ilken SEYNAVE<br \/>Kim VAN DE STEENE<br \/>Laura VERDONSCHOT<br \/>Sterre VERVLOET<br \/><strong><br \/><\/strong><strong>\u00c9lites Hommes<br \/><\/strong>Toon AERTS<br \/>Witse MEEUSSEN<br \/>Jente MICHELS<br \/>Thibau NYS &#8211; notre photo &#8211;\u00a0<br \/>Laurens SWEECK<br \/>Toon VANDEBOSCH<br \/>Victor VAN DE PUTTE<br \/>Niels VANDEPUTTE<br \/>Michael VANTHOURENHOUT<br \/>Emiel VERSTRYNGE<br \/>Joran WYSEURE<strong><br \/><\/strong><\/p>\n","protected":false},"excerpt":{"rendered":"La sixi\u00e8me manche de la Coupe du Monde de cyclo-cross\u00a0aura lieu ce dimanche 21 d\u00e9cembre \u00e0 Coxyde, en&hellip;\n","protected":false},"author":2,"featured_media":603427,"comment_status":"","ping_status":"","sticky":false,"template":"","format":"standard","meta":{"footnotes":""},"categories":[1411],"tags":[834,828,836,829,837,827,83,826,824,823,1154,207,814,817,815,816,822,821,832,211,839,1011,27,820,818,819,835,831,830,833,838,60,212,208,825],"class_list":{"0":"post-603426","1":"post","2":"type-post","3":"status-publish","4":"format-standard","5":"has-post-thumbnail","7":"category-cyclisme","8":"tag-attaque","9":"tag-belgique","10":"tag-braquet","11":"tag-bretagne","12":"tag-chute","13":"tag-competition","14":"tag-coupe-de-france","15":"tag-coureur","16":"tag-course-cyclisme","17":"tag-course-cycliste","18":"tag-cycling","19":"tag-cyclisme","20":"tag-direct","21":"tag-direct-velo","22":"tag-directvelo","23":"tag-directvelo-com","24":"tag-epreuve","25":"tag-epreuve-cycliste","26":"tag-federation-francaise-de-cyclisme","27":"tag-ffc","28":"tag-flandres","29":"tag-fr","30":"tag-france","31":"tag-live","32":"tag-live-course","33":"tag-live-epreuve","34":"tag-peloton","35":"tag-radio-peloton","36":"tag-radio-tour","37":"tag-ravitaillement","38":"tag-relance","39":"tag-sports","40":"tag-uci","41":"tag-velo","42":"tag-velos"},"share_on_mastodon":{"url":"https:\/\/pubeurope.com\/@fr\/115730488048621710","error":""},"_links":{"self":[{"href":"https:\/\/www.europesays.com\/fr\/wp-json\/wp\/v2\/posts\/603426","targetHints":{"allow":["GET"]}}],"collection":[{"href":"https:\/\/www.europesays.com\/fr\/wp-json\/wp\/v2\/posts"}],"about":[{"href":"https:\/\/www.europesays.com\/fr\/wp-json\/wp\/v2\/types\/post"}],"author":[{"embeddable":true,"href":"https:\/\/www.europesays.com\/fr\/wp-json\/wp\/v2\/users\/2"}],"replies":[{"embeddable":true,"href":"https:\/\/www.europesays.com\/fr\/wp-json\/wp\/v2\/comments?post=603426"}],"version-history":[{"count":0,"href":"https:\/\/www.europesays.com\/fr\/wp-json\/wp\/v2\/posts\/603426\/revisions"}],"wp:featuredmedia":[{"embeddable":true,"href":"https:\/\/www.europesays.com\/fr\/wp-json\/wp\/v2\/media\/603427"}],"wp:attachment":[{"href":"https:\/\/www.europesays.com\/fr\/wp-json\/wp\/v2\/media?parent=603426"}],"wp:term":[{"taxonomy":"category","embeddable":true,"href":"https:\/\/www.europesays.com\/fr\/wp-json\/wp\/v2\/categories?post=603426"},{"taxonomy":"post_tag","embeddable":true,"href":"https:\/\/www.europesays.com\/fr\/wp-json\/wp\/v2\/tags?post=603426"}],"curies":[{"name":"wp","href":"https:\/\/api.w.org\/{rel}","templated":true}]}}