{"id":603440,"date":"2025-12-16T17:51:12","date_gmt":"2025-12-16T17:51:12","guid":{"rendered":"https:\/\/www.europesays.com\/fr\/603440\/"},"modified":"2025-12-16T17:51:12","modified_gmt":"2025-12-16T17:51:12","slug":"faut-il-garder-les-enfants-a-la-maison-des-les-premiers-symptomes","status":"publish","type":"post","link":"https:\/\/www.europesays.com\/fr\/603440\/","title":{"rendered":"faut-il garder les enfants \u00e0 la maison d\u00e8s les premiers sympt\u00f4mes\u00a0?"},"content":{"rendered":"<p>                    Par<br \/>\n        <strong><br \/>\n            <a href=\"https:\/\/actu.fr\/auteur\/briac-trebert\" title=\"Consulter tous les articles de Briac Tr\u00e9bert\" target=\"_blank\" rel=\"noopener\">Briac Tr\u00e9bert<\/a><br \/>\n                    <\/strong><\/p>\n<p>        Publi\u00e9 le<\/p>\n<p>            16 d\u00e9c. 2025 \u00e0 11h10        <\/p>\n<p>Pr\u00e9coce, et surtout chez les <a href=\"https:\/\/actu.fr\/tag\/enfants\" target=\"_blank\" rel=\"noopener\">enfants<\/a>. La <a href=\"https:\/\/actu.fr\/tag\/grippe\" target=\"_blank\" rel=\"noopener\">grippe<\/a> a fait une entr\u00e9e en fanfare depuis le d\u00e9but du mois de d\u00e9cembre 2025 en France. Une augmentation observ\u00e9e dans toutes les classes d\u2019\u00e2ge, \u00ab et particuli\u00e8rement chez les enfants, avec un taux de positivit\u00e9 de 42 % chez les 6-18 ans et de 29 % chez les moins de 6 ans \u00bb, rapportait <a href=\"https:\/\/actu.fr\/tag\/sante\" target=\"_blank\" rel=\"noopener\">Sant\u00e9<\/a> publique France, la semaine derni\u00e8re. Cela signifie que presque un jeune patient sur deux consultant pour des sympt\u00f4mes respiratoires souffrait de la grippe au d\u00e9but d\u00e9cembre.<br \/>L\u2019ensemble des r\u00e9gions hexagonales est depuis en \u00e9pid\u00e9mie, except\u00e9 la Corse, pass\u00e9e en pr\u00e9-\u00e9pid\u00e9mie. Mais quelle est la d\u00e9cision \u00e0 prendre concernant la fr\u00e9quentation scolaire de son enfant dans ce contexte ?<\/p>\n<p class=\" wall-content\">Un peu partout, les enseignants alertent les parents, avec parfois ces messages, qu\u2019actu.fr a consult\u00e9s : ces derniers recommandent de \u00ab <strong>garder les enfants \u00e0 la maison<\/strong> d\u00e8s l\u2019apparition de l\u2019un des sympt\u00f4mes, retour \u00e0 l\u2019<a href=\"https:\/\/actu.fr\/tag\/ecoles\" target=\"_blank\" rel=\"noopener\">\u00e9cole<\/a> apr\u00e8s compl\u00e8te gu\u00e9rison \u00bb ; ou encore \u00ab si votre enfant a plus de 38\u00b0C de fi\u00e8vre, gardez-le \u00e0 la maison \u00bb.<\/p>\n<p class=\" wall-content\">Dans plusieurs \u00e9tablissements scolaires, les classes sont d\u00e9cim\u00e9es, avec parfois 50 % d\u2019\u00e9l\u00e8ves malades. Mais que disent les textes, concernant la grippe \u00e0 l\u2019\u00e9cole pour prot\u00e9ger la sant\u00e9 des \u00e9l\u00e8ves et du personnel et emp\u00eacher la propagation de la maladie ? Quelles maladies conduisent \u00e0 une \u00ab \u00e9viction scolaire \u00bb ? En d\u2019autres termes, un \u00e9l\u00e8ve gripp\u00e9 a-t-il le droit de fr\u00e9quenter l\u2019\u00e9cole ?<\/p>\n<p class=\" wall-content\"><strong>Voir dans notre carte les d\u00e9partements les plus touch\u00e9s actuellement par la grippe :\u00a0<\/strong><\/p>\n<p class=\" wall-content\">\n<p class=\" wall-content\">Si la carte ne s\u2019affiche pas correctement,\u00a0<a href=\"https:\/\/datawrapper.dwcdn.net\/ZxPx6\/5\/\" target=\"_blank\" rel=\"noopener\">cliquez ici<\/a>.<\/p>\n<p>\u00ab La fr\u00e9quentation de la collectivit\u00e9 \u00e0 la phase aigu\u00eb n\u2019est pas conseill\u00e9e \u00bb<\/p>\n<p class=\" wall-content\">Un <a href=\"https:\/\/www.legifrance.gouv.fr\/loda\/id\/JORFTEXT000000705286\" target=\"_blank\" rel=\"noopener\">arr\u00eat\u00e9 interminist\u00e9riel, qui date du 3 mai 1989<\/a>, encadre ces \u00ab \u00e9victions \u00bb, c\u2019est-\u00e0-dire le fait d\u2019\u00eatre pri\u00e9 de ne pas venir \u00e0 l\u2019\u00e9cole pour cause de maladie contagieuse. Au m\u00eame titre que la coqueluche, la varicelle, ou encore la rougeole, d\u2019apr\u00e8s cet arr\u00eat\u00e9, pas d\u2019\u00e9cole (normalement) pour les enfants souffrant de la grippe.<\/p>\n<blockquote class=\"ac-article-quote wall-content\">\n<p>Tous les \u00e9l\u00e8ves et les membres du personnel atteints de maladies contagieuses ou ayant \u00e9t\u00e9 au contact d&rsquo;une personne pr\u00e9sentant l&rsquo;une de ces affections sont soumis \u00e0 des mesures de prophylaxie, dont parfois l&rsquo;\u00e9viction. Ces dispositions sont applicables \u00e0 tous les \u00e9tablissements d&rsquo;enseignement et d&rsquo;\u00e9ducation publics et priv\u00e9s de tous ordres. Les m\u00eames dispositions s&rsquo;appliquent \u00e9galement aux centres de vacances et de loisirs.<\/p>\n<p>    <strong>Arr\u00eat\u00e9 du 3 mai 1989 relatif aux dur\u00e9es et conditions d&rsquo;\u00e9viction en cas de maladies contagieuses<\/strong>\n            <\/p><\/blockquote>\n<p>Votre r\u00e9gion, votre actu !<\/p>\n<p>Recevez chaque jour les infos qui comptent pour vous.<\/p>\n<p>\t<a href=\"https:\/\/actu.fr\/newsletter\" class=\"ac-btn ac-btn--corner ac-btn--medium ac-btn--blue800\" target=\"_blank\" rel=\"noopener\">S&rsquo;incrire<\/a><\/p>\n<p class=\" wall-content\">Mais, en r\u00e9alit\u00e9, ce texte a depuis \u00e9t\u00e9 pr\u00e9cis\u00e9 et nuanc\u00e9. Il se r\u00e9sume ainsi, d\u00e9sormais : \u00ab Pour le confort de l\u2019enfant, et si les sympt\u00f4mes sont s\u00e9v\u00e8res, <strong>la fr\u00e9quentation de la collectivit\u00e9 \u00e0 la phase aigu\u00eb de la maladie n\u2019est pas conseill\u00e9e<\/strong> \u00bb.<\/p>\n<p class=\" wall-content\">Pas d\u2019\u00e9viction syst\u00e9matique, donc. Mais un conseil appuy\u00e9 \u00e0 destination des parents. \u00c0 charge pour eux de prendre les bonnes dispositions, ne serait-ce que pour le bien-\u00eatre de leur enfant.<\/p>\n<p>La grippe se propage rapidement \u00e0 l\u2019\u00e9cole<\/p>\n<p class=\" wall-content\">Ces mesures d\u2019\u00e9viction, dor\u00e9navant nuanc\u00e9es, s\u2019appliquent aux \u00e9tablissements d\u2019enseignement et d\u2019\u00e9ducation publics ET priv\u00e9s, ainsi qu\u2019aux centres de vacances et de loisirs.<\/p>\n<p class=\" wall-content\">Le <a href=\"https:\/\/www.hcsp.fr\/docspdf\/avisrapports\/hcspr20120928_maladieinfectieusecollectivite.pdf\" target=\"_blank\" rel=\"noopener\">Haut conseil de la sant\u00e9 publique recommande<\/a> lui aussi d\u2019\u00e9carter l\u2019\u00e9viction automatique, tout en pr\u00e9cisant qu\u2019il n\u2019est pas \u00ab souhaitable \u00bb que les enfants viennent \u00e0 l\u2019\u00e9cole s\u2019ils sont malades.<\/p>\n<blockquote class=\"ac-article-quote wall-content\">\n<p>Pour toute personne malade (par exemple pr\u00e9sentant de la fi\u00e8vre, des vomissements\u2026), la fr\u00e9quentation de la collectivit\u00e9 \u00e0 la phase aigu\u00eb de la maladie infectieuse n\u2019est pas souhaitable, m\u00eame si l\u2019agent pathog\u00e8ne responsable de l\u2019infection ne justifie pas par lui-m\u00eame une \u00e9viction temporaire de la collectivit\u00e9.<\/p>\n<p>    <strong>Haut conseil de la sant\u00e9 publique<\/strong>\n            <\/p><\/blockquote>\n<p class=\" wall-content\">La question ici est aussi celle de <strong>la propagation de la maladie<\/strong>. Car <strong>une personne contamin\u00e9e par la grippe est tr\u00e8s contagieuse<\/strong>. Les \u00e9pid\u00e9mies saisonni\u00e8res de grippe touchent chaque hiver deux \u00e0 six millions de personnes en France.<\/p>\n<p class=\" wall-content\">Ces virus grippaux se transmettent facilement par les a\u00e9rosols, au moyen de microgouttelettes et de particules excr\u00e9t\u00e9es par un patient infect\u00e9 \u00ab lorsqu\u2019il tousse, \u00e9ternue ou parle \u00bb, <a href=\"https:\/\/www.pasteur.fr\/fr\/centre-medical\/fiches-maladies\/grippe\" target=\"_blank\" rel=\"noopener\">liste l\u2019institut Pasteur<\/a>. Ils peuvent aussi \u00eatre transmis par l\u2019interm\u00e9diaire des mains, \u00ab lorsqu\u2019une personne touche une surface contamin\u00e9e et porte sa main \u00e0 proximit\u00e9 du nez \u00bb. Ceci explique <strong>pourquoi la grippe se propage tr\u00e8s vite dans les \u00e9coles<\/strong>.<\/p>\n<p>Quels sont les sympt\u00f4mes\u202f de la grippe ? <\/p>\n<p>Les sympt\u00f4mes de la grippe apparaissent entre un et quatre jours apr\u00e8s la contamination, d\u00e9taille l&rsquo;institut Pasteur. L\u2019infection dure g\u00e9n\u00e9ralement une semaine et se caract\u00e9rise par l\u2019apparition brutale d\u2019une fi\u00e8vre, de douleurs musculaires et articulaires, de maux de t\u00eate, d\u2019une sensation de profond malaise, de signes respiratoires (toux s\u00e8che, gorge irrit\u00e9e, rhinite).\u202f <br \/>La plupart des sujets atteints gu\u00e9rissent en une semaine avec un traitement symptomatique (antipyr\u00e9tique, hydratation, antitussif et repos).  <br \/>Certaines personnes fragiles sont \u00e0 risque de d\u00e9velopper une grippe grave pouvant n\u00e9cessiter une hospitalisation en r\u00e9animation, le recours \u00e0 une assistance ventilatoire, voire m\u00eame le d\u00e9c\u00e8s\u202f: il s&rsquo;agit des plus fragiles, les personnes \u00e2g\u00e9es de plus de 65 ans, femmes enceintes, ob\u00e8ses morbides (indice de masse corporelle ou IMC&gt;40 kg\/m2), diab\u00e9tiques, immunod\u00e9prim\u00e9es, personnes atteintes de pathologies chroniques (maladies cardiovasculaires, maladies respiratoires), et nourrissons.<\/p>\n<p>Cong\u00e9 pour enfant malade<\/p>\n<p class=\" wall-content\">Les parents sont donc invit\u00e9s \u00e0 s\u2019organiser. Tout salari\u00e9 a droit \u00e0 un <strong>cong\u00e9 non r\u00e9mun\u00e9r\u00e9 en cas de maladie ou d\u2019accident<\/strong>, constat\u00e9s par certificat m\u00e9dical, d\u2019un enfant de moins de 16 ans dont il assume la charge, <a href=\"https:\/\/www.education.gouv.fr\/eleves-malades-l-accueil-l-ecole-2615\" target=\"_blank\" rel=\"noopener\">rappelle ainsi l\u2019\u00c9ducation nationale<\/a>.<\/p>\n<p class=\" wall-content\">La dur\u00e9e du cong\u00e9 est <strong>au maximum de trois jours par an<\/strong> ou de cinq jours si le salari\u00e9 assume la charge de trois enfants ou plus \u00e2g\u00e9s de moins de 16 ans. La convention collective peut accorder une dur\u00e9e de cong\u00e9 pour enfant malade plus longue ou la r\u00e9mun\u00e9ration des journ\u00e9es. En cas de prolongation de la maladie, le salari\u00e9 peut travailler \u00e0 temps partiel ou b\u00e9n\u00e9ficier d\u2019un cong\u00e9 de pr\u00e9sence parentale, qui entra\u00eene la suspension de son contrat de travail.<\/p>\n<p class=\" wall-content\">Personnalisez votre actualit\u00e9 en ajoutant vos villes et m\u00e9dias en favori avec <a href=\"https:\/\/moncompte.actu.fr\" title=\"D\u00e9couvez Mon Actu\" rel=\"nofollow noopener\" data-trk=\"{&quot;cta&quot;:{&quot;action&quot;:&quot;https:\\\/\\\/moncompte.actu.fr&quot;,&quot;category&quot;:&quot;mon compte&quot;,&quot;from&quot;:&quot;article footer&quot;,&quot;name&quot;:&quot;Mon actu&quot;,&quot;type&quot;:&quot;cta&quot;}}\" target=\"_blank\">Mon Actu<\/a>.<\/p>\n","protected":false},"excerpt":{"rendered":"Par Briac Tr\u00e9bert Publi\u00e9 le 16 d\u00e9c. 2025 \u00e0 11h10 Pr\u00e9coce, et surtout chez les enfants. La grippe&hellip;\n","protected":false},"author":2,"featured_media":603441,"comment_status":"","ping_status":"","sticky":false,"template":"","format":"standard","meta":{"footnotes":""},"categories":[10],"tags":[652,1011,27,29786,72,71,104],"class_list":{"0":"post-603440","1":"post","2":"type-post","3":"status-publish","4":"format-standard","5":"has-post-thumbnail","7":"category-sante","8":"tag-famille","9":"tag-fr","10":"tag-france","11":"tag-grippe","12":"tag-health","13":"tag-sante","14":"tag-societe"},"share_on_mastodon":{"url":"https:\/\/pubeurope.com\/@fr\/115730519554599984","error":""},"_links":{"self":[{"href":"https:\/\/www.europesays.com\/fr\/wp-json\/wp\/v2\/posts\/603440","targetHints":{"allow":["GET"]}}],"collection":[{"href":"https:\/\/www.europesays.com\/fr\/wp-json\/wp\/v2\/posts"}],"about":[{"href":"https:\/\/www.europesays.com\/fr\/wp-json\/wp\/v2\/types\/post"}],"author":[{"embeddable":true,"href":"https:\/\/www.europesays.com\/fr\/wp-json\/wp\/v2\/users\/2"}],"replies":[{"embeddable":true,"href":"https:\/\/www.europesays.com\/fr\/wp-json\/wp\/v2\/comments?post=603440"}],"version-history":[{"count":0,"href":"https:\/\/www.europesays.com\/fr\/wp-json\/wp\/v2\/posts\/603440\/revisions"}],"wp:featuredmedia":[{"embeddable":true,"href":"https:\/\/www.europesays.com\/fr\/wp-json\/wp\/v2\/media\/603441"}],"wp:attachment":[{"href":"https:\/\/www.europesays.com\/fr\/wp-json\/wp\/v2\/media?parent=603440"}],"wp:term":[{"taxonomy":"category","embeddable":true,"href":"https:\/\/www.europesays.com\/fr\/wp-json\/wp\/v2\/categories?post=603440"},{"taxonomy":"post_tag","embeddable":true,"href":"https:\/\/www.europesays.com\/fr\/wp-json\/wp\/v2\/tags?post=603440"}],"curies":[{"name":"wp","href":"https:\/\/api.w.org\/{rel}","templated":true}]}}