{"id":603444,"date":"2025-12-16T17:53:15","date_gmt":"2025-12-16T17:53:15","guid":{"rendered":"https:\/\/www.europesays.com\/fr\/603444\/"},"modified":"2025-12-16T17:53:15","modified_gmt":"2025-12-16T17:53:15","slug":"son-appartement-parisien-des-annees-60","status":"publish","type":"post","link":"https:\/\/www.europesays.com\/fr\/603444\/","title":{"rendered":"son appartement parisien des ann\u00e9es 60"},"content":{"rendered":"<p>C\u2019est un appartement discret, perch\u00e9 au sommet d\u2019un immeuble<br \/>\nparisien des ann\u00e9es 60 dans le 16e arrondissement, mais charg\u00e9<br \/>\nd\u2019une histoire hors norme. Derni\u00e8re r\u00e9sidence de Claude Fran\u00e7ois,<br \/>\nce penthouse lumineux domine Paris et conserve, malgr\u00e9 les<br \/>\ntransformations, une aura particuli\u00e8re. Entre architecture<br \/>\nmoderniste, panorama exceptionnel et souvenir d\u2019une ic\u00f4ne de la<br \/>\nchanson fran\u00e7aise, ce lieu raconte autant une \u00e9poque qu\u2019un<br \/>\ndestin.<\/p>\n<p>Claude Fran\u00e7ois : son penthouse suspendu au-dessus de<br \/>\nParis<\/p>\n<p>Situ\u00e9 aux derniers niveaux d\u2019un <strong>immeuble<\/strong><br \/>\nconstruit en 1961, l\u2019appartement de Claude Fran\u00e7ois se distingue<br \/>\npar sa position rare et son organisation en <a href=\"https:\/\/www.lejournaldelamaison.fr\/le-journal-de-la-maison\/reportages-maisons\/appartements\/joyce-jonathan-endroit-trouve-trop-beau-tres-romantique-appartement-reve-paris-duplex-avec-canape-blanc-table-basse-bois-brut-cuisine-ouverte-grandes-baies-vitrees-529314.html\" target=\"_blank\" rel=\"noopener\"><br \/>\nduplex<\/a> invers\u00e9. L\u2019acc\u00e8s se fait par le 8\u1d49 \u00e9tage, desservi par<br \/>\nascenseur, avant de rejoindre les espaces de vie par <strong>un<br \/>\nescalier int\u00e9rieur<\/strong>. L\u2019ensemble d\u00e9veloppe une surface de<br \/>\n72,36 m\u00b2 loi Carrez, pens\u00e9e pour profiter pleinement de la lumi\u00e8re<br \/>\net des vues.<\/p>\n<p>\u00c0 l\u2019\u00e9tage sup\u00e9rieur, la pi\u00e8ce de vie traverse l\u2019espace sur pr\u00e8s<br \/>\n<strong>de 39 m\u00b2<\/strong>. Elle r\u00e9unit <a href=\"https:\/\/www.lejournaldelamaison.fr\/tendance-deco\/noel-2025-cette-deco-scandinave-ultra-chaleureuse-transforme-votre-salon-en-cocon-sans-un-achat-de-plus-530617.html\" target=\"_blank\" rel=\"noopener\"><br \/>\nsalon<\/a>, salle \u00e0 manger et cuisine ouverte \u00e9quip\u00e9e, le tout bord\u00e9<br \/>\nde balcons offrant des perspectives directes sur la Tour Eiffel.<br \/>\nL\u2019un des atouts majeurs du lieu reste son<br \/>\n<strong>toit-terrasse<\/strong> privatif de 62 m\u00b2, accessible par un<br \/>\nbalcon filant. Sans vis-\u00e0-vis, il d\u00e9ploie une vue \u00e0 360\u00b0 sur Paris,<br \/>\nembrassant <strong>le Sacr\u00e9-C\u0153ur, le Front de Seine et les paysages<br \/>\nbois\u00e9s de l\u2019ouest francilien<\/strong>. Un v\u00e9ritable refuge a\u00e9rien,<br \/>\npropice \u00e0 la contemplation.<\/p>\n<p>Claude Fran\u00e7ois : que devient l\u00a0\u00bbappartement de l&rsquo;ic\u00f4ne de la<br \/>\npop fran\u00e7aise ?<\/p>\n<p>Si ce lieu est aujourd\u2019hui si embl\u00e9matique, c\u2019est avant tout<br \/>\nparce qu\u2019il fut la <strong>derni\u00e8re demeure de Claude<br \/>\nFran\u00e7ois,<\/strong> disparu en 1978. Figure majeure de la chanson<br \/>\nfran\u00e7aise et pionnier de la culture pop en France, le chanteur y<br \/>\nvivait \u00e0 l\u2019\u00e9cart de l\u2019agitation, au-dessus de la ville. Depuis sa<br \/>\ndisparition, <a href=\"https:\/\/www.lejournaldelamaison.fr\/le-journal-de-la-maison\/reportages-maisons\/maisons-reportages-maisons\/mireille-darc-premier-appartement-montmartre-1960-avant-alain-delon-529977.html\" target=\"_blank\" rel=\"noopener\"><br \/>\nl\u2019appartement<\/a> a connu plusieurs r\u00e9am\u00e9nagements : la<br \/>\n<strong>cuisine<\/strong> et la <strong>salle de bain<\/strong> ont<br \/>\nnotamment \u00e9t\u00e9 d\u00e9plac\u00e9es afin de repenser les circulations et de<br \/>\nlaisser la lumi\u00e8re se diffuser librement dans l\u2019ensemble des<br \/>\nvolumes.<\/p>\n<p>La partie <strong>nuit<\/strong> comprend aujourd\u2019hui une<br \/>\n<strong>chambre<\/strong> expos\u00e9e plein sud, accompagn\u00e9e d\u2019une salle<br \/>\nde bain avec dressing et toilettes s\u00e9par\u00e9es. Sur la <strong>fa\u00e7ade<br \/>\nde l\u2019immeuble,<\/strong> une plaque comm\u00e9morative rappelle<br \/>\ndiscr\u00e8tement que ces murs ont abrit\u00e9 l\u2019un des artistes les plus<br \/>\npopulaires du XX\u1d49 si\u00e8cle. Un d\u00e9tail qui transforme cet<br \/>\n<strong>appartement<\/strong> en lieu de m\u00e9moire, \u00e0 la crois\u00e9e de<br \/>\nl\u2019architecture, de l\u2019histoire parisienne et de la l\u00e9gende musicale.<br \/>\nAujourd&rsquo;hui, l&rsquo;appartement est \u00e0 vendre \u00e0 <strong>950 000<br \/>\neuros<\/strong> selon l&rsquo;agence immobili\u00e8re Architecture de<br \/>\nCollection.<\/p>\n<blockquote class=\"instagram-media\" style=\"background: #ffffff;border: 0;margin: 1px;width: 100%;padding: 0;max-width: 500px;\" data-instgrm-permalink=\"https:\/\/www.instagram.com\/p\/DKl8pOrAyBG\/\" data-instgrm-version=\"14\"\/><p>\nLe moulin de Dannemois, paradis<br \/>\nbucolique de Claude Fran\u00e7ois<\/p>\n<p>Bien avant son dernier <a href=\"https:\/\/www.lejournaldelamaison.fr\/le-journal-de-la-maison\/reportages-maisons\/appartements\/cyril-hanouna-penthouse-new-york-nouvelle-emission-septembre-486227.html\" target=\"_blank\" rel=\"noopener\"><br \/>\npenthouse parisien,<\/a> Claude Fran\u00e7ois s\u2019\u00e9tait d\u00e9j\u00e0 offert un<br \/>\nrefuge \u00e0 son image : spectaculaire, intime et totalement hors du<br \/>\ntemps. En <strong>1964,<\/strong> alors qu\u2019il est au sommet des<br \/>\ncharts et omnipr\u00e9sent dans les m\u00e9dias, le chanteur ressent le<br \/>\nbesoin de s\u2019\u00e9loigner du tumulte parisien et de l\u2019attention parfois<br \/>\n\u00e9touffante de ses fans. Il cherche un lieu pour se retrouver, se<br \/>\nressourcer, vivre autrement. C\u2019est \u00e0 <strong>Dannemois,<\/strong><br \/>\npetit village de Seine-et-Marne, qu\u2019il trouve la perle rare :<br \/>\n<strong>un ancien moulin communal<\/strong> de pr\u00e8s de 500 m\u00b2, pos\u00e9<br \/>\nau bord de l\u2019eau et entour\u00e9 de plusieurs hectares de verdure.<br \/>\nL\u2019endroit lui est souffl\u00e9 par <a href=\"https:\/\/www.lejournaldelamaison.fr\/le-journal-de-la-maison\/reportages-maisons\/maisons-reportages-maisons\/brigitte-bardot-donne-tempo-apres-monde-installer-region-montfort-lamaury-mere-maisons-stars-yvelines-530464.html\" target=\"_blank\" rel=\"noopener\"><br \/>\nBrigitte Bardot,<\/a> amie proche, qui lui parle de ce moulin \u00e0 eau<br \/>\nnich\u00e9 dans un \u00e9crin de nature, \u00e0 une cinquantaine de kilom\u00e8tres<br \/>\nseulement de Paris. Le coup de c\u0153ur est imm\u00e9diat.<\/p>\n<p>La star ne se contente pas d\u2019acheter la propri\u00e9t\u00e9 : il la<br \/>\nr\u00e9invente enti\u00e8rement. L\u2019ancien <a href=\"https:\/\/www.lejournaldelamaison.fr\/le-journal-de-la-maison\/reportages-maisons\/claude-francois-les-derniers-secrets-de-son-luxueux-moulin-de-dannemois-471027.html\" target=\"_blank\" rel=\"noopener\"><br \/>\nmoulin de Claude Fran\u00e7ois<\/a> est transform\u00e9 en r\u00e9sidence de luxe,<br \/>\npens\u00e9e comme un v\u00e9ritable domaine priv\u00e9, \u00e0 la fois refuge familial<br \/>\net lieu de f\u00eate. \u00c0 l\u2019int\u00e9rieur, il fait installer des \u00e9quipements<br \/>\nalors totalement hors normes : <strong>studio d\u2019enregistrement,<br \/>\npiscine int\u00e9rieure, discoth\u00e8que priv\u00e9e, salle de cin\u00e9ma,<br \/>\nbiblioth\u00e8que, salle de jeux, sauna, jacuzzi, cave \u00e0 vin et m\u00eame un<br \/>\naquarium g\u00e9ant d\u2019eau de mer,<\/strong> peupl\u00e9 de poissons exotiques<br \/>\nde la mer Rouge. La d\u00e9coration refl\u00e8te parfaitement l\u2019\u00e9poque : un<br \/>\nm\u00e9lange de rusticit\u00e9 et de modernit\u00e9 seventies, o\u00f9 les<br \/>\n<strong>poutres<\/strong> et la <strong>pierre<\/strong> dialoguent<br \/>\navec des mati\u00e8res contemporaines, des couleurs franches et des<br \/>\nam\u00e9nagements audacieux. \u00c0 l\u2019ext\u00e9rieur, la d\u00e9mesure se poursuit :<br \/>\n<strong>piscine en forme de c\u0153ur, roue \u00e0 aubes, pont de bois,<br \/>\njardin \u00e0 l\u2019anglaise, terrain de tennis\u2026<\/strong> Tout est pens\u00e9<br \/>\npour cr\u00e9er un havre de paix spectaculaire, \u00e0 la fois intime et<br \/>\nflamboyant.<\/p>\n<p><script async src=\"\/\/www.instagram.com\/embed.js\"><\/script><\/p>\n","protected":false},"excerpt":{"rendered":"C\u2019est un appartement discret, perch\u00e9 au sommet d\u2019un immeuble parisien des ann\u00e9es 60 dans le 16e arrondissement, mais&hellip;\n","protected":false},"author":2,"featured_media":603445,"comment_status":"","ping_status":"","sticky":false,"template":"","format":"standard","meta":{"footnotes":""},"categories":[8],"tags":[930,47433,71568,11966,1007,17488,7859,1805,58,8034,47811,59,1011,27,11846,3707,71569,26830,10650,36461,69897,11933],"class_list":{"0":"post-603444","1":"post","2":"type-post","3":"status-publish","4":"format-standard","5":"has-post-thumbnail","7":"category-divertissement","8":"tag-le","9":"tag-aime","10":"tag-allures","11":"tag-aurait","12":"tag-aux","13":"tag-ce","14":"tag-claude","15":"tag-de","16":"tag-divertissement","17":"tag-duplex","18":"tag-ecrit","19":"tag-entertainment","20":"tag-fr","21":"tag-france","22":"tag-francois","23":"tag-il","24":"tag-inverse","25":"tag-mal","26":"tag-ou","27":"tag-parisien","28":"tag-penthouse","29":"tag-titre"},"share_on_mastodon":{"url":"https:\/\/pubeurope.com\/@fr\/115730527616191494","error":""},"_links":{"self":[{"href":"https:\/\/www.europesays.com\/fr\/wp-json\/wp\/v2\/posts\/603444","targetHints":{"allow":["GET"]}}],"collection":[{"href":"https:\/\/www.europesays.com\/fr\/wp-json\/wp\/v2\/posts"}],"about":[{"href":"https:\/\/www.europesays.com\/fr\/wp-json\/wp\/v2\/types\/post"}],"author":[{"embeddable":true,"href":"https:\/\/www.europesays.com\/fr\/wp-json\/wp\/v2\/users\/2"}],"replies":[{"embeddable":true,"href":"https:\/\/www.europesays.com\/fr\/wp-json\/wp\/v2\/comments?post=603444"}],"version-history":[{"count":0,"href":"https:\/\/www.europesays.com\/fr\/wp-json\/wp\/v2\/posts\/603444\/revisions"}],"wp:featuredmedia":[{"embeddable":true,"href":"https:\/\/www.europesays.com\/fr\/wp-json\/wp\/v2\/media\/603445"}],"wp:attachment":[{"href":"https:\/\/www.europesays.com\/fr\/wp-json\/wp\/v2\/media?parent=603444"}],"wp:term":[{"taxonomy":"category","embeddable":true,"href":"https:\/\/www.europesays.com\/fr\/wp-json\/wp\/v2\/categories?post=603444"},{"taxonomy":"post_tag","embeddable":true,"href":"https:\/\/www.europesays.com\/fr\/wp-json\/wp\/v2\/tags?post=603444"}],"curies":[{"name":"wp","href":"https:\/\/api.w.org\/{rel}","templated":true}]}}