{"id":603450,"date":"2025-12-16T17:56:13","date_gmt":"2025-12-16T17:56:13","guid":{"rendered":"https:\/\/www.europesays.com\/fr\/603450\/"},"modified":"2025-12-16T17:56:13","modified_gmt":"2025-12-16T17:56:13","slug":"attentat-a-sydney-lassaillant-abattu-par-la-police-etait-un-ressortissant-indien","status":"publish","type":"post","link":"https:\/\/www.europesays.com\/fr\/603450\/","title":{"rendered":"Attentat \u00e0 Sydney\u00a0: l\u2019assaillant abattu par la police \u00e9tait un ressortissant indien"},"content":{"rendered":"<p class=\"paragraph text_align_left lp-f-body-02\">Ce dimanche, <a href=\"https:\/\/www.leparisien.fr\/international\/attentat-antisemite-a-sydney-qui-sont-sajid-et-naveed-akram-le-pere-et-son-fils-auteurs-de-lattaque-de-bondi-beach-15-12-2025-7RUSKILN5NBCBAZC7HVZK4J5YM.php\" target=\"_self\" rel=\"noopener\">un p\u00e8re et son fils ont ouvert le feu sur une foule<\/a> qui c\u00e9l\u00e9brait la f\u00eate juive de Hanoukka sur une plage de Sydney en Australie, <a href=\"https:\/\/www.leparisien.fr\/faits-divers\/attentat-antisemite-a-sydney-18h45-a-bondi-beach-deux-hommes-ouvrent-le-feu-recit-dun-dimanche-de-terreur-14-12-2025-TZBMTRZAFVFA5NPVLCLI45WVKQ.php\" rel=\"noopener\" target=\"_blank\">faisant au moins 15 morts<\/a> et plus de 40 bless\u00e9s. Si l\u2019on savait que le plus jeune \u00e9tait un citoyen australien, on ignorait encore la nationalit\u00e9 du p\u00e8re.<\/p>\n<p class=\"\">La police australienne a indiqu\u00e9 ce mardi qu\u2019il s\u2019agissait d\u2019un citoyen indien ayant quitt\u00e9 l\u2019Inde il y a 27 ans. <a href=\"https:\/\/www.leparisien.fr\/faits-divers\/attentat-a-sydney-le-gouvernement-evoque-lideologie-de-letat-islamique-16-12-2025-MF6ZTNGHWVDGLMTHY4MMK526F4.php\" target=\"_self\" rel=\"noopener\">Sajid Akram, 50 ans, a \u00e9t\u00e9 abattu par des policiers, et son fils Naveed Akram<\/a>, 24 ans, a \u00e9t\u00e9 bless\u00e9 et hospitalis\u00e9 dans un \u00e9tat critique.<\/p>\n<p class=\"\">\u00ab Sajid Akram est originaire d\u2019Hyderabad en Inde (\u2026). Il a \u00e9migr\u00e9 en Australie pour trouver un emploi il y a environ 27 ans, en novembre 1998 \u00bb, a indiqu\u00e9 dans un communiqu\u00e9 la police de l\u2019\u00c9tat du Telangana, dans le sud de l\u2019Inde, dont Hyderabad est la capitale.<\/p>\n<p class=\"\">\u00ab D\u2019apr\u00e8s les informations recueillies aupr\u00e8s de ses proches en Inde, Sajid Akram a eu des contacts limit\u00e9s avec sa famille \u00e0 Hyderabad au cours des 27 derni\u00e8res ann\u00e9es \u00bb, a pr\u00e9cis\u00e9 la police.<\/p>\n<p>\u00ab Aucun ant\u00e9c\u00e9dent d\u00e9favorable \u00bb<\/p>\n<p class=\"\">\u00ab Il s\u2019est rendu en <a href=\"https:\/\/www.leparisien.fr\/environnement\/climat\/je-veux-juste-respirer-en-inde-la-colere-des-habitants-contre-la-pollution-atmospherique-10-11-2025-K5BJVHZBBFHSZLLDRNBTNEAKDE.php\" target=\"_self\" rel=\"noopener\">Inde<\/a> \u00e0 six reprises apr\u00e8s avoir \u00e9migr\u00e9 en Australie, principalement pour des raisons familiales telles que des questions de propri\u00e9t\u00e9 et des visites \u00e0 ses parents \u00e2g\u00e9s \u00bb, a-t-elle pr\u00e9cis\u00e9, mais il \u00ab n\u2019est pas venu en Inde pour le d\u00e9c\u00e8s de son p\u00e8re \u00bb.<\/p>\n<p class=\"\">La police du Telangana a soulign\u00e9 n\u2019avoir connaissance d\u2019\u00ab aucun ant\u00e9c\u00e9dent d\u00e9favorable \u00bb le concernant lorsqu\u2019il vivait en Inde. \u00ab Les membres de la famille disent n\u2019avoir aucune connaissance de son \u00e9tat d\u2019esprit radical ou de ses activit\u00e9s, ni des circonstances qui ont conduit \u00e0 sa radicalisation \u00bb.<\/p>\n<p class=\"\">\u00ab Les facteurs qui ont conduit \u00e0 la radicalisation de Sajid Akram et de son fils, Naveed, semblent n\u2019avoir aucun lien avec l\u2019Inde ni avec une influence locale au Telangana \u00bb, a conclu la police.<\/p>\n<p class=\"\">Sajid Akram \u00e9tait titulaire d\u2019un permis pour six armes \u00e0 feu, qui, selon la police, auraient toutes \u00e9t\u00e9 utilis\u00e9es dimanche. <a href=\"https:\/\/www.leparisien.fr\/international\/ils-mont-quils-partaient-pecher-les-troublantes-confidences-de-la-mere-et-epouse-des-deux-suspects-dans-lattaque-de-sydney-15-12-2025-SLANITEZBVC6LB4Y2P5BH5YGOU.php\" target=\"_self\" rel=\"noopener\">Selon l\u2019\u00e9pouse de Sajid et m\u00e8re de Naveed<\/a>, les deux hommes lui avaient \u00ab dit qu\u2019ils partaient p\u00eacher \u00bb le week-end. \u00ab \u00ab Mon fils m\u2019a appel\u00e9e dimanche et m\u2019a dit : Maman, je viens d\u2019aller nager. J\u2019ai fait de la plong\u00e9e sous-marine. On va manger maintenant, et puis ce matin, on va rester \u00e0 la maison parce qu\u2019il fait tr\u00e8s chaud \u00bb, a racont\u00e9 Verena Akram au Sydney Morning Herald.<\/p>\n","protected":false},"excerpt":{"rendered":"Ce dimanche, un p\u00e8re et son fils ont ouvert le feu sur une foule qui c\u00e9l\u00e9brait la f\u00eate&hellip;\n","protected":false},"author":2,"featured_media":603451,"comment_status":"","ping_status":"","sticky":false,"template":"","format":"standard","meta":{"footnotes":""},"categories":[5],"tags":[11,118,1011,27,14,12,28],"class_list":{"0":"post-603450","1":"post","2":"type-post","3":"status-publish","4":"format-standard","5":"has-post-thumbnail","7":"category-international","8":"tag-actualites","9":"tag-faits-divers","10":"tag-fr","11":"tag-france","12":"tag-international","13":"tag-news","14":"tag-world"},"share_on_mastodon":{"url":"https:\/\/pubeurope.com\/@fr\/115730539245211926","error":""},"_links":{"self":[{"href":"https:\/\/www.europesays.com\/fr\/wp-json\/wp\/v2\/posts\/603450","targetHints":{"allow":["GET"]}}],"collection":[{"href":"https:\/\/www.europesays.com\/fr\/wp-json\/wp\/v2\/posts"}],"about":[{"href":"https:\/\/www.europesays.com\/fr\/wp-json\/wp\/v2\/types\/post"}],"author":[{"embeddable":true,"href":"https:\/\/www.europesays.com\/fr\/wp-json\/wp\/v2\/users\/2"}],"replies":[{"embeddable":true,"href":"https:\/\/www.europesays.com\/fr\/wp-json\/wp\/v2\/comments?post=603450"}],"version-history":[{"count":0,"href":"https:\/\/www.europesays.com\/fr\/wp-json\/wp\/v2\/posts\/603450\/revisions"}],"wp:featuredmedia":[{"embeddable":true,"href":"https:\/\/www.europesays.com\/fr\/wp-json\/wp\/v2\/media\/603451"}],"wp:attachment":[{"href":"https:\/\/www.europesays.com\/fr\/wp-json\/wp\/v2\/media?parent=603450"}],"wp:term":[{"taxonomy":"category","embeddable":true,"href":"https:\/\/www.europesays.com\/fr\/wp-json\/wp\/v2\/categories?post=603450"},{"taxonomy":"post_tag","embeddable":true,"href":"https:\/\/www.europesays.com\/fr\/wp-json\/wp\/v2\/tags?post=603450"}],"curies":[{"name":"wp","href":"https:\/\/api.w.org\/{rel}","templated":true}]}}