{"id":603458,"date":"2025-12-16T18:00:16","date_gmt":"2025-12-16T18:00:16","guid":{"rendered":"https:\/\/www.europesays.com\/fr\/603458\/"},"modified":"2025-12-16T18:00:16","modified_gmt":"2025-12-16T18:00:16","slug":"derniers-jours-de-liberte-pour-perdriau-et-consorts","status":"publish","type":"post","link":"https:\/\/www.europesays.com\/fr\/603458\/","title":{"rendered":"derniers jours de libert\u00e9 pour Perdriau et consorts"},"content":{"rendered":"<p>Il arrive au volant de sa C3 personnelle avec son avocat sur le si\u00e8ge passager. En avance puisque, convoqu\u00e9 \u00e0 11 heures, Ga\u00ebl Perdriau se gare au parking du palais de justice vingt minutes auparavant. Apr\u00e8s avoir attendu qu\u2019une ambulance priv\u00e9e, gar\u00e9e devant la barri\u00e8re d\u2019entr\u00e9e, d\u00e9charge un patient\u2026<\/p>\n<p>Alors que l\u2019ex-maire et son conseil marchent en direction du tribunal, M e \u00a0Jean-F\u00e9lix Luciani s\u2019\u00e9tonne de voir des journalistes pr\u00e9sents. \u00ab\u00a0Je ne sais pas qui vous a inform\u00e9 de la date et de l\u2019heure de cette convocation\u00a0\u00bb, d\u00e9clare-t-il visiblement contrit. On le rassure\u00a0: <a href=\"https:\/\/www.leprogres.fr\/faits-divers-justice\/2025\/12\/11\/proces-de-la-sextape-gael-perdriau-prochainement-incarcere\" target=\"_blank\" rel=\"noopener\">la date nous a \u00e9t\u00e9 souffl\u00e9e par un autre condamn\u00e9<\/a> de l\u2019affaire. Quant \u00e0 l\u2019heure, nous ne la connaissions pas, nous poireautions depuis 8 heures aux abords du palais de justice\u2026<\/p>\n<p>\u00ab\u00a0Je ferai une courte d\u00e9claration apr\u00e8s\u00a0\u00bb<\/p>\n<p>Ga\u00ebl Perdriau est visiblement en forme, et en costume, comme lorsqu\u2019il exer\u00e7ait ses fonctions de premier magistrat. Il gravit les marches du tribunal d\u2019un pas d\u00e9cid\u00e9, M e Luciani comme une ombre \u00e0 ses c\u00f4t\u00e9s&#8230;.<\/p>\n","protected":false},"excerpt":{"rendered":"Il arrive au volant de sa C3 personnelle avec son avocat sur le si\u00e8ge passager. En avance puisque,&hellip;\n","protected":false},"author":2,"featured_media":603459,"comment_status":"","ping_status":"","sticky":false,"template":"","format":"standard","meta":{"footnotes":""},"categories":[9653],"tags":[1111,11,2430,271,272,7539,1777,674,274,1011,27,3367,12,25,4001,7538],"class_list":{"0":"post-603458","1":"post","2":"type-post","3":"status-publish","4":"format-standard","5":"has-post-thumbnail","7":"category-saint-etienne","8":"tag-actu","9":"tag-actualites","10":"tag-auvergne-rhone-alpes","11":"tag-crime","12":"tag-delit-et-contravention","13":"tag-edition-loire-sud","14":"tag-eu","15":"tag-europe","16":"tag-faits-divers-justice","17":"tag-fr","18":"tag-france","19":"tag-loire","20":"tag-news","21":"tag-republique-francaise","22":"tag-saint-etienne","23":"tag-saint-etienne-ville"},"share_on_mastodon":{"url":"https:\/\/pubeurope.com\/@fr\/115730554936604213","error":""},"_links":{"self":[{"href":"https:\/\/www.europesays.com\/fr\/wp-json\/wp\/v2\/posts\/603458","targetHints":{"allow":["GET"]}}],"collection":[{"href":"https:\/\/www.europesays.com\/fr\/wp-json\/wp\/v2\/posts"}],"about":[{"href":"https:\/\/www.europesays.com\/fr\/wp-json\/wp\/v2\/types\/post"}],"author":[{"embeddable":true,"href":"https:\/\/www.europesays.com\/fr\/wp-json\/wp\/v2\/users\/2"}],"replies":[{"embeddable":true,"href":"https:\/\/www.europesays.com\/fr\/wp-json\/wp\/v2\/comments?post=603458"}],"version-history":[{"count":0,"href":"https:\/\/www.europesays.com\/fr\/wp-json\/wp\/v2\/posts\/603458\/revisions"}],"wp:featuredmedia":[{"embeddable":true,"href":"https:\/\/www.europesays.com\/fr\/wp-json\/wp\/v2\/media\/603459"}],"wp:attachment":[{"href":"https:\/\/www.europesays.com\/fr\/wp-json\/wp\/v2\/media?parent=603458"}],"wp:term":[{"taxonomy":"category","embeddable":true,"href":"https:\/\/www.europesays.com\/fr\/wp-json\/wp\/v2\/categories?post=603458"},{"taxonomy":"post_tag","embeddable":true,"href":"https:\/\/www.europesays.com\/fr\/wp-json\/wp\/v2\/tags?post=603458"}],"curies":[{"name":"wp","href":"https:\/\/api.w.org\/{rel}","templated":true}]}}