{"id":603464,"date":"2025-12-16T18:03:10","date_gmt":"2025-12-16T18:03:10","guid":{"rendered":"https:\/\/www.europesays.com\/fr\/603464\/"},"modified":"2025-12-16T18:03:10","modified_gmt":"2025-12-16T18:03:10","slug":"cedric-abellon-lanceur-du-pilou-pilou-du-rct-en-garde-a-vue-pour-viol","status":"publish","type":"post","link":"https:\/\/www.europesays.com\/fr\/603464\/","title":{"rendered":"C\u00e9dric Abellon, lanceur du Pilou-Pilou du RCT, en garde \u00e0 vue pour viol"},"content":{"rendered":"<p>C\u00e9dric Abellon, le lanceur du Pilou-Pilou du RCT (club de rugby) \u00e0 Mayol, est en garde \u00e0 vue pour<strong> viol sur conjointe ou ex-conjointe<\/strong>. Selon les informations de <a href=\"https:\/\/rmcsport.bfmtv.com\/rugby\/top-14\/toulon-le-lanceur-du-pilou-pilou-en-garde-a-vue-pour-viol-sur-conjointe-ou-ex-conjointe_AV-202512160683.html\" target=\"_blank\" rel=\"noopener\">BFM Toulon Var<\/a>, il a \u00e9t\u00e9 <strong>interpell\u00e9 ce lundi matin \u00e0 son domicile<\/strong> et se trouve en garde \u00e0 vue depuis ce lundi matin 10h au commissariat central de Toulon.\u00a0<\/p>\n<p>Qui est C\u00e9dric Abellon ?<\/p>\n<p>Avant chaque match, il lance le traditionnel Pilou-Pilou. Cr\u00e9\u00e9 par l&rsquo;arri\u00e8re vice-champion de France en 1948 Marcel Bodrero \u00e0 la fin des ann\u00e9es 1940, le \u00ab\u00a0Pilou-Pilou\u00a0\u00bb <strong>est une composante identitaire du <a href=\"https:\/\/www.laprovence.com\/article\/sports\/5754025395887814\/rugby-champions-cup-toulon-montre-son-vrai-visage-et-renoue-avec-la-victoire-en-europe\" target=\"_blank\" rel=\"noopener\">Rugby Club Toulonnais<\/a><\/strong>. Il est entonn\u00e9 avant chaque coup d&rsquo;envoi et pour f\u00eater les victoires lors des 3e mi-temps.<\/p>\n<p>L&rsquo;homme de 32 ans a offici\u00e9 \u00e0 ce poste entre 2008 et 2019, avant de revenir en janvier dernier. Il succ\u00e8de \u00e0 Christophe Charaut. \u00ab\u00a0Le RCT m&rsquo;a contact\u00e9 pour savoir si je voulais revenir. On s&rsquo;est vus, et il n&rsquo;y avait pas de soucis. J&rsquo;avais moi-m\u00eame envie de le refaire depuis quelques ann\u00e9es. En fait, je crois que l&rsquo;ann\u00e9e apr\u00e8s avoir arr\u00eat\u00e9, j&rsquo;avais d\u00e9j\u00e0 envie de revenir\u00a0\u00bb, avait-il d\u00e9clar\u00e9 \u00e0 nos confr\u00e8res de Var-Matin.<\/p>\n","protected":false},"excerpt":{"rendered":"C\u00e9dric Abellon, le lanceur du Pilou-Pilou du RCT (club de rugby) \u00e0 Mayol, est en garde \u00e0 vue&hellip;\n","protected":false},"author":2,"featured_media":603465,"comment_status":"","ping_status":"","sticky":false,"template":"","format":"standard","meta":{"footnotes":""},"categories":[9619],"tags":[17,71570,1111,11,13767,1777,674,274,1011,27,8712,71572,12,71571,882,25,2310,858,13373],"class_list":{"0":"post-603464","1":"post","2":"type-post","3":"status-publish","4":"format-standard","5":"has-post-thumbnail","7":"category-toulon","8":"tag-17","9":"tag-abellon","10":"tag-actu","11":"tag-actualites","12":"tag-cedric","13":"tag-eu","14":"tag-europe","15":"tag-faits-divers-justice","16":"tag-fr","17":"tag-france","18":"tag-garde","19":"tag-mayol","20":"tag-news","21":"tag-pilou-pilou","22":"tag-provence-alpes-cote-dazur","23":"tag-republique-francaise","24":"tag-toulon","25":"tag-voix","26":"tag-vue"},"share_on_mastodon":{"url":"https:\/\/pubeurope.com\/@fr\/115730566676904981","error":""},"_links":{"self":[{"href":"https:\/\/www.europesays.com\/fr\/wp-json\/wp\/v2\/posts\/603464","targetHints":{"allow":["GET"]}}],"collection":[{"href":"https:\/\/www.europesays.com\/fr\/wp-json\/wp\/v2\/posts"}],"about":[{"href":"https:\/\/www.europesays.com\/fr\/wp-json\/wp\/v2\/types\/post"}],"author":[{"embeddable":true,"href":"https:\/\/www.europesays.com\/fr\/wp-json\/wp\/v2\/users\/2"}],"replies":[{"embeddable":true,"href":"https:\/\/www.europesays.com\/fr\/wp-json\/wp\/v2\/comments?post=603464"}],"version-history":[{"count":0,"href":"https:\/\/www.europesays.com\/fr\/wp-json\/wp\/v2\/posts\/603464\/revisions"}],"wp:featuredmedia":[{"embeddable":true,"href":"https:\/\/www.europesays.com\/fr\/wp-json\/wp\/v2\/media\/603465"}],"wp:attachment":[{"href":"https:\/\/www.europesays.com\/fr\/wp-json\/wp\/v2\/media?parent=603464"}],"wp:term":[{"taxonomy":"category","embeddable":true,"href":"https:\/\/www.europesays.com\/fr\/wp-json\/wp\/v2\/categories?post=603464"},{"taxonomy":"post_tag","embeddable":true,"href":"https:\/\/www.europesays.com\/fr\/wp-json\/wp\/v2\/tags?post=603464"}],"curies":[{"name":"wp","href":"https:\/\/api.w.org\/{rel}","templated":true}]}}