{"id":603468,"date":"2025-12-16T18:05:12","date_gmt":"2025-12-16T18:05:12","guid":{"rendered":"https:\/\/www.europesays.com\/fr\/603468\/"},"modified":"2025-12-16T18:05:12","modified_gmt":"2025-12-16T18:05:12","slug":"on-est-maltraites-depuis-20-ans-les-aesh-et-aed-denoncent-des-conditions-de-travail-degradees-a-montpellier","status":"publish","type":"post","link":"https:\/\/www.europesays.com\/fr\/603468\/","title":{"rendered":"\u00ab\u00a0On est maltrait\u00e9s depuis 20 ans\u00a0\u00bb\u00a0: les AESH et AED d\u00e9noncent des conditions de travail d\u00e9grad\u00e9es \u00e0 Montpellier"},"content":{"rendered":"<p>\n                                                                Plus d\u2019une cinquantaine de personnes se sont rassembl\u00e9es sur la place de la Com\u00e9die \u00e0 Montpellier, mardi 16\u00a0d\u00e9cembre, pour d\u00e9noncer les conditions de travail des accompagnants d\u2019\u00e9l\u00e8ves en situation de handicap (AESH) et des assistants d\u2019\u00e9ducation (AED).\n                            <\/p>\n<p>Les accompagnants d\u2019\u00e9l\u00e8ves en situation de handicap (AESH) et les assistants d\u2019\u00e9ducation (AED) se sont mobilis\u00e9s sur la place de la Com\u00e9die, ce mardi 16\u00a0d\u00e9cembre, pour d\u00e9noncer leurs mauvaises conditions de travail.<\/p>\n<p>C\u2019est avant tout de la frustration pour La\u00ebtitia Marcos du syndicat Solidaire\u00a0: \u00ab\u00a0On est l\u00e0 parce qu\u2019on n\u2019accepte pas de continuer \u00e0 \u00eatre maltrait\u00e9s. \u00c7a fait 20 ans que \u00e7a dure. On veut un vrai statut pour notre reconnaissance et surtout pour celle du handicap dans l\u2019\u00e9cole qui\u00a0est compl\u00e8tement pi\u00e9tin\u00e9\u00a0\u00bb, r\u00e9clame l\u2019AESH au coll\u00e8ge Louis-Germain. \u00ab\u00a0Depuis septembre, on a \u00e9t\u00e9 re\u00e7us plusieurs fois en audience mais on a une langue de bois administrative en face de nous. Pour eux, il faut que les \u00e9l\u00e8ves soient autonomes, donc ce n\u2019est pas grave s\u2019ils ont moins d\u2019heures d\u2019accompagnement.\u00a0\u00bb<\/p>\n<p>\u00ab\u00a0On commence \u00e0 faire du saupoudrage\u00a0\u00bb<\/p>\n<p>Les AESH demandent notamment\u00a0un temps complet \u00e0 24\u00a0h pour l\u2019accompagnement \u00e9l\u00e8ve, l\u2019arr\u00eat de la mutualisation des accompagnements avec 2 \u00e9l\u00e8ves accompagn\u00e9s au maximum, un recrutement massif, ainsi que la\u00a0cr\u00e9ation d\u2019un statut de la fonction publique de cat\u00e9gorie B et d\u2019une \u00e9volution de carri\u00e8re. Pour Anne-V\u00e9ronique, en poste \u00e0 la maternelle de Canet, les AESH sont trop dispers\u00e9s. \u00ab\u00a0On commence \u00e0 faire du saupoudrage. L\u2019accompagnement des enfants chute\u00a0parce qu\u2019on a besoin de cr\u00e9er un lien avec l\u2019enfant, de savoir comment il fonctionne pour pouvoir ensuite lui donner les meilleurs outils pour progresser\u00a0\u00bb, regrette-t-elle.<\/p>\n<p>Du c\u00f4t\u00e9 des AED, les revendications sont quasiment similaires\u00a0: une augmentation des salaires, la g\u00e9n\u00e9ralisation des contrats CDD d\u2019une dur\u00e9e de 3 ans, le droit au CDI au bout de\u00a06 ans, ou encore la fin de l\u2019annualisation du temps de travail.<\/p>\n","protected":false},"excerpt":{"rendered":"Plus d\u2019une cinquantaine de personnes se sont rassembl\u00e9es sur la place de la Com\u00e9die \u00e0 Montpellier, mardi 16\u00a0d\u00e9cembre,&hellip;\n","protected":false},"author":2,"featured_media":603469,"comment_status":"","ping_status":"","sticky":false,"template":"","format":"standard","meta":{"footnotes":""},"categories":[9599],"tags":[1111,11,1777,674,1011,27,7089,2208,12,2680,25,801,1857],"class_list":{"0":"post-603468","1":"post","2":"type-post","3":"status-publish","4":"format-standard","5":"has-post-thumbnail","7":"category-montpellier","8":"tag-actu","9":"tag-actualites","10":"tag-eu","11":"tag-europe","12":"tag-fr","13":"tag-france","14":"tag-herault","15":"tag-montpellier","16":"tag-news","17":"tag-occitanie","18":"tag-republique-francaise","19":"tag-social","20":"tag-sociu00e9tu00e9"},"share_on_mastodon":{"url":"https:\/\/pubeurope.com\/@fr\/115730574614686192","error":""},"_links":{"self":[{"href":"https:\/\/www.europesays.com\/fr\/wp-json\/wp\/v2\/posts\/603468","targetHints":{"allow":["GET"]}}],"collection":[{"href":"https:\/\/www.europesays.com\/fr\/wp-json\/wp\/v2\/posts"}],"about":[{"href":"https:\/\/www.europesays.com\/fr\/wp-json\/wp\/v2\/types\/post"}],"author":[{"embeddable":true,"href":"https:\/\/www.europesays.com\/fr\/wp-json\/wp\/v2\/users\/2"}],"replies":[{"embeddable":true,"href":"https:\/\/www.europesays.com\/fr\/wp-json\/wp\/v2\/comments?post=603468"}],"version-history":[{"count":0,"href":"https:\/\/www.europesays.com\/fr\/wp-json\/wp\/v2\/posts\/603468\/revisions"}],"wp:featuredmedia":[{"embeddable":true,"href":"https:\/\/www.europesays.com\/fr\/wp-json\/wp\/v2\/media\/603469"}],"wp:attachment":[{"href":"https:\/\/www.europesays.com\/fr\/wp-json\/wp\/v2\/media?parent=603468"}],"wp:term":[{"taxonomy":"category","embeddable":true,"href":"https:\/\/www.europesays.com\/fr\/wp-json\/wp\/v2\/categories?post=603468"},{"taxonomy":"post_tag","embeddable":true,"href":"https:\/\/www.europesays.com\/fr\/wp-json\/wp\/v2\/tags?post=603468"}],"curies":[{"name":"wp","href":"https:\/\/api.w.org\/{rel}","templated":true}]}}