{"id":603470,"date":"2025-12-16T18:06:16","date_gmt":"2025-12-16T18:06:16","guid":{"rendered":"https:\/\/www.europesays.com\/fr\/603470\/"},"modified":"2025-12-16T18:06:16","modified_gmt":"2025-12-16T18:06:16","slug":"ces-affiches-vont-bientot-marquer-certains-commerces-illegaux-de-lherault","status":"publish","type":"post","link":"https:\/\/www.europesays.com\/fr\/603470\/","title":{"rendered":"ces affiches vont bient\u00f4t marquer certains commerces ill\u00e9gaux de l&rsquo;H\u00e9rault"},"content":{"rendered":"<p>                    Par<br \/>\n        <strong><br \/>\n            <a href=\"https:\/\/actu.fr\/auteur\/lea-pippinato\" title=\"Consulter tous les articles de L\u00e9a Pippinato\" target=\"_blank\" rel=\"noopener\">L\u00e9a Pippinato<\/a><br \/>\n                    <\/strong><\/p>\n<p>        Publi\u00e9 le<\/p>\n<p>            16 d\u00e9c. 2025 \u00e0 18h30        <\/p>\n<p>Dans une rue r\u00e9nov\u00e9e de <strong>Montpellier<\/strong>, une affiche officielle cloue un rideau m\u00e9tallique. \u00ab\u00a0\u00c7a va faire tr\u00e8s, tr\u00e8s dr\u00f4le\u00a0\u00bb, pr\u00e9vient le <strong>pr\u00e9fet de l\u2019H\u00e9rault.<\/strong>\u00a0<\/p>\n<p class=\" wall-content\"><strong>Ce mardi 16 d\u00e9cembre 2025<\/strong>, rue du Cheval Vert, dans le secteur Observatoire-Saint-Denis \u00e0 Montpellier, la police nationale proc\u00e8de \u00e0 la notification d\u2019un arr\u00eat\u00e9 de fermeture administrative. Le commerce vis\u00e9 s\u2019appelle D&amp;M Barber. Le salon de coiffure \u00e9cope de deux mois de fermeture, jusqu\u2019au 16 f\u00e9vrier 2026. Le motif repose sur du travail dissimul\u00e9 par dissimulation d\u2019emploi salari\u00e9, l\u2019absence de r\u00e9ponse aux demandes de l\u2019inspection du travail et des faits similaires constat\u00e9s dans un autre \u00e9tablissement du m\u00eame g\u00e9rant. Sur la vitrine, une grande affiche officielle appara\u00eet et ne passe pas inaper\u00e7ue. Elle annonce la sanction et son motif. Cette m\u00e9thode va devenir la r\u00e8gle dans le d\u00e9partement.<\/p>\n<p>    <a href=\"https:\/\/www.google.com\/maps\/embed?pb=!1m18!1m12!1m3!1d5778.099314456533!2d3.8723016764597356!3d43.60550767110434!2m3!1f0!2f0!3f0!3m2!1i1024!2i768!4f13.1!3m3!1m2!1s0x12b6afb02e5011ef%3A0x13ce10abbc8ee74c!2sD%26M%20Barber!5e0!3m2!1sfr!2sfr!4v1765905962263!5m2!1sfr!2sfr\" title=\"Ouvrie le lien\" target=\"_blank\" rel=\"noopener\">Cliquez ici pour visualiser le contenu<\/a><\/p>\n<p>\u00ab\u00a0Je fais expr\u00e8s de stigmatiser\u00a0\u00bb<\/p>\n<p class=\" wall-content\"><strong>Fran\u00e7ois-Xavier Lauch<\/strong>, pr\u00e9fet de l\u2019H\u00e9rault, se tient aux c\u00f4t\u00e9s des forces de l\u2019ordre et assume la d\u00e9marche. \u00ab\u00a0Je fais expr\u00e8s de stigmatiser, ne serait-ce que pour montrer que l\u2019\u00c9tat agit.\u00a0\u00bb Selon lui, ces commerces ne rel\u00e8vent pas de simples manquements. \u00ab\u00a0Je consid\u00e8re que ces commerces sont des instruments du blanchiment. Du blanchiment de l\u2019argent des stup\u00e9fiants et du tabac ill\u00e9gal.\u00a0\u00bb D\u00e9sormais, chaque fermeture administrative s\u2019accompagne d\u2019une affiche grand format, autocollante, difficile \u00e0 arracher. <strong>Trois versions existent<\/strong> : l\u2019une concerne le non-respect de la r\u00e9glementation, la seconde vise le tabac illicite et la troisi\u00e8me cible les stup\u00e9fiants.<\/p>\n<p class=\" wall-content\">Le pr\u00e9fet revient sur une sc\u00e8ne fondatrice. \u00ab\u00a0Je suis juste \u00e0 c\u00f4t\u00e9 d\u2019ici avec Micha\u00ebl Delafosse. La premi\u00e8re chose qu\u2019il m\u2019a dite sur la s\u00e9curit\u00e9, c\u2019est : \u201cAidez-nous \u00e0 nous lib\u00e9rer de ces commerces.\u201d\u00a0\u00bb Le maire de Montpellier d\u00e9pense des sommes astronomiques pour racheter des fonds de commerce afin d\u2019\u00e9viter certaines installations. \u00ab\u00a0Je me suis jur\u00e9 ce soir-l\u00e0 d\u2019\u00eatre \u00e0 ses c\u00f4t\u00e9s.\u00a0\u00bb La coop\u00e9ration inclut les polices municipales, qui transmettent des proc\u00e8s-verbaux administratifs. Ces \u00e9l\u00e9ments permettent les fermetures.\u00a0<\/p>\n<p>Vid\u00e9os : en ce moment sur ActuSix motifs possibles et une loi renforc\u00e9e<\/p>\n<p class=\" wall-content\">Un commerce peut fermer pour <strong>six motifs administratifs<\/strong>. Les horaires restent le premier motif. Le tabac arrive juste derri\u00e8re. \u00ab\u00a0Le tabac ill\u00e9gal est une plaie absolue\u00a0\u00bb, tranche le pr\u00e9fet. Il \u00e9voque les cigarettes venues d\u2019Espagne, vendues moins cher, parfois \u00e0 l\u2019unit\u00e9, ou celles arrivant par la M\u00e9diterran\u00e9e. La loi narcotrafic renforce l\u2019arsenal et autorise des fermetures sur suspicion de blanchiment. \u00ab\u00a0On peut maintenant fermer sans ill\u00e9galit\u00e9 constat\u00e9e sur place.\u00a0\u00bb La dur\u00e9e atteint six mois, voire douze mois avec accord minist\u00e9riel. Le pr\u00e9fet annonce une m\u00e9thode durable. \u00ab\u00a0En posant l\u2019affiche, je dis : on va continuer \u00e0 vous harceler.\u00a0\u00bb Certains commerces ont d\u00e9j\u00e0 fait l\u2019objet de plusieurs arr\u00eat\u00e9s. \u00ab\u00a0J\u2019ai sign\u00e9 un, deux ou trois arr\u00eat\u00e9s pour les m\u00eames \u00e9tablissements. Nous n\u2019arr\u00eaterons pas.\u00a0\u00bb La lutte repose aussi <strong>sur les finances.<\/strong> \u00ab\u00a0Avec la direction des finances publiques, on s\u2019est fait une liste des commerces. Ce sont toujours les m\u00eames qui rouvrent.\u00a0\u00bb L\u2019absence de ventes r\u00e9elles alerte les services. \u00ab\u00a0On fait croire qu\u2019on vend quelque chose et on met l\u2019argent liquide dans la caisse. C\u2019est \u00e7a le blanchiment.\u00a0\u00bb<\/p>\n<p>    <img   decoding=\"async\" loading=\"lazy\" src=\"https:\/\/www.europesays.com\/fr\/wp-content\/uploads\/2025\/12\/img-8365-960x640.jpg\" alt=\"Un commerce du centre de Montpellier ferm\u00e9 pour une dur\u00e9e de deux mois par d\u00e9cision pr\u00e9fectorale.\" width=\"960\" height=\"640\"\/><br \/>\n    Un commerce du centre de Montpellier ferm\u00e9 pour une dur\u00e9e de deux mois par d\u00e9cision pr\u00e9fectorale. (\u00a9M\u00e9tropolitain \/ LP)<\/p>\n<p>Votre r\u00e9gion, votre actu !<\/p>\n<p>Recevez chaque jour les infos qui comptent pour vous.<\/p>\n<p>\t<a href=\"https:\/\/actu.fr\/newsletter\" class=\"ac-btn ac-btn--corner ac-btn--medium ac-btn--blue800\" target=\"_blank\" rel=\"noopener\">S&rsquo;incrire<\/a><\/p>\n<p class=\" wall-content\">Le bilan impressionne : <strong>172 fermetures administratives.<\/strong> Le chiffre arr\u00eat\u00e9 au 30 novembre d\u00e9passe d\u00e9j\u00e0 celui de l\u2019an dernier de 40 %. \u00c0 Montpellier, 83 commerces ont ferm\u00e9. \u00ab\u00a0L\u2019an dernier, on avait d\u00e9pass\u00e9 les 100. J\u2019en \u00e9tais tr\u00e8s fier.\u00a0\u00bb Pour le pr\u00e9fet, l\u2019affiche joue un r\u00f4le central. \u00ab\u00a0Donner un chiffre, les gens l\u2019oublient. Quand vous voyez quatre commerces ferm\u00e9s dans la m\u00eame rue, vous comprenez qu\u2019il y a un probl\u00e8me.\u00a0\u00bb L\u2019objectif vise aussi les \u00e9lus et les habitants des villes moyennes. B\u00e9darieux, Clermont-l\u2019H\u00e9rault ou Montarnaud reviennent dans ses exemples. \u00ab\u00a0Les maires ne me parlent que de \u00e7a\u00a0\u00bb, confie-t-il.<\/p>\n<p>Des trafics li\u00e9s et \u00e9volutifs<\/p>\n<p class=\" wall-content\">Le pr\u00e9fet d\u00e9crit une \u00e9conomie globale. \u00ab\u00a0Le trafiquant va vers ce qui rapporte le plus ou ce qui est le moins risqu\u00e9. Aujourd\u2019hui, les stup\u00e9fiants dominent. Le tabac suit. Demain, les m\u00e9dicaments ou la prostitution peuvent prendre le relais.\u00a0\u00bb Le protoxyde d\u2019azote inqui\u00e8te aussi. \u00ab\u00a0C\u2019est la premi\u00e8re marche.\u00a0\u00bb Il rappelle l\u2019interdiction pr\u00e9fectorale dans l\u2019H\u00e9rault et \u00e9voque les risques sanitaires et routiers. Fran\u00e7ois-Xavier Lauch ne promet pas de victoire rapide. \u00ab\u00a0\u00c7a prendra peut-\u00eatre dix ou quinze ans, mais on va y arriver.\u00a0\u00bb Il compare la m\u00e9thode \u00e0 la lutte antiterroriste : les services ciblent d\u00e9sormais des noms, croisent l\u2019administratif et le judiciaire. Sur le rideau ferm\u00e9 du barbier, l\u2019affiche colle fort. Le message aussi.\u00a0<\/p>\n<p class=\" wall-content\">Personnalisez votre actualit\u00e9 en ajoutant vos villes et m\u00e9dias en favori avec <a href=\"https:\/\/moncompte.actu.fr\" title=\"D\u00e9couvez Mon Actu\" rel=\"nofollow noopener\" data-trk=\"{&quot;cta&quot;:{&quot;action&quot;:&quot;https:\\\/\\\/moncompte.actu.fr&quot;,&quot;category&quot;:&quot;mon compte&quot;,&quot;from&quot;:&quot;article footer&quot;,&quot;name&quot;:&quot;Mon actu&quot;,&quot;type&quot;:&quot;cta&quot;}}\" target=\"_blank\">Mon Actu<\/a>.<\/p>\n","protected":false},"excerpt":{"rendered":"Par L\u00e9a Pippinato Publi\u00e9 le 16 d\u00e9c. 2025 \u00e0 18h30 Dans une rue r\u00e9nov\u00e9e de Montpellier, une affiche&hellip;\n","protected":false},"author":2,"featured_media":603471,"comment_status":"","ping_status":"","sticky":false,"template":"","format":"standard","meta":{"footnotes":""},"categories":[9599],"tags":[1111,11,341,1777,674,118,1011,27,1006,2208,12,2680,1072,25],"class_list":{"0":"post-603470","1":"post","2":"type-post","3":"status-publish","4":"format-standard","5":"has-post-thumbnail","7":"category-montpellier","8":"tag-actu","9":"tag-actualites","10":"tag-emploi","11":"tag-eu","12":"tag-europe","13":"tag-faits-divers","14":"tag-fr","15":"tag-france","16":"tag-fraude","17":"tag-montpellier","18":"tag-news","19":"tag-occitanie","20":"tag-police","21":"tag-republique-francaise"},"share_on_mastodon":{"url":"https:\/\/pubeurope.com\/@fr\/115730579279064476","error":""},"_links":{"self":[{"href":"https:\/\/www.europesays.com\/fr\/wp-json\/wp\/v2\/posts\/603470","targetHints":{"allow":["GET"]}}],"collection":[{"href":"https:\/\/www.europesays.com\/fr\/wp-json\/wp\/v2\/posts"}],"about":[{"href":"https:\/\/www.europesays.com\/fr\/wp-json\/wp\/v2\/types\/post"}],"author":[{"embeddable":true,"href":"https:\/\/www.europesays.com\/fr\/wp-json\/wp\/v2\/users\/2"}],"replies":[{"embeddable":true,"href":"https:\/\/www.europesays.com\/fr\/wp-json\/wp\/v2\/comments?post=603470"}],"version-history":[{"count":0,"href":"https:\/\/www.europesays.com\/fr\/wp-json\/wp\/v2\/posts\/603470\/revisions"}],"wp:featuredmedia":[{"embeddable":true,"href":"https:\/\/www.europesays.com\/fr\/wp-json\/wp\/v2\/media\/603471"}],"wp:attachment":[{"href":"https:\/\/www.europesays.com\/fr\/wp-json\/wp\/v2\/media?parent=603470"}],"wp:term":[{"taxonomy":"category","embeddable":true,"href":"https:\/\/www.europesays.com\/fr\/wp-json\/wp\/v2\/categories?post=603470"},{"taxonomy":"post_tag","embeddable":true,"href":"https:\/\/www.europesays.com\/fr\/wp-json\/wp\/v2\/tags?post=603470"}],"curies":[{"name":"wp","href":"https:\/\/api.w.org\/{rel}","templated":true}]}}