{"id":603472,"date":"2025-12-16T18:07:11","date_gmt":"2025-12-16T18:07:11","guid":{"rendered":"https:\/\/www.europesays.com\/fr\/603472\/"},"modified":"2025-12-16T18:07:11","modified_gmt":"2025-12-16T18:07:11","slug":"un-metro-deraille-apres-un-accident-avec-une-voiture-a-sotteville-les-rouen-le-trafic-interrompu","status":"publish","type":"post","link":"https:\/\/www.europesays.com\/fr\/603472\/","title":{"rendered":"Un m\u00e9tro d\u00e9raille apr\u00e8s un accident avec une voiture \u00e0 Sotteville-l\u00e8s-Rouen : le trafic interrompu"},"content":{"rendered":"<p>                    Par<br \/>\n        <strong><br \/>\n            <a href=\"https:\/\/actu.fr\/auteur\/yann-rivallan\" title=\"Consulter tous les articles de Yann Rivallan\" target=\"_blank\" rel=\"noopener\">Yann Rivallan<\/a><br \/>\n                    <\/strong><\/p>\n<p>        Publi\u00e9 le<\/p>\n<p>            16 d\u00e9c. 2025 \u00e0 18h36        <\/p>\n<p>Si vous circulez dans les environs de <a href=\"https:\/\/actu.fr\/normandie\/sotteville-les-rouen_76681\" target=\"_blank\" rel=\"noopener\">Sotteville-l\u00e8s-Rouen<\/a>, il va falloir vous armer de patience. Aux alentours de 17h30, mardi 16\u00a0d\u00e9cembre 2025, <strong>un m\u00e9tro a d\u00e9raill\u00e9<\/strong> apr\u00e8s une collision avec une voiture, pr\u00e8s de la station Garibaldi. \u00ab<strong>\u2009Le trafic est interrompu<\/strong> sur cette portion\u2009\u00bb, selon un cadre du R\u00e9seau Astuce.<\/p>\n<p>Des navettes mises en place<\/p>\n<p class=\" wall-content\">Les circonstances de l\u2019accident restent floues. Mais selon nos informations, il n\u2019y a <strong>pas de bless\u00e9s \u00e0 bord de la rame<\/strong> accident\u00e9e. Aucune pr\u00e9cision, pour l\u2019heure, sur l\u2019\u00e9tat de sant\u00e9 de la personne au volant de la voiture impliqu\u00e9e.<\/p>\n<p class=\" wall-content\">En cons\u00e9quence, le trafic est perturb\u00e9. Les autres m\u00e9tros continuent de circuler mais s\u2019arr\u00eatent \u00e0 la station Europe sur cette partie du r\u00e9seau. <strong>Des navettes<\/strong> ont \u00e9t\u00e9 mises en place pour permettre aux voyageurs de circuler vers l\u2019h\u00f4tel de ville de Sotteville.<\/p>\n<p class=\" wall-content\">En tout cas, la circulation n\u2019est pas pr\u00e8s de revenir \u00e0 la normale. Selon un cadre du r\u00e9seau de transports en commun, \u00ab\u2009il va falloir remettre la rame sur les rails avant de la convoyer au d\u00e9p\u00f4t\u2009\u00bb.<\/p>\n<p class=\" wall-content\">Personnalisez votre actualit\u00e9 en ajoutant vos villes et m\u00e9dias en favori avec <a href=\"https:\/\/moncompte.actu.fr\" title=\"D\u00e9couvez Mon Actu\" rel=\"nofollow noopener\" data-trk=\"{&quot;cta&quot;:{&quot;action&quot;:&quot;https:\\\/\\\/moncompte.actu.fr&quot;,&quot;category&quot;:&quot;mon compte&quot;,&quot;from&quot;:&quot;article footer&quot;,&quot;name&quot;:&quot;Mon actu&quot;,&quot;type&quot;:&quot;cta&quot;}}\" target=\"_blank\">Mon Actu<\/a>.<\/p>\n","protected":false},"excerpt":{"rendered":"Par Yann Rivallan Publi\u00e9 le 16 d\u00e9c. 2025 \u00e0 18h36 Si vous circulez dans les environs de Sotteville-l\u00e8s-Rouen,&hellip;\n","protected":false},"author":2,"featured_media":603473,"comment_status":"","ping_status":"","sticky":false,"template":"","format":"standard","meta":{"footnotes":""},"categories":[9587],"tags":[119,1111,11,1777,674,118,1011,27,12,5161,25,9726,9590],"class_list":{"0":"post-603472","1":"post","2":"type-post","3":"status-publish","4":"format-standard","5":"has-post-thumbnail","7":"category-rouen","8":"tag-accident","9":"tag-actu","10":"tag-actualites","11":"tag-eu","12":"tag-europe","13":"tag-faits-divers","14":"tag-fr","15":"tag-france","16":"tag-news","17":"tag-normandie","18":"tag-republique-francaise","19":"tag-reseau-astuce-tcar","20":"tag-rouen"},"share_on_mastodon":{"url":"https:\/\/pubeurope.com\/@fr\/115730582405898245","error":""},"_links":{"self":[{"href":"https:\/\/www.europesays.com\/fr\/wp-json\/wp\/v2\/posts\/603472","targetHints":{"allow":["GET"]}}],"collection":[{"href":"https:\/\/www.europesays.com\/fr\/wp-json\/wp\/v2\/posts"}],"about":[{"href":"https:\/\/www.europesays.com\/fr\/wp-json\/wp\/v2\/types\/post"}],"author":[{"embeddable":true,"href":"https:\/\/www.europesays.com\/fr\/wp-json\/wp\/v2\/users\/2"}],"replies":[{"embeddable":true,"href":"https:\/\/www.europesays.com\/fr\/wp-json\/wp\/v2\/comments?post=603472"}],"version-history":[{"count":0,"href":"https:\/\/www.europesays.com\/fr\/wp-json\/wp\/v2\/posts\/603472\/revisions"}],"wp:featuredmedia":[{"embeddable":true,"href":"https:\/\/www.europesays.com\/fr\/wp-json\/wp\/v2\/media\/603473"}],"wp:attachment":[{"href":"https:\/\/www.europesays.com\/fr\/wp-json\/wp\/v2\/media?parent=603472"}],"wp:term":[{"taxonomy":"category","embeddable":true,"href":"https:\/\/www.europesays.com\/fr\/wp-json\/wp\/v2\/categories?post=603472"},{"taxonomy":"post_tag","embeddable":true,"href":"https:\/\/www.europesays.com\/fr\/wp-json\/wp\/v2\/tags?post=603472"}],"curies":[{"name":"wp","href":"https:\/\/api.w.org\/{rel}","templated":true}]}}