{"id":603480,"date":"2025-12-16T18:11:11","date_gmt":"2025-12-16T18:11:11","guid":{"rendered":"https:\/\/www.europesays.com\/fr\/603480\/"},"modified":"2025-12-16T18:11:11","modified_gmt":"2025-12-16T18:11:11","slug":"ils-poignardent-un-automobiliste-pres-de-rennes-deux-jeunes-interpelles-par-la-bac","status":"publish","type":"post","link":"https:\/\/www.europesays.com\/fr\/603480\/","title":{"rendered":"Ils poignardent un automobiliste pr\u00e8s de Rennes\u00a0: deux jeunes interpell\u00e9s par la BAC"},"content":{"rendered":"<p>\u00c0 la suite de l\u2019agression d\u2019un automobiliste, la police a interpell\u00e9 deux jeunes gens, lundi 15 d\u00e9cembre. Il \u00e9tait aux alentours de 11 h 30 quand une altercation a \u00e9clat\u00e9 entre un automobiliste et deux jeunes de 16 et 25 ans, <a href=\"https:\/\/www.leparisien.fr\/faits-divers\/deux-jeunes-interpelles-apres-avoir-menace-des-educateurs-dun-foyer-et-poignarde-un-automobiliste-pres-de-rennes-16-12-2025-7ZZI2ORS3NCHXNXU6RIUSJ4274.php\" target=\"_blank\" rel=\"noopener\">a r\u00e9v\u00e9l\u00e9 le Parisien<\/a>. L\u2019un des deux a tap\u00e9 avec sa main sur le v\u00e9hicule. Le conducteur est sorti. Le ton est mont\u00e9. L\u2019automobiliste a \u00e9t\u00e9 bless\u00e9 par deux coups de couteau. L\u2019un au thorax. L\u2019autre \u00e0 la main. Tr\u00e8s l\u00e9g\u00e8rement bless\u00e9, il a \u00e9t\u00e9 transport\u00e9 au CHU de Rennes.<\/p>\n<p>Ils menacent les \u00e9ducateurs de l\u2019IME<\/p>\n<p>Quelques minutes plus tard, la Brigade anticriminalit\u00e9 (BAC) de Rennes a interpell\u00e9 les deux jeunes dans un bus qui circulait \u00e0 Chantepie. Connus pour des troubles intellectuels, ils sont suivis \u00e0 l\u2019Institut M\u00e9dical \u00c9ducatif Hallouvry \u00e0 Chantepie. C\u2019est l\u00e0, qu\u2019en d\u00e9but de matin\u00e9e, ils avaient d\u00e9j\u00e0 menac\u00e9 des \u00e9ducateurs. Tous deux sont en situation irr\u00e9guli\u00e8re. Leur garde \u00e0 vue se poursuit.<\/p>\n","protected":false},"excerpt":{"rendered":"\u00c0 la suite de l\u2019agression d\u2019un automobiliste, la police a interpell\u00e9 deux jeunes gens, lundi 15 d\u00e9cembre. Il&hellip;\n","protected":false},"author":2,"featured_media":603481,"comment_status":"","ping_status":"","sticky":false,"template":"","format":"standard","meta":{"footnotes":""},"categories":[2821],"tags":[1111,11,829,1777,674,118,3383,1011,27,12,50972,584,25],"class_list":{"0":"post-603480","1":"post","2":"type-post","3":"status-publish","4":"format-standard","5":"has-post-thumbnail","7":"category-rennes","8":"tag-actu","9":"tag-actualites","10":"tag-bretagne","11":"tag-eu","12":"tag-europe","13":"tag-faits-divers","14":"tag-faits-divers-a-rennes","15":"tag-fr","16":"tag-france","17":"tag-news","18":"tag-newsletter-la-rennes-quotidienne","19":"tag-rennes","20":"tag-republique-francaise"},"share_on_mastodon":{"url":"https:\/\/pubeurope.com\/@fr\/115730598140695523","error":""},"_links":{"self":[{"href":"https:\/\/www.europesays.com\/fr\/wp-json\/wp\/v2\/posts\/603480","targetHints":{"allow":["GET"]}}],"collection":[{"href":"https:\/\/www.europesays.com\/fr\/wp-json\/wp\/v2\/posts"}],"about":[{"href":"https:\/\/www.europesays.com\/fr\/wp-json\/wp\/v2\/types\/post"}],"author":[{"embeddable":true,"href":"https:\/\/www.europesays.com\/fr\/wp-json\/wp\/v2\/users\/2"}],"replies":[{"embeddable":true,"href":"https:\/\/www.europesays.com\/fr\/wp-json\/wp\/v2\/comments?post=603480"}],"version-history":[{"count":0,"href":"https:\/\/www.europesays.com\/fr\/wp-json\/wp\/v2\/posts\/603480\/revisions"}],"wp:featuredmedia":[{"embeddable":true,"href":"https:\/\/www.europesays.com\/fr\/wp-json\/wp\/v2\/media\/603481"}],"wp:attachment":[{"href":"https:\/\/www.europesays.com\/fr\/wp-json\/wp\/v2\/media?parent=603480"}],"wp:term":[{"taxonomy":"category","embeddable":true,"href":"https:\/\/www.europesays.com\/fr\/wp-json\/wp\/v2\/categories?post=603480"},{"taxonomy":"post_tag","embeddable":true,"href":"https:\/\/www.europesays.com\/fr\/wp-json\/wp\/v2\/tags?post=603480"}],"curies":[{"name":"wp","href":"https:\/\/api.w.org\/{rel}","templated":true}]}}