{"id":603484,"date":"2025-12-16T18:13:28","date_gmt":"2025-12-16T18:13:28","guid":{"rendered":"https:\/\/www.europesays.com\/fr\/603484\/"},"modified":"2025-12-16T18:13:28","modified_gmt":"2025-12-16T18:13:28","slug":"eschau-ces-enfants-distribuent-des-boites-dhygiene-et-des-bredele-a-des-personnes-demunies","status":"publish","type":"post","link":"https:\/\/www.europesays.com\/fr\/603484\/","title":{"rendered":"Eschau. Ces enfants distribuent des bo\u00eetes d\u2019hygi\u00e8ne et des bredele \u00e0 des personnes d\u00e9munies"},"content":{"rendered":"<p>Une quinzaine d\u2019enfants de CM1-CM2 d\u2019Eschau ont r\u00e9alis\u00e9 des bo\u00eetes d\u2019hygi\u00e8ne compos\u00e9es de diff\u00e9rents dons : brosses \u00e0 dents, dentifrice, gel douche, shampoing\u2026 Ils ont aussi souhait\u00e9 ajouter un peu de douceur en glissant dans les bo\u00eetes des bredele confectionn\u00e9s par leurs soins.<\/p>\n<p>Chaque bo\u00eete d\u2019hygi\u00e8ne a ensuite \u00e9t\u00e9 emball\u00e9e dans un joli papier cadeau. \u00ab\u00a0Au total, 65 bo\u00eetes destin\u00e9es \u00e0 l\u2019association Coup d\u2019bol que nous soutenons depuis quatre ans ont \u00e9t\u00e9 r\u00e9alis\u00e9es. Cette ann\u00e9e, le projet est port\u00e9 par Manu. Il est accompagn\u00e9 de deux coll\u00e8gues animatrices, Paola et Louanne\u00a0\u00bb, d\u00e9taille Audrey Heitz-Chapel, directrice du p\u00e9riscolaire Les Petits loups.<\/p>\n<p>  Maraude devant les Galeries Lafayette \u00e0 Strasbourg<\/p>\n<p>Ce jeudi 11\u00a0d\u00e9cembre en soir\u00e9e, quelques enfants du p\u00e9riscolaire dont trois \u00e9lus du <a href=\"https:\/\/www.dna.fr\/education\/2025\/10\/25\/le-conseil-municipal-des-enfants-intronise-en-mairie\" target=\"_blank\" rel=\"noopener\">conseil municipal des enfants (CME)<\/a> \u2013 Ma\u00eblys, Alexandre et Lize \u2013 ont pr\u00eat\u00e9 main-forte aux b\u00e9n\u00e9voles de Coup d\u2019bol lors de leur maraude en face des Galeries Lafayette \u00e0 Strasbourg.<\/p>\n<p>Ce contenu est bloqu\u00e9 car vous n&rsquo;avez pas accept\u00e9 les cookies et autres traceurs.<\/p>\n<p>En cliquant sur \u00ab J\u2019accepte \u00bb, les cookies et autres traceurs seront d\u00e9pos\u00e9s et vous pourrez visualiser les contenus  (<a href=\"\" class=\"consentModule_policy\" target=\"_blank\" title=\"Consulter la politique de protection des donn\u00e9es du fournisseur\">plus d&rsquo;informations<\/a>).<\/p>\n<p>En cliquant sur \u00ab J\u2019accepte tous les cookies \u00bb, vous autorisez des d\u00e9p\u00f4ts de cookies et autres traceurs pour le stockage de vos donn\u00e9es sur nos sites et applications \u00e0 des fins de personnalisation et de ciblage publicitaire.<\/p>\n<p class=\"consentModule_secondaryText\">Vous gardez la possibilit\u00e9 de retirer votre consentement \u00e0 tout moment en consultant notre <a href=\"https:\/\/www.dna.fr\/protection-des-donnees\" target=\"_blank\" title=\"Consulter notre politique de protection des donn\u00e9es\" rel=\"noopener\">politique de protection des donn\u00e9es<\/a>. <br \/>&#13;<br \/>\n            <a href=\"https:\/\/www.dna.fr\/education\/2025\/12\/16\/javascript:Didomi.notice.show()\" class=\"consentModule_cmp\" target=\"_blank\" rel=\"noopener\">G\u00e9rer mes choix<\/a>&#13;\n        <\/p>\n<p>&#13;<br \/>\n                        J&rsquo;accepte&#13;<br \/>\n            J&rsquo;accepte tous les cookies&#13;\n        <\/p>\n<p>Accompagn\u00e9s de leurs parents, de leur animateur Manu et de Roselyne Litewka, conseill\u00e8re municipale r\u00e9f\u00e9rente aupr\u00e8s du CME, ils ont remis leurs pr\u00e9cieux coffrets cadeaux aux plus d\u00e9munis, pendant que les b\u00e9n\u00e9voles assuraient la distribution du repas du soir (un chili sin carne accompagn\u00e9 d\u2019une compote pomme-poire, le tout pr\u00e9par\u00e9 par La cuisine de demain, un traiteur strasbourgeois), ainsi que des v\u00eatements chauds.<\/p>\n<p>  90 personnes pr\u00e9caires touch\u00e9es<\/p>\n<p>Julien, qui est \u00e0 l\u2019origine de la cr\u00e9ation de l\u2019association Coup d\u2019bol, a confi\u00e9 que, lors de la maraude, \u00ab\u00a0nous avons pu toucher 90 personnes en situation de pr\u00e9carit\u00e9\u00a0\u00bb.<\/p>\n<p>Un homme qui s\u2019est vu remettre une bo\u00eete d\u2019hygi\u00e8ne a remerci\u00e9 chaleureusement les enfants et leur a avou\u00e9 que c\u2019\u00e9tait \u00ab\u00a0le premier cadeau qu\u2019il recevait depuis 10 ans\u00a0\u00bb, pr\u00e9cise Audrey Heitz-Chapel. Esprit de No\u00ebl es-tu l\u00e0\u00a0? Pour les enfants qui ont particip\u00e9 au projet, cela ne fait aucun doute.<\/p>\n","protected":false},"excerpt":{"rendered":"Une quinzaine d\u2019enfants de CM1-CM2 d\u2019Eschau ont r\u00e9alis\u00e9 des bo\u00eetes d\u2019hygi\u00e8ne compos\u00e9es de diff\u00e9rents dons : brosses \u00e0&hellip;\n","protected":false},"author":2,"featured_media":603485,"comment_status":"","ping_status":"","sticky":false,"template":"","format":"standard","meta":{"footnotes":""},"categories":[2820],"tags":[1111,11,2880,1057,4373,1777,674,107,1011,27,775,12,25,801,104,640,3089],"class_list":{"0":"post-603484","1":"post","2":"type-post","3":"status-publish","4":"format-standard","5":"has-post-thumbnail","7":"category-strasbourg","8":"tag-actu","9":"tag-actualites","10":"tag-edition-strasbourg","11":"tag-education","12":"tag-eschau","13":"tag-eu","14":"tag-europe","15":"tag-fil-info","16":"tag-fr","17":"tag-france","18":"tag-grand-est","19":"tag-news","20":"tag-republique-francaise","21":"tag-social","22":"tag-societe","23":"tag-strasbourg","24":"tag-strasbourg-sud"},"share_on_mastodon":{"url":"https:\/\/pubeurope.com\/@fr\/115730606088111603","error":""},"_links":{"self":[{"href":"https:\/\/www.europesays.com\/fr\/wp-json\/wp\/v2\/posts\/603484","targetHints":{"allow":["GET"]}}],"collection":[{"href":"https:\/\/www.europesays.com\/fr\/wp-json\/wp\/v2\/posts"}],"about":[{"href":"https:\/\/www.europesays.com\/fr\/wp-json\/wp\/v2\/types\/post"}],"author":[{"embeddable":true,"href":"https:\/\/www.europesays.com\/fr\/wp-json\/wp\/v2\/users\/2"}],"replies":[{"embeddable":true,"href":"https:\/\/www.europesays.com\/fr\/wp-json\/wp\/v2\/comments?post=603484"}],"version-history":[{"count":0,"href":"https:\/\/www.europesays.com\/fr\/wp-json\/wp\/v2\/posts\/603484\/revisions"}],"wp:featuredmedia":[{"embeddable":true,"href":"https:\/\/www.europesays.com\/fr\/wp-json\/wp\/v2\/media\/603485"}],"wp:attachment":[{"href":"https:\/\/www.europesays.com\/fr\/wp-json\/wp\/v2\/media?parent=603484"}],"wp:term":[{"taxonomy":"category","embeddable":true,"href":"https:\/\/www.europesays.com\/fr\/wp-json\/wp\/v2\/categories?post=603484"},{"taxonomy":"post_tag","embeddable":true,"href":"https:\/\/www.europesays.com\/fr\/wp-json\/wp\/v2\/tags?post=603484"}],"curies":[{"name":"wp","href":"https:\/\/api.w.org\/{rel}","templated":true}]}}