{"id":603492,"date":"2025-12-16T18:17:17","date_gmt":"2025-12-16T18:17:17","guid":{"rendered":"https:\/\/www.europesays.com\/fr\/603492\/"},"modified":"2025-12-16T18:17:17","modified_gmt":"2025-12-16T18:17:17","slug":"les-noces-rouges-de-carl-pineau-au-coeur-du-narcotrafic-nantais","status":"publish","type":"post","link":"https:\/\/www.europesays.com\/fr\/603492\/","title":{"rendered":"\u00ab\u00a0Les Noces rouges\u00a0\u00bb de Carl Pineau, au c\u0153ur du narcotrafic nantais"},"content":{"rendered":"<p class=\"block date\" id=\"dateEtAuteur\">Publi\u00e9 : 18h13  par Dolor\u00e8s  CHARLES <\/p>\n<p><img decoding=\"async\" class=\"\" style=\"width:100%\" src=\"https:\/\/www.europesays.com\/fr\/wp-content\/uploads\/2025\/12\/NOCES_ROUGES1765903709565.jpg\" alt=\"Les Noces Rouges\"\/><\/p>\n<p>Les Noces Rouges<\/p>\n<p>Cr\u00e9dit : Dolor\u00e8s CHARLES<\/p>\n<p>A moins de 10 jours de No\u00ebl, voici une id\u00e9e cadeau pour les amateurs de polars. L\u2019auteur nantais, install\u00e9 entre Pornic et la Tha\u00eflande, Carl Pineau vient de sortir \u00ab\u00a0Les Noces Rouges\u00a0\u00bb, chez Pal\u00e9mon \u00e9ditions. <\/p>\n<p>Pour ceux qui connaissent la s\u00e9rie des \u00ab\u00a0Nuits Nantaises\u00a0\u00bb, nous sommes cette fois dans les ann\u00e9es 2010, et on retrouve l\u2019inspecteur Greg Brandt. En toile de fond, Carl Pineau devenu \u00e9crivain sur le tard choisit toujours un fait de soci\u00e9t\u00e9, et cette d\u00e9cennie aura \u00e9t\u00e9 marqu\u00e9e pour lui, par les gilets jaunes (2018).<\/p>\n<p>\u00ab\u00a0A chaque fois, je choisis le fait saillant d&rsquo;une d\u00e9cennie pour situer l&rsquo;enqu\u00eate&#8230; hormis celui des ann\u00e9es 80 qui couvrait la totalit\u00e9 des ann\u00e9es 80, une d\u00e9cennie tr\u00e8s particuli\u00e8re, avec beaucoup de libert\u00e9 et tr\u00e8s musicale. <\/p>\n<p>Pour celui-ci, <strong>j&rsquo;ai choisi la crise des gilets jaunes parce que c&rsquo;est quand m\u00eame quelque chose qui laissera des traces au niveau de notre soci\u00e9t\u00e9<\/strong>, mais ce n&rsquo;est pas li\u00e9 \u00e0 l&rsquo;enqu\u00eate. Simplement, je situe l&rsquo;intrigue pendant cette p\u00e9riode des gilets jaunes.\u00a0\u00bb<\/p>\n<p>\u00a0<\/p>\n<blockquote><p>\nUn mariage qui sent la poudre\n<\/p><\/blockquote>\n<p>\u00a0<\/p>\n<p>L\u2019intrigue du roman, <strong>c&rsquo;est \u00ab\u00a0<\/strong><strong>Greg Brandt qui aide son fils Lo\u00efc \u00e0 enqu\u00eater sur la mort d&rsquo;un trafiquant de banlieue de Bellevue\u00a0tu\u00e9 \u00e0 la Kalachnikov. <\/strong>On le connaissait d\u00e9j\u00e0, ce trafiquant, dans d&rsquo;autres opus des \u00ab\u00a0Nuits Nantaises\u00a0\u00bb notamment celui de 2005. Et ils se lancent \u00e0 la recherche de qui l&rsquo;a tu\u00e9 et pourquoi. La s\u0153ur de ce d\u00e9linquant va leur annoncer qu&rsquo;elle va se marier justement \u00e0 Bellevue avec leur meilleur ami, Dario. Les deux policiers se disent, que c&rsquo;est une tr\u00e8s mauvaise id\u00e9e et que ce mariage sans la poudre.\u00a0\u00bb C&rsquo;est comme \u00e7a que d\u00e9marre \u00ab\u00a0Les Noces rouges\u00a0\u00bb.<\/p>\n<p>Carl Pineau, avec Dolor\u00e8s CharlesCarl Pineau, avec Dolor\u00e8s Charles <\/p>\n<blockquote><p>\nL&rsquo;importance des personnages f\u00e9minins\n<\/p><\/blockquote>\n<p>\u00a0<\/p>\n<p>Carl Pineau souligne l&rsquo;importance et la richesse des personnages f\u00e9minins dans ses \u0153uvres, rejetant l&rsquo;id\u00e9e de personnages secondaires et valorisant la diversit\u00e9 des voix. \u00ab\u00a0<strong>Il n&rsquo;existe pas de personnage secondaire, mais il y a toujours de beaux personnages f\u00e9minins.<\/strong> C&rsquo;\u00e9tait vrai pour le roman \u00ab\u00a0Pour quelques millions\u00a0\u00bb qui se d\u00e9roulait \u00e0 Cuba et dans \u00ab\u00a0Maudits Fran\u00e7ais\u00a0\u00bb situ\u00e9 au Canada. J&rsquo;aime bien travaill\u00e9 les personnages f\u00e9minins et j&rsquo;aime m\u00eame travaill\u00e9 les voix f\u00e9minines.<\/p>\n<p> Dans \u00ab\u00a0L&rsquo;Arm\u00e9nien\u00a0\u00bb, je fais parler une femme psychiatre de 50 ans, contrast\u00e9e avec un jeune coiffeur libertaire, \u00e0 l&rsquo;image des ann\u00e9es 80.<strong> J&rsquo;aime bien me glisser dans des peaux tr\u00e8s diff\u00e9renes et travailler les voix au \u00ab\u00a0Je\u00a0\u00bb, c&rsquo;est ma passion d&rsquo;auteur !\u00a0\u00bb<\/strong><\/p>\n<p>Carl Pineau, avec Dolor\u00e8s CharlesCarl Pineau, avec Dolor\u00e8s Charles <\/p>\n<p>L&rsquo;auteur exprime son attachement durable \u00e0 Greg Brandt, un personnage qu&rsquo;il a d\u00e9velopp\u00e9 sur une d\u00e9cennie, soulignant l&rsquo;importance de ce lien tant pour lui que pour ses lecteurs. \u00ab\u00a0Je n&rsquo;arrive pas \u00e0 le quitter parce que j&rsquo;y suis vraiment attach\u00e9. \u00c7a fait quand m\u00eame dix ans qu&rsquo;on est ensemble et les lecteurs non plus.\u00a0\u00bb Le personnage est d\u00e9crit comme ayant une personnalit\u00e9 unique, \u00e0 la fois intuitive, humaine, et capable de duret\u00e9 quand n\u00e9cessaire, ce qui lui conf\u00e8re une sagesse touchante.<\/p>\n<p>Carl Pineau avec Dolor\u00e8s CharlesCarl Pineau avec Dolor\u00e8s Charles <\/p>\n<p>Carl Pineau signe ici son 8\u00e8me roman, qui d\u00e9crit bien la violence dans les quartiers nantais d\u00e9vor\u00e9s par le narcotrafic. Un autre volet des Nuits nantaises est d\u00e9j\u00e0 pr\u00e9vu, pour \u00e9voquer les ann\u00e9es 2020.<\/p>\n<p>Vous retrouvez \u00ab\u00a0Les Noces Rouges, dans toutes les bonnes librairies pour 19 euros.<\/p>\n<p>\u00a0<\/p>\n<blockquote><p>\nD\u00e9dicaces\n<\/p><\/blockquote>\n<p>\u00a0<\/p>\n<p>Carl Pineau est en d\u00e9dicaces dans l\u2019ouest, <strong>il sera ce mercredi 17 d\u00e9cembre \u00e0 l\u2019espace culturel du centre Leclerc Atout sud<\/strong>, puis vendredi 19 d\u00e9cembre \u00e0 l&rsquo;espace culturel Leclerc Atlantis. Il passera aussi par Ancenis samedi (espace culturel Leclerc), Gu\u00e9rande mardi 23 et Pornic mercredi 24 d\u00e9cembre.<strong>\u00a0<\/strong><\/p>\n","protected":false},"excerpt":{"rendered":"Publi\u00e9 : 18h13 par Dolor\u00e8s CHARLES Les Noces Rouges Cr\u00e9dit : Dolor\u00e8s CHARLES A moins de 10 jours&hellip;\n","protected":false},"author":2,"featured_media":603493,"comment_status":"","ping_status":"","sticky":false,"template":"","format":"standard","meta":{"footnotes":""},"categories":[2818],"tags":[1111,11,71573,1777,674,1011,27,766,12,2636,4747,5376,25],"class_list":{"0":"post-603492","1":"post","2":"type-post","3":"status-publish","4":"format-standard","5":"has-post-thumbnail","7":"category-nantes","8":"tag-actu","9":"tag-actualites","10":"tag-carl-pineau","11":"tag-eu","12":"tag-europe","13":"tag-fr","14":"tag-france","15":"tag-nantes","16":"tag-news","17":"tag-pays-de-la-loire","18":"tag-polar","19":"tag-pornic","20":"tag-republique-francaise"},"share_on_mastodon":{"url":"https:\/\/pubeurope.com\/@fr\/115730622541618379","error":""},"_links":{"self":[{"href":"https:\/\/www.europesays.com\/fr\/wp-json\/wp\/v2\/posts\/603492","targetHints":{"allow":["GET"]}}],"collection":[{"href":"https:\/\/www.europesays.com\/fr\/wp-json\/wp\/v2\/posts"}],"about":[{"href":"https:\/\/www.europesays.com\/fr\/wp-json\/wp\/v2\/types\/post"}],"author":[{"embeddable":true,"href":"https:\/\/www.europesays.com\/fr\/wp-json\/wp\/v2\/users\/2"}],"replies":[{"embeddable":true,"href":"https:\/\/www.europesays.com\/fr\/wp-json\/wp\/v2\/comments?post=603492"}],"version-history":[{"count":0,"href":"https:\/\/www.europesays.com\/fr\/wp-json\/wp\/v2\/posts\/603492\/revisions"}],"wp:featuredmedia":[{"embeddable":true,"href":"https:\/\/www.europesays.com\/fr\/wp-json\/wp\/v2\/media\/603493"}],"wp:attachment":[{"href":"https:\/\/www.europesays.com\/fr\/wp-json\/wp\/v2\/media?parent=603492"}],"wp:term":[{"taxonomy":"category","embeddable":true,"href":"https:\/\/www.europesays.com\/fr\/wp-json\/wp\/v2\/categories?post=603492"},{"taxonomy":"post_tag","embeddable":true,"href":"https:\/\/www.europesays.com\/fr\/wp-json\/wp\/v2\/tags?post=603492"}],"curies":[{"name":"wp","href":"https:\/\/api.w.org\/{rel}","templated":true}]}}