{"id":603494,"date":"2025-12-16T18:18:19","date_gmt":"2025-12-16T18:18:19","guid":{"rendered":"https:\/\/www.europesays.com\/fr\/603494\/"},"modified":"2025-12-16T18:18:19","modified_gmt":"2025-12-16T18:18:19","slug":"on-ma-vole-ma-fille-lemotion-des-parents","status":"publish","type":"post","link":"https:\/\/www.europesays.com\/fr\/603494\/","title":{"rendered":"\u00ab on m\u2019a vol\u00e9 ma fille \u00bb, l\u2019\u00e9motion des parents"},"content":{"rendered":"<p>                    Par<br \/>\n        <strong><br \/>\n            <a href=\"https:\/\/actu.fr\/auteur\/redaction-nantes\" title=\"Consulter tous les articles de R\u00e9daction Nantes\" target=\"_blank\" rel=\"noopener\">R\u00e9daction Nantes<\/a><br \/>\n                    <\/strong><\/p>\n<p>        Publi\u00e9 le<\/p>\n<p>            16 d\u00e9c. 2025 \u00e0 18h15        <\/p>\n<p>L\u2019\u00e9motion \u00e9tait vive ce mardi dans la salle d\u2019audience du tribunal correctionnel de Nantes. Lors du deuxi\u00e8me jour<a href=\"https:\/\/actu.fr\/pays-de-la-loire\/nantes_44109\/agressions-sexuelles-sur-des-enfants-un-ex-animateur-periscolaire-juge-a-nantes_63580897.html\" target=\"_blank\" rel=\"noopener\"> du proc\u00e8s de l\u2019ancien animateur p\u00e9riscolaire de Rez\u00e9<\/a>, <b>jug\u00e9 pour agressions sexuelles sur treize enfants<\/b>, de 2017 \u00e0 2019. Ce mardi 16\u00a0d\u00e9cembre 2025, <b>les parents ont t\u00e9moign\u00e9 \u00e0 la barre<\/b>. Entre <b>pleurs, col\u00e8re, effroi et incompr\u00e9hension<\/b>, les proches des victimes ont port\u00e9 la parole des enfants.<\/p>\n<p>\u00ab\u2009Je me suis sentie sale\u2009\u00bb<\/p>\n<p class=\" wall-content\">C\u2019est la m\u00e8re d\u2019une fillette, scolaris\u00e9e en 6\u1d49 \u00e0 l\u2019\u00e9poque, qui a commenc\u00e9 les t\u00e9moignages. Sa fille, venue chercher son petit fr\u00e8re \u00e0 l\u2019\u00e9cole, confirme avoir \u00e9t\u00e9 victime d\u2019un baiser sur la bouche en 2018 de la part du pr\u00e9venu, lorsque ce dernier travaillait \u00e0 l\u2019\u00e9cole Ouche Dinier. La jeune coll\u00e9gienne avait appel\u00e9 sa m\u00e8re en panique au t\u00e9l\u00e9phone. La m\u00e8re de famille avait fait un signalement.<\/p>\n<p class=\" wall-content\">\u00c0 la suite de cet avertissement, <b>l\u2019individu avait \u00e9t\u00e9 mut\u00e9 par les services municipaux au sein de l\u2019\u00e9cole du Ch\u00eane Creux<\/b>, \u00e0 Rez\u00e9. \u00c9tablissement o\u00f9 on l\u2019accuse aussi d\u2019agressions sexuelles. \u00ab\u2009J\u2019ai la sensation d\u2019avoir pouss\u00e9 cet homme (le pr\u00e9venu, N.D.L.R) dans l\u2019\u00e9cole d\u2019\u00e0 c\u00f4t\u00e9\u2009\u00bb, partage en pleurs la m\u00e8re de famille, rong\u00e9e par un sentiment de culpabilit\u00e9. \u00ab\u2009Ce n\u2019est pas vous qui avez pris la d\u00e9cision de le muter\u2009\u00bb, rassure la pr\u00e9sidente du tribunal.<\/p>\n<p class=\" wall-content\">\u00c2g\u00e9e de 11\u00a0ans en 2018, la jeune fille, d\u00e9sormais \u00e2g\u00e9e de 18\u00a0ans, a pris la parole, en fin de matin\u00e9e. Pour la jeune majeure, le pr\u00e9venu \u00ab\u2009\u00e9tait amoureux d\u2019elle\u2009\u00bb et <b>lui avait demand\u00e9 de faire la bise avant de lui voler un baiser<\/b>.<\/p>\n<blockquote class=\"ac-article-quote wall-content\">\n<p>Je me suis sentie sale. Quand je suis rentr\u00e9e \u00e0 la maison, j\u2019ai pris un torchon pour m\u2019essuyer la bouche.<\/p>\n<p>Une victime<\/p><\/blockquote>\n<p class=\" wall-content\">Chacun \u00e0 son tour, les parents \u00e9num\u00e8rent les propos de leurs enfants, victimes d\u2019agressions sexuelles\u2009: \u00ab\u2009pipi dans la bouche\u2009\u00bb, \u00ab\u2009caca dans la bouche\u2009\u00bb, \u00ab\u2009qu\u00e9quette dans la bouche\u2009\u00bb, \u00ab\u2009bisous baveux\u2009\u00bb ou \u00ab\u2009guilis au niveau du clitoris\u2009\u00bb sont cit\u00e9s.<\/p>\n<p class=\" wall-content\"><b>\u00ab\u2009Le clitoris ce n\u2019est pas quelque chose qu\u2019on conna\u00eet \u00e0 son \u00e2ge\u2009\u00bb<\/b>, lance en col\u00e8re une m\u00e8re dont la fille \u00e9tait \u00e2g\u00e9e de trois ans au moment des faits. Une pi\u00e8ce du dossier indique \u00e9galement qu\u2019une victime \u00ab\u2009pr\u00e9sente des l\u00e9sions internes anales et des taches de sang dans la culotte\u2009\u00bb.<\/p>\n<p>Votre r\u00e9gion, votre actu !<\/p>\n<p>Recevez chaque jour les infos qui comptent pour vous.<\/p>\n<p>\t<a href=\"https:\/\/actu.fr\/newsletter\" class=\"ac-btn ac-btn--corner ac-btn--medium ac-btn--blue800\" target=\"_blank\" rel=\"noopener\">S&rsquo;incrire<\/a><br \/>\n\u00ab\u2009Il a mis le chaos dans ma famille\u2009\u00bb<\/p>\n<p class=\" wall-content\">Tour \u00e0 tour des parents \u00e9voquent les s\u00e9quelles subies par leurs enfants suite \u00e0 ces agressions. Encopr\u00e9sie, m\u00e9fiance envers les hommes, terreurs nocturnes, sucement de pouces, exc\u00e8s de col\u00e8re, anxi\u00e9t\u00e9, les maux narr\u00e9s lors de l\u2019audience sont multiples.<\/p>\n<p class=\" wall-content\">\n<p class=\" wall-content\">\u00ab\u2009On m\u2019a vol\u00e9 ma fille. Elle a commenc\u00e9 \u00e0 faire de l\u2019ecz\u00e9ma. Elle avait un comportement hypersexualis\u00e9\u2009\u00bb, pleure une m\u00e8re de famille \u00e0 la barre.<\/p>\n<p class=\" wall-content\">Chaque r\u00e9cit d\u00e9crit le m\u00eame proc\u00e9d\u00e9 o\u00f9 <b>les enfants font part \u00ab\u2009d\u2019un secret\u2009\u00bb avec le pr\u00e9venu<\/b>. \u00c0 travers ces \u00ab\u2009secrets\u2009\u00bb se cachent des \u00ab\u2009bisous\u2009\u00bb, des \u00ab\u2009mariages\u2009\u00bb ou autres attouchements sexuels. Une mani\u00e8re de \u00ab\u2009s\u2019acheter le silence des enfants\u2009\u00bb.<\/p>\n<blockquote class=\"ac-article-quote wall-content\">\n<p>Il a dit \u00e0 ma fille que si elle disait la v\u00e9rit\u00e9, des voleurs allaient venir dans la maison.<\/p>\n<p>Une victime<\/p><\/blockquote>\n<p class=\" wall-content\">\u00ab\u2009Il a mis le <b>chaos <\/b>dans ma famille\u2009\u00bb, insiste un p\u00e8re, <b>persuad\u00e9 que plus de 13\u00a0enfants sont victimes du pr\u00e9venu<\/b>. Un constat partag\u00e9 par de nombreux proches pr\u00e9sents dans la salle d\u2019audience. Des familles dont le quotidien a \u00e9t\u00e9 chamboul\u00e9, voire bris\u00e9 par les faits recens\u00e9s lors du proc\u00e8s, comme le souligne une maman dont la fille souffre d\u2019ecz\u00e9ma. \u00ab\u00a0Il a viol\u00e9 ma fille, il a viol\u00e9 ma vie.\u00a0\u00bb<\/p>\n<p>\u00ab\u2009Il faut que les enfants soient reconnus comme des victimes\u2009\u00bb<\/p>\n<p class=\" wall-content\">Si la qualification <b>de viol n\u2019a pas \u00e9t\u00e9 retenue pour ce proc\u00e8s<\/b>, plusieurs parents n\u2019h\u00e9sitent pas \u00e0 employer ce terme devant le tribunal.<\/p>\n<p class=\" wall-content\">\u00ab\u2009Je ne vous regarderai pas, monsieur, <b>vous ne m\u00e9ritez pas mon regard\u2009\u00bb<\/b>, s\u2019est adress\u00e9e la maman d\u2019un petit gar\u00e7on \u00e0 l\u2019accus\u00e9, en regardant fixement la pr\u00e9sidente du tribunal. \u00ab\u2009S\u2019il y a encore des gens (sic) dans la salle qui vous croient innocent, ils sont bien na\u00effs.\u2009\u00bb<\/p>\n<p class=\" wall-content\">\u00ab\u2009Je suis fi\u00e8re de tous les enfants qui ont parl\u00e9, ils ont un courage extr\u00eame\u2009\u00bb, a salu\u00e9 une autre m\u00e8re de famille.<\/p>\n<p class=\" wall-content\">Dans ce proc\u00e8s, les parents d\u2019\u00e9l\u00e8ves veulent que \u00ab\u2009les enfants soient reconnus comme des victimes\u2009\u00bb. Durant leurs t\u00e9moignages, les proches ont d\u00e9nonc\u00e9 un <b>manque \u00ab\u2009d\u2019\u00e9coute\u2009\u00bb de la police, de l\u2019\u00e9cole ou de la mairie<\/b>.<\/p>\n<p class=\" wall-content\">\u00ab\u2009Le silence dans l\u2019\u00e9cole est flagrant. Personne n\u2019avait rien vu et personne n\u2019\u00e9tait au courant [\u2026] On demande \u00e0 la mairie, qui a un r\u00f4le dans la protection de l\u2019enfance, que \u00e7a ne se reproduise plus\u2009\u00bb, confie, interloqu\u00e9, un p\u00e8re de famille.<\/p>\n<p class=\" wall-content\">Pr\u00e9sente \u00e0 l\u2019audience, Agn\u00e8s Bourgeais, maire de <b>Rez\u00e9 <\/b>(elle n\u2019\u00e9tait pas \u00e9lue au moment des faits), s\u2019est adress\u00e9e aux parents. L\u2019\u00e9dile a reconnu des \u00ab\u2009dysfonctionnements\u2009\u00bb qui ont eu des \u00ab\u2009cons\u00e9quences dramatiques \u00bb et <b>\u00ab\u2009s\u2019excuse au nom de la Ville\u2009\u00bb<\/b>.<\/p>\n<p class=\" wall-content\">Invit\u00e9 par la pr\u00e9sidente du tribunal \u00e0 s\u2019exprimer apr\u00e8s les nombreux t\u00e9moignages des parents et avant la suspension de l\u2019audience, le pr\u00e9venu a refus\u00e9 de prendre la parole.<\/p>\n<p class=\" wall-content\"><b>Laure Gentil et Thomas Bernard<\/b><\/p>\n<p class=\" wall-content\">Personnalisez votre actualit\u00e9 en ajoutant vos villes et m\u00e9dias en favori avec <a href=\"https:\/\/moncompte.actu.fr\" title=\"D\u00e9couvez Mon Actu\" rel=\"nofollow noopener\" data-trk=\"{&quot;cta&quot;:{&quot;action&quot;:&quot;https:\\\/\\\/moncompte.actu.fr&quot;,&quot;category&quot;:&quot;mon compte&quot;,&quot;from&quot;:&quot;article footer&quot;,&quot;name&quot;:&quot;Mon actu&quot;,&quot;type&quot;:&quot;cta&quot;}}\" target=\"_blank\">Mon Actu<\/a>.<\/p>\n","protected":false},"excerpt":{"rendered":"Par R\u00e9daction Nantes Publi\u00e9 le 16 d\u00e9c. 2025 \u00e0 18h15 L\u2019\u00e9motion \u00e9tait vive ce mardi dans la salle&hellip;\n","protected":false},"author":2,"featured_media":603495,"comment_status":"","ping_status":"","sticky":false,"template":"","format":"standard","meta":{"footnotes":""},"categories":[2818],"tags":[1111,11,1777,674,118,1011,27,303,766,12,2636,874,25,10206],"class_list":{"0":"post-603494","1":"post","2":"type-post","3":"status-publish","4":"format-standard","5":"has-post-thumbnail","7":"category-nantes","8":"tag-actu","9":"tag-actualites","10":"tag-eu","11":"tag-europe","12":"tag-faits-divers","13":"tag-fr","14":"tag-france","15":"tag-justice","16":"tag-nantes","17":"tag-news","18":"tag-pays-de-la-loire","19":"tag-pedophilie","20":"tag-republique-francaise","21":"tag-tribunal-de-nantes"},"share_on_mastodon":{"url":"https:\/\/pubeurope.com\/@fr\/115730625649909804","error":""},"_links":{"self":[{"href":"https:\/\/www.europesays.com\/fr\/wp-json\/wp\/v2\/posts\/603494","targetHints":{"allow":["GET"]}}],"collection":[{"href":"https:\/\/www.europesays.com\/fr\/wp-json\/wp\/v2\/posts"}],"about":[{"href":"https:\/\/www.europesays.com\/fr\/wp-json\/wp\/v2\/types\/post"}],"author":[{"embeddable":true,"href":"https:\/\/www.europesays.com\/fr\/wp-json\/wp\/v2\/users\/2"}],"replies":[{"embeddable":true,"href":"https:\/\/www.europesays.com\/fr\/wp-json\/wp\/v2\/comments?post=603494"}],"version-history":[{"count":0,"href":"https:\/\/www.europesays.com\/fr\/wp-json\/wp\/v2\/posts\/603494\/revisions"}],"wp:featuredmedia":[{"embeddable":true,"href":"https:\/\/www.europesays.com\/fr\/wp-json\/wp\/v2\/media\/603495"}],"wp:attachment":[{"href":"https:\/\/www.europesays.com\/fr\/wp-json\/wp\/v2\/media?parent=603494"}],"wp:term":[{"taxonomy":"category","embeddable":true,"href":"https:\/\/www.europesays.com\/fr\/wp-json\/wp\/v2\/categories?post=603494"},{"taxonomy":"post_tag","embeddable":true,"href":"https:\/\/www.europesays.com\/fr\/wp-json\/wp\/v2\/tags?post=603494"}],"curies":[{"name":"wp","href":"https:\/\/api.w.org\/{rel}","templated":true}]}}