{"id":603500,"date":"2025-12-16T18:22:12","date_gmt":"2025-12-16T18:22:12","guid":{"rendered":"https:\/\/www.europesays.com\/fr\/603500\/"},"modified":"2025-12-16T18:22:12","modified_gmt":"2025-12-16T18:22:12","slug":"melanie-ouvry-nouvelle-doyenne-de-la-faculte-de-tbs-education","status":"publish","type":"post","link":"https:\/\/www.europesays.com\/fr\/603500\/","title":{"rendered":"M\u00e9lanie Ouvry nouvelle doyenne de la facult\u00e9 de TBS Education"},"content":{"rendered":"<p><a href=\"https:\/\/www.toulemploi.fr\/TBS-Education-construit-son-avenir-sous-le-soleil-marocain\" class=\"spip_out\" rel=\"external noopener\" target=\"_blank\">TBS Education<\/a> annonce la nomination au sein de sa direction de M\u00e9lanie Ouvry en tant que doyenne de la facult\u00e9. Elle succ\u00e8de \u00e0 Servane Delano\u00eb-Gueguen.<\/p>\n<p>Docteure en Sciences de gestion de l\u2019Universit\u00e9 Lille 2, M\u00e9lanie Ouvry prend ainsi la t\u00eate du corps professoral de TBS Education. Elle occupait pr\u00e9c\u00e9demment le poste de directrice de la Facult\u00e9 et de la recherche, et membre du Comex \u00e0 MBS School of Business depuis 2021 apr\u00e8s pr\u00e8s de 18 ans au sein de Skema Business School, o\u00f9 elle a dirig\u00e9 un programme puis plusieurs d\u00e9partements de la facult\u00e9 avant de devenir la doyenne.<\/p>\n<p>Cette experte de l\u2019acad\u00e9mique est \u00e9galement pass\u00e9e par le monde de l\u2019entreprise comme consultante chez Publicis. Tr\u00e8s impliqu\u00e9e dans la communaut\u00e9 des Grandes \u00c9coles, M\u00e9lanie Ouvry anime notamment le comit\u00e9 d\u2019experts des doyens au sein de la CDEFM (Conf\u00e9rence des directeurs des \u00e9coles fran\u00e7aises de management).<\/p>\n","protected":false},"excerpt":{"rendered":"TBS Education annonce la nomination au sein de sa direction de M\u00e9lanie Ouvry en tant que doyenne de&hellip;\n","protected":false},"author":2,"featured_media":373637,"comment_status":"","ping_status":"","sticky":false,"template":"","format":"standard","meta":{"footnotes":""},"categories":[2816],"tags":[1111,11,215,4854,1777,674,1011,27,8657,12,2680,25,60154,2312],"class_list":{"0":"post-603500","1":"post","2":"type-post","3":"status-publish","4":"format-standard","5":"has-post-thumbnail","7":"category-toulouse","8":"tag-actu","9":"tag-actualites","10":"tag-commerce","11":"tag-enseignement-superieur","12":"tag-eu","13":"tag-europe","14":"tag-fr","15":"tag-france","16":"tag-management","17":"tag-news","18":"tag-occitanie","19":"tag-republique-francaise","20":"tag-tbs-education","21":"tag-toulouse"},"share_on_mastodon":{"url":"https:\/\/pubeurope.com\/@fr\/115730641432655051","error":""},"_links":{"self":[{"href":"https:\/\/www.europesays.com\/fr\/wp-json\/wp\/v2\/posts\/603500","targetHints":{"allow":["GET"]}}],"collection":[{"href":"https:\/\/www.europesays.com\/fr\/wp-json\/wp\/v2\/posts"}],"about":[{"href":"https:\/\/www.europesays.com\/fr\/wp-json\/wp\/v2\/types\/post"}],"author":[{"embeddable":true,"href":"https:\/\/www.europesays.com\/fr\/wp-json\/wp\/v2\/users\/2"}],"replies":[{"embeddable":true,"href":"https:\/\/www.europesays.com\/fr\/wp-json\/wp\/v2\/comments?post=603500"}],"version-history":[{"count":0,"href":"https:\/\/www.europesays.com\/fr\/wp-json\/wp\/v2\/posts\/603500\/revisions"}],"wp:featuredmedia":[{"embeddable":true,"href":"https:\/\/www.europesays.com\/fr\/wp-json\/wp\/v2\/media\/373637"}],"wp:attachment":[{"href":"https:\/\/www.europesays.com\/fr\/wp-json\/wp\/v2\/media?parent=603500"}],"wp:term":[{"taxonomy":"category","embeddable":true,"href":"https:\/\/www.europesays.com\/fr\/wp-json\/wp\/v2\/categories?post=603500"},{"taxonomy":"post_tag","embeddable":true,"href":"https:\/\/www.europesays.com\/fr\/wp-json\/wp\/v2\/tags?post=603500"}],"curies":[{"name":"wp","href":"https:\/\/api.w.org\/{rel}","templated":true}]}}