{"id":603503,"date":"2025-12-16T18:24:21","date_gmt":"2025-12-16T18:24:21","guid":{"rendered":"https:\/\/www.europesays.com\/fr\/603503\/"},"modified":"2025-12-16T18:24:21","modified_gmt":"2025-12-16T18:24:21","slug":"lille-la-briocherie-sylvana-ouvre-une-nouvelle-boutique-gourmande-en-plein-coeur-de-la-ville","status":"publish","type":"post","link":"https:\/\/www.europesays.com\/fr\/603503\/","title":{"rendered":"Lille. La Briocherie Sylvana ouvre une nouvelle boutique gourmande, en plein c\u0153ur de la ville"},"content":{"rendered":"<p>                    Par<br \/>\n        <strong><br \/>\n            <a href=\"https:\/\/actu.fr\/auteur\/hervine-mahaud\" title=\"Consulter tous les articles de Hervine Mahaud\" target=\"_blank\" rel=\"noopener\">Hervine Mahaud<\/a><br \/>\n                    <\/strong><\/p>\n<p>        Publi\u00e9 le<\/p>\n<p>            16 d\u00e9c. 2025 \u00e0 18h20        <\/p>\n<p data-end=\"749\">Il y a des adresses qui n\u2019arrivent jamais par hasard. Le <b>70 rue Pierre-Mauroy<\/b> en fait partie. Mardi 16 d\u00e9cembre 2025, la <b>Briocherie Sylvana<\/b> y a ouvert officiellement les portes de sa <b>nouvelle boutique<\/b>, en plein centre de <a href=\"https:\/\/actu.fr\/lille\/\" target=\"_blank\" rel=\"noopener\">Lille<\/a>. Une ouverture tr\u00e8s attendue, presque symbolique, pour cette enseigne artisanale n\u00e9e dans le quartier Lille-Moulins en 2022 et port\u00e9e par deux s\u0153urs. Sylvana et Christiane ont fait de la brioche bien plus qu\u2019une gourmandise : la briocherie est un lieu de vie o\u00f9 l\u2019on vient chercher du r\u00e9confort. \u00c0 trois minutes \u00e0 pied de la <a href=\"https:\/\/actu.fr\/tag\/gare-lille-flandres\" target=\"_blank\" rel=\"noopener\">gare Lille-Flandres<\/a> et de la <b>Grand\u2019Place<\/b>, cette <b>nouvelle boutique<\/b> marque un tournant. Plus grande, plus lumineuse, pens\u00e9e pour accueillir, elle propose d\u00e9sormais une <b>cinquantaine de places assises<\/b>. Un espace o\u00f9 l\u2019on peut s\u2019arr\u00eater entre deux courses, se poser apr\u00e8s une vir\u00e9e shopping ou simplement s\u2019offrir un moment doux, autour d\u2019une brioche dor\u00e9e et g\u00e9n\u00e9reuse. Mais derri\u00e8re cette ouverture en centre-ville, il y a une histoire faite de d\u00e9tours, de doutes et de pers\u00e9v\u00e9rance.<\/p>\n<p data-end=\"749\" class=\" wall-content\">\n<a href=\"https:\/\/www.instagram.com\/p\/DSVH5t_CI-r\/embed\" title=\"Ouvrir le lien sur Instagram\" target=\"_blank\" rel=\"noopener\">Visualiser le contenu sur Instagram<\/a><\/p>\n<p>Une ann\u00e9e charni\u00e8re, entre temp\u00eates et d\u00e9cisions<\/p>\n<p data-end=\"1742\" class=\" wall-content\">Pour les fondatrices, 2025 n\u2019a pas \u00e9t\u00e9 une ann\u00e9e comme les autres. D\u00e8s janvier, elles le savaient : cette troisi\u00e8me ann\u00e9e d\u2019existence de leur entreprise serait d\u00e9cisive. Le moment de se poser les bonnes questions, de r\u00e9fl\u00e9chir \u00e0 la croissance, sans trahir l\u2019ADN de Sylvana. Accompagn\u00e9es notamment par leur incubateur Entrepreneurs dans la Ville, elles ont pris le temps (rare) de questionner leur mod\u00e8le, leurs envies, leurs limites aussi.<\/p>\n<p data-end=\"2162\" class=\" wall-content\">Le printemps a pourtant mis leurs certitudes \u00e0 rude \u00e9preuve. En avril, une d\u00e9cision lourde s\u2019impose : <a href=\"https:\/\/actu.fr\/hauts-de-france\/lille_59350\/un-an-apres-jb-lebas-une-nouvelle-briocherie-festive-va-ouvrir-dans-le-vieux-lille_59701316.html\" target=\"_blank\" rel=\"noopener\">fermer la briocherie du Vieux-Lille<\/a> apr\u00e8s la <a href=\"https:\/\/actu.fr\/tag\/braderie-de-lille\" target=\"_blank\" rel=\"noopener\">Braderie<\/a>.<\/p>\n<p data-end=\"2162\" class=\" wall-content\">Une page se tourne, avec son lot d\u2019\u00e9motions, de fatigue et de gratitude. En parall\u00e8le, la vie d\u2019\u00e9quipe \u00e9volue, les travaux s\u2019installent devant la boutique historique du boulevard Victor Hugo durant tout l\u2019\u00e9t\u00e9. \u00ab\u00a0Les chiffres ont chut\u00e9, on a eu tr\u00e8s peur. Mais il a fallu tenir. Rester concentr\u00e9es. R\u00e9fl\u00e9chir \u00e0 la suite\u00a0\u00bb, racontent-elles<\/p>\n<p data-end=\"2162\" class=\" wall-content\">\n<a href=\"https:\/\/www.instagram.com\/p\/DQusI8fjXZs\/embed\" title=\"Ouvrir le lien sur Instagram\" target=\"_blank\" rel=\"noopener\">Visualiser le contenu sur Instagram<\/a><\/p>\n<p data-end=\"2496\" class=\" wall-content\">Et pourtant, au milieu de ces montagnes russes entrepreneuriales, un projet prend forme en silence, murmur\u00e9 entre deux fourn\u00e9es. Partag\u00e9 \u00e0 demi-mot avec les \u00e9quipes, les partenaires, les clients fid\u00e8les. Un projet m\u00fbri depuis des mois : s\u2019installer en plein c\u0153ur de Lille.<\/p>\n<p>Votre r\u00e9gion, votre actu !<\/p>\n<p>Recevez chaque jour les infos qui comptent pour vous.<\/p>\n<p>\t<a href=\"https:\/\/actu.fr\/newsletter\" class=\"ac-btn ac-btn--corner ac-btn--medium ac-btn--blue800\" target=\"_blank\" rel=\"noopener\">S&rsquo;incrire<\/a><br \/>\nS\u2019installer dans le centre : un r\u00eave longtemps poursuivi par Sylvana\u00a0<\/p>\n<p class=\" wall-content\">En avril dernier, une proposition d\u2019un local arrive par mail. Mais elle tombe presque \u00e0 contretemps. \u00ab\u00a0On sortait tout juste d\u2019un premier trimestre 2025 o\u00f9 il fallait se poser, r\u00e9fl\u00e9chir, d\u00e9cider : c\u2019est quoi, la suite pour nous ?\u00a0\u00bb L\u2019adresse est pourtant tr\u00e8s symbolique : le 70 rue Pierre-Mauroy, la rue que Sylvana r\u00eavait d\u00e9j\u00e0 d\u2019investir en 2018, lors du <a href=\"https:\/\/actu.fr\/hauts-de-france\/lille_59350\/lille-vont-ouvrir-banana-cafe-lieu-pense-parents-adapte-enfants_25117325.html\" target=\"_blank\" rel=\"noopener\">projet du Banana Caf\u00e9 qu\u2019elle portait avec \u00c9lise<\/a>. \u00ab\u00a0J\u2019ai cherch\u00e9. Longtemps. Trop grand, trop petit, trop cher, trop risqu\u00e9\u2026 jamais la bonne perle. Jusqu\u2019au moment o\u00f9 j\u2019ai abandonn\u00e9 l\u2019id\u00e9e.\u00a0\u00bb<\/p>\n<p class=\" wall-content\"><a href=\"https:\/\/www.instagram.com\/p\/DQwyPW6iAyF\/embed\" title=\"Ouvrir le lien sur Instagram\" target=\"_blank\" rel=\"noopener\">Visualiser le contenu sur Instagram<\/a><\/p>\n<p data-end=\"2976\" class=\" wall-content\">Et c\u2019est justement apr\u00e8s avoir renonc\u00e9 \u00e0 cette id\u00e9e que <a href=\"https:\/\/actu.fr\/hauts-de-france\/lille_59350\/la-toute-premiere-briocherie-de-lille-va-ouvrir-debut-juillet_51880411.html\" target=\"_blank\" rel=\"noopener\">la premi\u00e8re briocherie avait trouv\u00e9 refuge \u00e0 Moulins, au 24 boulevard Victor Hugo<\/a>, une adresse qui reste, et continuera de r\u00e9galer les familles du quartier et du parc Jean-Baptiste Lebas.<\/p>\n<p>    <img   decoding=\"async\" loading=\"lazy\" class=\"size-large\" src=\"https:\/\/www.europesays.com\/fr\/wp-content\/uploads\/2025\/12\/b18b6d4f61496858b6d4f6149598b6v-960x640.jpg\" alt=\"Hervine Mahaud\" width=\"960\" height=\"640\"\/><br \/>\n    Il y avait d\u00e9j\u00e0 un peu de monde devant la nouvelle briocherie du centre, avant son ouverture. Les 200 premiers clients ont aussi eu la chance de repartir avec une surprise qu\u2019ils devaient tirer au sort. \u00a9Hervine Mahaud<\/p>\n<p data-end=\"3272\" class=\" wall-content\">Signer ce nouveau bail n\u2019a rien eu d\u2019une formalit\u00e9. N\u00e9gociations bancaires, pr\u00eats d\u2019honneur, subventions inaccessibles, budgets travaux qui explosent, nuits \u00e9court\u00e9es\u2026 \u00ab\u00a0Le plan de vol le plus complexe depuis le d\u00e9but de l\u2019aventure\u00a0\u00bb, racontent-elles. Mais abandonner n\u2019a jamais \u00e9t\u00e9 une option.<\/p>\n<p data-end=\"3585\" class=\" wall-content\">Aujourd\u2019hui, cette nouvelle boutique se veut <b>comme une promesse<\/b> : plus accessible, plus vivante, plus incarn\u00e9e encore. Un lieu fid\u00e8le aux valeurs de Sylvana (l\u2019\u00e9merveillement, la chaleur, le partage) o\u00f9 l\u2019on vient aussi bien pour <b>nourrir son enfant int\u00e9rieur<\/b> que pour c\u00e9l\u00e9brer les petits moments du quotidien.<\/p>\n<p>Une ouverture juste \u00e0 temps pour les f\u00eates<\/p>\n<p data-end=\"3976\" class=\" wall-content\">Le calendrier n\u2019aurait pas pu mieux tomber. Cette ouverture arrive \u00e0 l\u2019approche des f\u00eates de fin d\u2019ann\u00e9e, avec une nouvelle gamme de <a href=\"https:\/\/actu.fr\/hauts-de-france\/lille_59350\/buches-de-noel-nos-10-adresses-a-lille-pour-trouver-le-dessert-qui-comblera-tous-les-gourmands_63522062.html\" target=\"_blank\" rel=\"noopener\">b\u00fbches de No\u00ebl<\/a> et de galettes des Reines, \u00e9videmment\u2026 brioch\u00e9es (\u00e0 pr\u00e9commander sur <a href=\"https:\/\/www.briocheriesylvana.fr\/\" target=\"_blank\" rel=\"noopener\">le site de la briocherie<\/a>). Les incontournables coquilles de <a href=\"https:\/\/actu.fr\/tag\/noel\" target=\"_blank\" rel=\"noopener\">No\u00ebl<\/a> et toutes les autres cr\u00e9ations brioch\u00e9es sont aussi disponibles sur place.<\/p>\n<p>    <img   decoding=\"async\" loading=\"lazy\" class=\"size-large\" src=\"https:\/\/www.europesays.com\/fr\/wp-content\/uploads\/2025\/12\/85af5d4f6149689af5d4f61496daf5v-960x640.jpg\" alt=\"Hervine Mahaud\" width=\"960\" height=\"640\"\/><br \/>\n    Sur le comptoir bien rempli, on retrouve les joufflues et les maxi cookies qui font le bonheur des gourmands. \u00a9Hervine Mahaud<\/p>\n<p data-end=\"4256\" class=\" wall-content\">\u00c0 Lille, Sylvana et Christiane ne se contentent pas d\u2019ouvrir une boutique de plus. Elles ouvrent un nouveau chapitre. Celui d\u2019une aventure familiale qui continue, co\u00fbte que co\u00fbte, port\u00e9e par la conviction qu\u2019on peut encore cr\u00e9er de la douceur, du lien et de la beaut\u00e9\u2026 \u00e0 coups de brioches dor\u00e9es !<\/p>\n<p>Infos pratiques : Briocherie Sylvana, 70 rue Pierre Mauroy, Lille. Horaires : du mardi au dimanche, de 9h \u00e0 18h.\u00a0<\/p>\n<p class=\" wall-content\">Personnalisez votre actualit\u00e9 en ajoutant vos villes et m\u00e9dias en favori avec <a href=\"https:\/\/moncompte.actu.fr\" title=\"D\u00e9couvez Mon Actu\" rel=\"nofollow noopener\" data-trk=\"{&quot;cta&quot;:{&quot;action&quot;:&quot;https:\\\/\\\/moncompte.actu.fr&quot;,&quot;category&quot;:&quot;mon compte&quot;,&quot;from&quot;:&quot;article footer&quot;,&quot;name&quot;:&quot;Mon actu&quot;,&quot;type&quot;:&quot;cta&quot;}}\" target=\"_blank\">Mon Actu<\/a>.<\/p>\n<p>                    <script async src=\"\/\/www.instagram.com\/embed.js\"><\/script><\/p>\n","protected":false},"excerpt":{"rendered":"Par Hervine Mahaud Publi\u00e9 le 16 d\u00e9c. 2025 \u00e0 18h20 Il y a des adresses qui n\u2019arrivent jamais&hellip;\n","protected":false},"author":2,"featured_media":603504,"comment_status":"","ping_status":"","sticky":false,"template":"","format":"standard","meta":{"footnotes":""},"categories":[2815],"tags":[1111,11,33,2855,1777,674,1011,27,811,1307,12,3147,25],"class_list":{"0":"post-603503","1":"post","2":"type-post","3":"status-publish","4":"format-standard","5":"has-post-thumbnail","7":"category-lille","8":"tag-actu","9":"tag-actualites","10":"tag-economie","11":"tag-entrepreneuriat","12":"tag-eu","13":"tag-europe","14":"tag-fr","15":"tag-france","16":"tag-hauts-de-france","17":"tag-lille","18":"tag-news","19":"tag-nouveaux-commerces","20":"tag-republique-francaise"},"share_on_mastodon":{"url":"https:\/\/pubeurope.com\/@fr\/115730650985354554","error":""},"_links":{"self":[{"href":"https:\/\/www.europesays.com\/fr\/wp-json\/wp\/v2\/posts\/603503","targetHints":{"allow":["GET"]}}],"collection":[{"href":"https:\/\/www.europesays.com\/fr\/wp-json\/wp\/v2\/posts"}],"about":[{"href":"https:\/\/www.europesays.com\/fr\/wp-json\/wp\/v2\/types\/post"}],"author":[{"embeddable":true,"href":"https:\/\/www.europesays.com\/fr\/wp-json\/wp\/v2\/users\/2"}],"replies":[{"embeddable":true,"href":"https:\/\/www.europesays.com\/fr\/wp-json\/wp\/v2\/comments?post=603503"}],"version-history":[{"count":0,"href":"https:\/\/www.europesays.com\/fr\/wp-json\/wp\/v2\/posts\/603503\/revisions"}],"wp:featuredmedia":[{"embeddable":true,"href":"https:\/\/www.europesays.com\/fr\/wp-json\/wp\/v2\/media\/603504"}],"wp:attachment":[{"href":"https:\/\/www.europesays.com\/fr\/wp-json\/wp\/v2\/media?parent=603503"}],"wp:term":[{"taxonomy":"category","embeddable":true,"href":"https:\/\/www.europesays.com\/fr\/wp-json\/wp\/v2\/categories?post=603503"},{"taxonomy":"post_tag","embeddable":true,"href":"https:\/\/www.europesays.com\/fr\/wp-json\/wp\/v2\/tags?post=603503"}],"curies":[{"name":"wp","href":"https:\/\/api.w.org\/{rel}","templated":true}]}}