{"id":603525,"date":"2025-12-16T18:42:30","date_gmt":"2025-12-16T18:42:30","guid":{"rendered":"https:\/\/www.europesays.com\/fr\/603525\/"},"modified":"2025-12-16T18:42:30","modified_gmt":"2025-12-16T18:42:30","slug":"en-russie-le-kremlin-resserre-le-noeud-coulant-de-la-censure-sur-les-reseaux-sociaux","status":"publish","type":"post","link":"https:\/\/www.europesays.com\/fr\/603525\/","title":{"rendered":"En Russie, le Kremlin resserre le n\u0153ud coulant de la censure sur les r\u00e9seaux sociaux"},"content":{"rendered":"<p>\n    <strong>D\u00c9CRYPTAGE<\/strong> &#8211; Les services de WhatsApp, Face Time, Snapchat sont bloqu\u00e9s ou deviennent de plus en plus erratiques, et m\u00eame internet est fr\u00e9quemment coup\u00e9 par le pouvoir.<\/p>\n<p class=\"fig-paragraph\">Pour les Russes, qui utilisent massivement les r\u00e9seaux sociaux, l\u2019\u00e9tau se resserre au quotidien. Lena peste contre son<a href=\"http:\/\/www.lefigaro.fr\/international\/la-russie-envisage-de-bannir-whatsapp-au-profit-d-une-application-nationale-20250724\" data-fig-type=\"NewsFlash\" data-gtm-custom-categorie=\"navigation\" data-gtm-custom-action=\"crossclick\" data-gtm-custom-label=\"Contextuel\" data-gtm-event=\"customEventSPE\" data-fig-domain=\"LEFIGARO\" target=\"_blank\" rel=\"noopener\">\u00a0WhatsApp<\/a>\u00a0qui rencontre \u00ab\u00a0bug\u00a0\u00bb sur \u00ab\u00a0bug\u00a0\u00bb. La messagerie texte patine et conna\u00eet de fr\u00e9quentes \u00e9clipses. Les vid\u00e9os ne se chargent pas et m\u00eame les photos ont souvent du mal \u00e0 passer. Quant aux appels vocaux, il ne faut pas plus y songer \u2013 il faut dire qu\u2019en Russie\u00a0<a href=\"http:\/\/www.lefigaro.fr\/flash-eco\/la-russie-restreint-les-appels-via-whatsapp-et-telegram-20250813\" data-fig-type=\"NewsFlash\" data-gtm-custom-categorie=\"navigation\" data-gtm-custom-action=\"crossclick\" data-gtm-custom-label=\"Contextuel\" data-gtm-event=\"customEventSPE\" data-fig-domain=\"LEFIGARO\" target=\"_blank\" rel=\"noopener\">on se m\u00e9fie des conversations t\u00e9l\u00e9phoniques<\/a>.<\/p>\n<p class=\"fig-paragraph\">Depuis plusieurs mois,\u00a0<a href=\"http:\/\/www.lefigaro.fr\/international\/un-veritable-agent-du-renseignement-glisse-dans-votre-telephone-dans-la-russie-de-poutine-les-reseaux-sociaux-plus-que-jamais-sous-surveillance-20251025\" data-fig-type=\"Article\" data-gtm-custom-categorie=\"navigation\" data-gtm-custom-action=\"crossclick\" data-gtm-custom-label=\"Contextuel\" data-gtm-event=\"customEventSPE\" data-fig-domain=\"LEFIGARO\" target=\"_blank\" rel=\"noopener\">les mesures restrictives<\/a>\u00a0ne font que s\u2019accro\u00eetre, sous la houlette de Roskomnadzor, l\u2019agence f\u00e9d\u00e9rale des communications, grand ordonnateur de la censure de l\u2019internet et des m\u00e9dias. Depuis l\u2019invasion de l\u2019Ukraine, il y a pr\u00e8s de quatre ans, l\u2019espace virtuel est l\u2019un des principaux champs de la r\u00e9pression accrue que conna\u00eet la Russie.<\/p>\n<p class=\"fig-body-link\">\n            \u00c0 lire aussi<br \/>\n        <a class=\"fig-body-link__link fig-premium-mark\" href=\"http:\/\/www.lefigaro.fr\/international\/reseaux-sociaux-intelligence-artificielle-plateformes-russes-entre-la-russie-et-l-occident-la-guerre-informationnelle-s-amplifie-20251216\" data-fig-type=\"Article\" data-gtm-custom-categorie=\"navigation\" data-gtm-custom-action=\"crossclick\" data-gtm-custom-label=\"Contextuel\" data-gtm-event=\"customEventSPE\" data-fig-domain=\"LEFIGARO\" target=\"_blank\" rel=\"noopener\"><\/p>\n<p>        R\u00e9seaux sociaux, intelligence artificielle&#8230; Entre la Russie et l\u2019Occident, la guerre informationnelle s\u2019amplifie<br \/>\n    <\/a>\n<\/p>\n<p class=\"fig-paragraph\">En novembre, Roskomnadzor a menac\u00e9 de bloquer totalement WhatsApp si celle-ci ne se conformait pas aux exigences de la l\u00e9gislation russe en mati\u00e8re de r\u00e9pression de la criminalit\u00e9. Or cette messagerie, leader\u2026<\/p>\n<p class=\"fig-premium-paywall__infos\">\n        Cet article est r\u00e9serv\u00e9 aux abonn\u00e9s.        Il vous reste 84% \u00e0 d\u00e9couvrir.\n    <\/p>\n<p>                <img  data- alt=\"Le Figaro\" class=\"fig-img--complete fig-img\"\/><\/p>\n<p class=\"fig-premium-paywall__title\">Vente Flash<\/p>\n<p class=\"fig-premium-paywall__subtitle\">-50% sur l&rsquo;abonnement num\u00e9rique<\/p>\n<p class=\"fig-premium-paywall__connect\">\n                D\u00e9j\u00e0 abonn\u00e9\u00a0?                <a class=\"fig-premium-paywall__connect-link\" href=\"https:\/\/connect.lefigaro.fr\/login?client=horizon_web&amp;type=main&amp;redirect_uri=https%3A%2F%2Fwww.lefigaro.fr%2Finternational%2Fen-russie-le-kremlin-resserre-le-noeud-coulant-de-la-censure-sur-les-reseaux-sociaux-20251216\" data-js-gtm=\"{&quot;customCategorie&quot;: &quot;conversion&quot;, &quot;customAction&quot;: &quot;before_Landing_Connexion_paywall_auto&quot;, &quot;customLabel&quot;: &quot;bGVmaWdhcm8uZnJfXzFmMGRhOTQ2LWE4NzctNjNmYy1iYmJlLWQ1YzU4MWIxYTEyY19fQXJ0aWNsZQ==_En Russie, le Kremlin resserre le n\u0153ud coulant de la censure sur les r\u00e9seaux sociaux_202&quot;, &quot;customIDSPE&quot;: &quot;bGVmaWdhcm8uZnJfXzFmMGRhOTQ2LWE4NzctNjNmYy1iYmJlLWQ1YzU4MWIxYTEyY19fQXJ0aWNsZQ==&quot;, &quot;event&quot;: &quot;customEventSPE&quot;}\" target=\"_blank\" rel=\"noopener\"><br \/>\n                    Connectez-vous<br \/>\n                <\/a>\n            <\/p>\n","protected":false},"excerpt":{"rendered":"D\u00c9CRYPTAGE &#8211; Les services de WhatsApp, Face Time, Snapchat sont bloqu\u00e9s ou deviennent de plus en plus erratiques,&hellip;\n","protected":false},"author":2,"featured_media":603526,"comment_status":"","ping_status":"","sticky":false,"template":"","format":"standard","meta":{"footnotes":""},"categories":[1591],"tags":[11,9006,1887,12,938,1885,1886,132],"class_list":{"0":"post-603525","1":"post","2":"type-post","3":"status-publish","4":"format-standard","5":"has-post-thumbnail","7":"category-russie","8":"tag-actualites","9":"tag-censure","10":"tag-federation-de-russie","11":"tag-news","12":"tag-reseaux-sociaux","13":"tag-russia","14":"tag-russian-federation","15":"tag-russie"},"share_on_mastodon":{"url":"https:\/\/pubeurope.com\/@fr\/115730719811676690","error":""},"_links":{"self":[{"href":"https:\/\/www.europesays.com\/fr\/wp-json\/wp\/v2\/posts\/603525","targetHints":{"allow":["GET"]}}],"collection":[{"href":"https:\/\/www.europesays.com\/fr\/wp-json\/wp\/v2\/posts"}],"about":[{"href":"https:\/\/www.europesays.com\/fr\/wp-json\/wp\/v2\/types\/post"}],"author":[{"embeddable":true,"href":"https:\/\/www.europesays.com\/fr\/wp-json\/wp\/v2\/users\/2"}],"replies":[{"embeddable":true,"href":"https:\/\/www.europesays.com\/fr\/wp-json\/wp\/v2\/comments?post=603525"}],"version-history":[{"count":0,"href":"https:\/\/www.europesays.com\/fr\/wp-json\/wp\/v2\/posts\/603525\/revisions"}],"wp:featuredmedia":[{"embeddable":true,"href":"https:\/\/www.europesays.com\/fr\/wp-json\/wp\/v2\/media\/603526"}],"wp:attachment":[{"href":"https:\/\/www.europesays.com\/fr\/wp-json\/wp\/v2\/media?parent=603525"}],"wp:term":[{"taxonomy":"category","embeddable":true,"href":"https:\/\/www.europesays.com\/fr\/wp-json\/wp\/v2\/categories?post=603525"},{"taxonomy":"post_tag","embeddable":true,"href":"https:\/\/www.europesays.com\/fr\/wp-json\/wp\/v2\/tags?post=603525"}],"curies":[{"name":"wp","href":"https:\/\/api.w.org\/{rel}","templated":true}]}}