{"id":603527,"date":"2025-12-16T18:44:13","date_gmt":"2025-12-16T18:44:13","guid":{"rendered":"https:\/\/www.europesays.com\/fr\/603527\/"},"modified":"2025-12-16T18:44:13","modified_gmt":"2025-12-16T18:44:13","slug":"la-russie-rallume-la-clim-sur-les-negociations-de-paix-et-le-prix-du-petrole-chute","status":"publish","type":"post","link":"https:\/\/www.europesays.com\/fr\/603527\/","title":{"rendered":"La Russie rallume la clim sur les n\u00e9gociations de paix et le prix du p\u00e9trole chute"},"content":{"rendered":"<p>Vous avez rat\u00e9 les derniers \u00e9v\u00e9nements sur la <a href=\"https:\/\/www.20minutes.fr\/monde\/ukraine\/\" class=\"c-link c-link--is-underlined\" target=\"_blank\" rel=\"noopener\">guerre en Ukraine<\/a>\u00a0? 20 Minutes fait le point pour vous tous les soirs. Voici l\u2019essentiel de ce mardi 16\u00a0d\u00e9cembre, au 1.392e jour du conflit.<\/p>\n<p>Le fait du jour<\/p>\n<p>C\u2019\u00e9tait trop beau. Lundi soir <a href=\"https:\/\/www.20minutes.fr\/dossier\/donald_trump\" class=\"c-link c-link--is-underlined\" target=\"_blank\" rel=\"noopener\">Donald Trump<\/a> affirmait qu\u2019un accord de paix n\u2019avait \u00ab\u00a0jamais\u00a0\u00bb \u00e9t\u00e9 aussi \u00ab\u00a0proche\u00a0\u00bb et <a href=\"https:\/\/www.20minutes.fr\/monde\/volodymyr-zelensky\/\" class=\"c-link c-link--is-underlined\" target=\"_blank\" rel=\"noopener\">Volodymyr Zelensky<\/a> louait des \u00ab\u00a0progr\u00e8s constructifs\u00a0\u00bb apr\u00e8s un deuxi\u00e8me round de n\u00e9gociations \u00e0 Berlin entre Am\u00e9ricains et Ukrainiens. Mais ce mardi, le Kremlin s\u2019est charg\u00e9 de rallumer la clim et de doucher l\u2019enthousiasme g\u00e9n\u00e9ral. \u00ab\u00a0La participation des Europ\u00e9ens, en termes d&rsquo;acceptabilit\u00e9 [de l\u2019accord par Moscou], n\u2019augure rien de bon\u00a0\u00bb, a d\u00e9clar\u00e9 le porte-parole de la pr\u00e9sidence russe, Dmitri Peskov, cit\u00e9 par les agences de presse russes. La voix de <a href=\"https:\/\/www.20minutes.fr\/monde\/vladimir_poutine\/\" class=\"c-link c-link--is-underlined\" target=\"_blank\" rel=\"noopener\">Vladimir Poutine<\/a> a expliqu\u00e9 que la <a href=\"https:\/\/www.20minutes.fr\/monde\/russie\/\" class=\"c-link c-link--is-underlined\" target=\"_blank\" rel=\"noopener\">Russie<\/a> devait \u00ab\u00a0d\u2019abord prendre connaissance\u00a0\u00bb de ce qui a \u00e9t\u00e9 \u00e9labor\u00e9 lors des r\u00e9centes n\u00e9gociations entre Ukrainiens et Am\u00e9ricains avant l\u2019organisation d\u2019une nouvelle rencontre, avec sa propre participation, \u00e0 ce sujet.<\/p>\n<\/p>\n<p>La d\u00e9claration du jour<\/p>\n<blockquote class=\"mx-m@xs mx-xxl@md color-ultramarine c-citation\">\n<p class=\"font-weight-regular@xs text-italic font-source-serif-pro text-l@xs c-citation__content\">\u00ab\u00a0La ville de Koupiansk est sous contr\u00f4le de la 6e arm\u00e9e russe\u00a0\u00bb<\/p>\n<\/blockquote>\n<p>Cette annonce a \u00e9t\u00e9 faite ce mardi par L\u00e9onide Charov, le porte-parole du groupement militaire russe Zapad, d\u00e9ploy\u00e9 dans cette zone et n\u2019a pas \u00e9t\u00e9 comment\u00e9e par Kiev. Koupiansk est une ville-cl\u00e9 du nord-est de l\u2019Ukraine, o\u00f9 les forces ukrainiennes ont revendiqu\u00e9 r\u00e9cemment la reprise de plusieurs quartiers \u00e0 l\u2019arm\u00e9e russe.<\/p>\n<p>De \u00ab\u00a0petits groupes\u00a0\u00bb de soldats ukrainiens tentent \u00ab\u00a0tous les jours\u00a0\u00bb de p\u00e9n\u00e9trer dans Koupiansk, a reconnu L\u00e9onide Charov, tout en insistant que \u00ab\u00a0tous les quartiers sont sous contr\u00f4le des forces russes\u00a0\u00bb.<\/p>\n<p>L\u2019arm\u00e9e russe occupe actuellement 20\u00a0% du territoire de son voisin, dans l\u2019est et le sud.<\/p>\n<p>Le chiffre du jour<\/p>\n<p>800.000 hommes. Le format \u00ab\u00a0limit\u00e9\u00a0\u00bb de l\u2019arm\u00e9e ukrainienne apr\u00e8s un \u00e9ventuel accord de paix tel qu\u2019imagin\u00e9 par les alli\u00e9s europ\u00e9ens de Kiev. Lundi soir, les dirigeants des principaux pays europ\u00e9ens et de l\u2019UE ont propos\u00e9 pour appuyer cette arm\u00e9e r\u00e9duite de diriger une \u00ab\u00a0force multinationale\u00a0\u00bb qui serait \u00ab\u00a0compos\u00e9e de contributions de nations volontaires, et soutenue par les \u00c9tats-Unis\u00a0\u00bb.<\/p>\n<p>Le document a \u00e9t\u00e9 sign\u00e9 par la France, l\u2019<a href=\"https:\/\/www.20minutes.fr\/dossier\/allemagne\" class=\"c-link c-link--is-underlined\" target=\"_blank\" rel=\"noopener\">Allemagne<\/a>, le <a href=\"https:\/\/www.20minutes.fr\/monde\/royaume-uni\/\" class=\"c-link c-link--is-underlined\" target=\"_blank\" rel=\"noopener\">Royaume-Uni<\/a>, le Danemark, les Pays-Bas, la Norv\u00e8ge, l\u2019Italie, la Pologne, la Su\u00e8de et l\u2019UE mais pas par les Etats-Unis. Ce d\u00e9ploiement est un point de blocage ind\u00e9niable pour Moscou.<\/p>\n<p>La tendance<\/p>\n<p>La perspective d\u2019un accord de paix en Ukraine fait planer le risque d\u2019un surplus de <a href=\"https:\/\/www.20minutes.fr\/dossier\/petrole\" class=\"c-link c-link--is-underlined\" target=\"_blank\" rel=\"noopener\">p\u00e9trole<\/a> sur le march\u00e9. Le prix du baril de brut de r\u00e9f\u00e9rence am\u00e9ricain est donc tomb\u00e9 mardi \u00e0 son plus bas niveau depuis pr\u00e8s de cinq ans. Vers 17 heures, le baril de West Texas Intermediate, pour livraison en janvier, chutait de 2,64\u00a0% \u00e0 55,32 dollars, apr\u00e8s \u00eatre tomb\u00e9 jusqu\u2019\u00e0 54,98 dollars, un niveau in\u00e9dit depuis f\u00e9vrier\u00a02021.<\/p>\n<p><a href=\"http:\/\/www.20minutes.fr\/monde\/ukriane\" class=\"c-link c-btn c-btn--primary\" target=\"_blank\" rel=\"noopener\">Notre dossier sur la guerre en Ukraine<\/a><\/p>\n<p>Son \u00e9quivalent europ\u00e9en, le prix du baril de Brent de la mer du Nord, pour livraison en f\u00e9vrier, tombait de 2,53\u00a0% \u00e0 59,03 dollars, apr\u00e8s \u00eatre pass\u00e9 plus t\u00f4t mardi sous la barre des 60 dollars pour la premi\u00e8re fois depuis mai.<\/p>\n","protected":false},"excerpt":{"rendered":"Vous avez rat\u00e9 les derniers \u00e9v\u00e9nements sur la guerre en Ukraine\u00a0? 20 Minutes fait le point pour vous&hellip;\n","protected":false},"author":2,"featured_media":603528,"comment_status":"","ping_status":"","sticky":false,"template":"","format":"standard","meta":{"footnotes":""},"categories":[1590],"tags":[47,11,672,1898,75,73,1777,674,131,74,1916,12,844,132,220,135,134],"class_list":{"0":"post-603527","1":"post","2":"type-post","3":"status-publish","4":"format-standard","5":"has-post-thumbnail","7":"category-ukraine","8":"tag-actualite","9":"tag-actualites","10":"tag-allemagne","11":"tag-berlin","12":"tag-donald-trump","13":"tag-etats-unis","14":"tag-eu","15":"tag-europe","16":"tag-guerre-en-ukraine","17":"tag-monde","18":"tag-moscou","19":"tag-news","20":"tag-petrole","21":"tag-russie","22":"tag-ukraine","23":"tag-vladimir-poutine","24":"tag-volodymyr-zelensky"},"share_on_mastodon":{"url":"https:\/\/pubeurope.com\/@fr\/115730727832929353","error":""},"_links":{"self":[{"href":"https:\/\/www.europesays.com\/fr\/wp-json\/wp\/v2\/posts\/603527","targetHints":{"allow":["GET"]}}],"collection":[{"href":"https:\/\/www.europesays.com\/fr\/wp-json\/wp\/v2\/posts"}],"about":[{"href":"https:\/\/www.europesays.com\/fr\/wp-json\/wp\/v2\/types\/post"}],"author":[{"embeddable":true,"href":"https:\/\/www.europesays.com\/fr\/wp-json\/wp\/v2\/users\/2"}],"replies":[{"embeddable":true,"href":"https:\/\/www.europesays.com\/fr\/wp-json\/wp\/v2\/comments?post=603527"}],"version-history":[{"count":0,"href":"https:\/\/www.europesays.com\/fr\/wp-json\/wp\/v2\/posts\/603527\/revisions"}],"wp:featuredmedia":[{"embeddable":true,"href":"https:\/\/www.europesays.com\/fr\/wp-json\/wp\/v2\/media\/603528"}],"wp:attachment":[{"href":"https:\/\/www.europesays.com\/fr\/wp-json\/wp\/v2\/media?parent=603527"}],"wp:term":[{"taxonomy":"category","embeddable":true,"href":"https:\/\/www.europesays.com\/fr\/wp-json\/wp\/v2\/categories?post=603527"},{"taxonomy":"post_tag","embeddable":true,"href":"https:\/\/www.europesays.com\/fr\/wp-json\/wp\/v2\/tags?post=603527"}],"curies":[{"name":"wp","href":"https:\/\/api.w.org\/{rel}","templated":true}]}}