{"id":603534,"date":"2025-12-16T18:48:27","date_gmt":"2025-12-16T18:48:27","guid":{"rendered":"https:\/\/www.europesays.com\/fr\/603534\/"},"modified":"2025-12-16T18:48:27","modified_gmt":"2025-12-16T18:48:27","slug":"leurope-devrait-etre-la-region-la-plus-rurale-au-monde-dici-2050","status":"publish","type":"post","link":"https:\/\/www.europesays.com\/fr\/603534\/","title":{"rendered":"L&rsquo;Europe devrait \u00eatre la r\u00e9gion la plus rurale au monde d&rsquo;ici 2050"},"content":{"rendered":"<p><img loading=\"lazy\" decoding=\"async\" src=\"https:\/\/www.europesays.com\/fr\/wp-content\/uploads\/2025\/12\/L-Europe-devrait-etre-la-region-la-plus-rurale-au-monde-d-ici-2050-2202251.webp.webp\" width=\"1200\" height=\"675\" alt=\"placeholder video\"\/><\/p>\n<p>Selon l\u2019ONU, en 2050, un Europ\u00e9en sur quatre devrait vivre en zone rurale. Ce chiffre illustre que le basculement d\u00e9mographique du continent est presque achev\u00e9. \u00c0 l\u2019international, la situation est tr\u00e8s diff\u00e9rente : sur les cinq continents, le monde conna\u00eet un bouleversement d\u00e9mographique in\u00e9dit depuis 1950. Le d\u00e9cryptage dans la chronique de Mathieu Jolivet.<\/p>\n<p>Aujourd&rsquo;hui \u00e0 19h30 | Dur\u00e9e : 2:48<\/p>\n","protected":false},"excerpt":{"rendered":"Selon l\u2019ONU, en 2050, un Europ\u00e9en sur quatre devrait vivre en zone rurale. Ce chiffre illustre que le&hellip;\n","protected":false},"author":2,"featured_media":603535,"comment_status":"","ping_status":"","sticky":false,"template":"","format":"standard","meta":{"footnotes":""},"categories":[1586],"tags":[11,1777,674,1011,27,12,25],"class_list":{"0":"post-603534","1":"post","2":"type-post","3":"status-publish","4":"format-standard","5":"has-post-thumbnail","7":"category-europe","8":"tag-actualites","9":"tag-eu","10":"tag-europe","11":"tag-fr","12":"tag-france","13":"tag-news","14":"tag-republique-francaise"},"share_on_mastodon":{"url":"https:\/\/pubeurope.com\/@fr\/115730744889820829","error":""},"_links":{"self":[{"href":"https:\/\/www.europesays.com\/fr\/wp-json\/wp\/v2\/posts\/603534","targetHints":{"allow":["GET"]}}],"collection":[{"href":"https:\/\/www.europesays.com\/fr\/wp-json\/wp\/v2\/posts"}],"about":[{"href":"https:\/\/www.europesays.com\/fr\/wp-json\/wp\/v2\/types\/post"}],"author":[{"embeddable":true,"href":"https:\/\/www.europesays.com\/fr\/wp-json\/wp\/v2\/users\/2"}],"replies":[{"embeddable":true,"href":"https:\/\/www.europesays.com\/fr\/wp-json\/wp\/v2\/comments?post=603534"}],"version-history":[{"count":0,"href":"https:\/\/www.europesays.com\/fr\/wp-json\/wp\/v2\/posts\/603534\/revisions"}],"wp:featuredmedia":[{"embeddable":true,"href":"https:\/\/www.europesays.com\/fr\/wp-json\/wp\/v2\/media\/603535"}],"wp:attachment":[{"href":"https:\/\/www.europesays.com\/fr\/wp-json\/wp\/v2\/media?parent=603534"}],"wp:term":[{"taxonomy":"category","embeddable":true,"href":"https:\/\/www.europesays.com\/fr\/wp-json\/wp\/v2\/categories?post=603534"},{"taxonomy":"post_tag","embeddable":true,"href":"https:\/\/www.europesays.com\/fr\/wp-json\/wp\/v2\/tags?post=603534"}],"curies":[{"name":"wp","href":"https:\/\/api.w.org\/{rel}","templated":true}]}}