{"id":603536,"date":"2025-12-16T18:49:16","date_gmt":"2025-12-16T18:49:16","guid":{"rendered":"https:\/\/www.europesays.com\/fr\/603536\/"},"modified":"2025-12-16T18:49:16","modified_gmt":"2025-12-16T18:49:16","slug":"les-dirigeants-deurope-de-lest-appellent-a-un-renforcement-de-la-defense-sur-le-flanc-oriental-de-lue","status":"publish","type":"post","link":"https:\/\/www.europesays.com\/fr\/603536\/","title":{"rendered":"Les dirigeants d&rsquo;Europe de l&rsquo;Est appellent \u00e0 un renforcement de la d\u00e9fense sur le flanc oriental de l&rsquo;UE"},"content":{"rendered":"<p>Les dirigeants des \u00c9tats membres situ\u00e9s \u00e0 la fronti\u00e8re orientale de l&rsquo;UE ont demand\u00e9 mardi que les fonds de l&rsquo;Union europ\u00e9enne soient affect\u00e9s en priorit\u00e9 au projet phare \u00ab\u00a0Eastern Flank Watch\u00a0\u00bb, arguant qu&rsquo;ils sont \u00ab\u00a0au premier plan\u00a0\u00bb de la menace pos\u00e9e par la Russie et qu&rsquo;ils constituent donc la premi\u00e8re ligne de d\u00e9fense de l&rsquo;Union.<\/p>\n<p>Dans une d\u00e9claration commune publi\u00e9e \u00e0 l&rsquo;issue d&rsquo;un sommet \u00e0 Helsinki, les dirigeants de la Su\u00e8de, de la Finlande, de la Pologne, de l&rsquo;Estonie, de la Lettonie, de la Lituanie, de la Roumanie et de la Bulgarie ont d\u00e9clar\u00e9 qu&rsquo;\u00e9tant donn\u00e9 que la Russie repr\u00e9sente \u00ab\u00a0la menace la plus importante, la plus directe et la plus durable\u00a0\u00bb pour la s\u00e9curit\u00e9 europ\u00e9enne, il convient de \u00ab\u00a0donner imm\u00e9diatement la priorit\u00e9 au flanc oriental de l&rsquo;UE par le biais d&rsquo;une approche op\u00e9rationnelle coordonn\u00e9e et multi-domaine\u00a0\u00bb.<\/p>\n<p>La menace russe<\/p>\n<p>La surveillance du flanc oriental est l&rsquo;un des quatre projets phares que la Commission europ\u00e9enne a pr\u00e9sent\u00e9 \u00e0 la mi-octobre dans le cadre d&rsquo;une feuille de route sur l&rsquo;\u00e9tat de pr\u00e9paration \u00e0 la d\u00e9fense \u00e0 l&rsquo;horizon 2030. L&rsquo;initiative europ\u00e9enne sur les drones et le bouclier spatial europ\u00e9en figurent \u00e9galement parmi les projets propos\u00e9s.<\/p>\n<p>L&rsquo;ex\u00e9cutif europ\u00e9en a d\u00e9clar\u00e9 dans sa proposition que le projet phare visait \u00e0 renforcer la capacit\u00e9 des \u00c9tats membres de l&rsquo;Est \u00e0 faire face \u00e0 un large \u00e9ventail de menaces, y compris les op\u00e9rations hybrides, les incursions de drones, la flotte fant\u00f4me de la Russie et le risque d&rsquo;agression arm\u00e9e.<\/p>\n<p>Il envisage que la surveillance des flancs orientaux soit qualifi\u00e9e de projet de d\u00e9fense europ\u00e9en d&rsquo;int\u00e9r\u00eat commun, ce qui lui donnerait acc\u00e8s \u00e0 davantage de fonds de l&rsquo;UE ainsi qu&rsquo;\u00e0 une planification et \u00e0 une autorisation acc\u00e9l\u00e9r\u00e9es.<\/p>\n<p>La proposition ne contient toutefois aucun d\u00e9tail sur la forme ou le co\u00fbt du projet, et les dirigeants des \u00c9tats membres n&rsquo;ont pas encore approuv\u00e9 la feuille de route, mais ils devraient le faire lors d&rsquo;un sommet qui se tiendra \u00e0 Bruxelles jeudi.<\/p>\n<p>La feuille de route fait partie d&rsquo;une s\u00e9rie de mesures propos\u00e9es par la Commission pour stimuler la production et l&rsquo;acquisition de mat\u00e9riel de d\u00e9fense europ\u00e9en avant la fin de la d\u00e9cennie, suite aux craintes que Moscou pourrait chercher \u00e0 tester l&rsquo;article 5 de l&rsquo;OTAN au cours des quatre ou cinq prochaines ann\u00e9es.<\/p>\n<p>Ces mesures comprennent l&rsquo;octroi aux \u00c9tats membres d&rsquo;une plus grande flexibilit\u00e9 fiscale pour les d\u00e9penses de d\u00e9fense, la cr\u00e9ation d&rsquo;un syst\u00e8me de pr\u00eats pour la d\u00e9fense et la simplification des r\u00e8gles pour les entreprises de d\u00e9fense.<\/p>\n<p>\u00ab\u00a0Le renforcement de la d\u00e9fense europ\u00e9enne ne se fera pas et ne se poursuivra pas si nous, \u00c9tats situ\u00e9s \u00e0 la fronti\u00e8re orientale de l&rsquo;UE, ne faisons pas entendre notre voix et n&rsquo;expliquons pas nos r\u00e9alit\u00e9s\u00a0\u00bb, a d\u00e9clar\u00e9 le Premier ministre finlandais, Petteri Orpo, \u00e0 la presse apr\u00e8s la r\u00e9union de mardi.<\/p>\n<p>\u00ab\u00a0Je suis heureux d&rsquo;annoncer que la Finlande est pr\u00eate \u00e0 assumer le r\u00f4le de chef de file, avec la Pologne, de la surveillance des flancs orientaux. Je tiens \u00e0 souligner que tous les \u00c9tats membres de l&rsquo;UE sont les bienvenus\u00a0\u00bb, a-t-il ajout\u00e9.<\/p>\n<p>\u00ab\u00a0Utiliser efficacement les fonds de l&rsquo;UE\u00a0\u00bb<\/p>\n<p>Les huit pays signataires de la d\u00e9claration se sont engag\u00e9s \u00e0 faire avancer le travail au niveau technique \u00ab\u00a0pour cr\u00e9er des mesures concr\u00e8tes\u00a0\u00bb et d\u00e9tailler ce que le projet phare impliquerait, a \u00e9galement d\u00e9clar\u00e9 Petteri Oropo.<\/p>\n<p>Pour l&rsquo;instant, la d\u00e9claration se contente d&rsquo;indiquer que la surveillance du flanc oriental devrait n\u00e9cessairement int\u00e9grer des capacit\u00e9s de combat au sol, de protection contre les drones, de d\u00e9fense a\u00e9rienne et antimissile, de protection des fronti\u00e8res et des infrastructures critiques, de mobilit\u00e9 et de contre-mobilit\u00e9 militaires, ainsi que des outils strat\u00e9giques.<\/p>\n<p>Le rapport indique \u00e9galement qu&rsquo;il n\u00e9cessiterait \u00ab\u00a0un large soutien et engagement de l&rsquo;UE et l&rsquo;utilisation de diff\u00e9rents instruments de l&rsquo;UE\u00a0\u00bb, notamment le programme europ\u00e9en pour l&rsquo;industrie de la d\u00e9fense, r\u00e9cemment adopt\u00e9 et dot\u00e9 d&rsquo;un budget de 1,5 milliard d&rsquo;euros.<\/p>\n<p>Mais les dirigeants du flanc oriental ont \u00e9galement demand\u00e9 une part des fonds du prochain budget pluriannuel de l&rsquo;Union. Pr\u00e9vu pour 2028, ce budget pourrait allouer 131 milliards d&rsquo;euros \u00e0 la d\u00e9fense, soit cinq fois plus que l&rsquo;enveloppe pr\u00e9c\u00e9dente.<\/p>\n<p>\u00ab\u00a0L&rsquo;un des objectifs de ce nouveau format est d&rsquo;utiliser efficacement les fonds de l&rsquo;UE et l&rsquo;argent de l&rsquo;UE\u00a0\u00bb, a d\u00e9clar\u00e9 le Premier ministre polonais Donald Tusk, les huit pays \u00e9tant \u00e9galement pr\u00eats \u00e0 utiliser \u00ab\u00a0la pression politique et une argumentation ferme et unie\u00a0\u00bb pour n\u00e9gocier avec leurs homologues de l&rsquo;UE.<\/p>\n<p>Les pays de l&rsquo;Est de l&rsquo;Europe sont \u00e9galement pr\u00eats \u00e0 utiliser \u00ab\u00a0la pression politique et une argumentation forte et unie\u00a0\u00bb pour n\u00e9gocier avec leurs homologues de l&rsquo;UE. <\/p>\n<p>\u00ab\u00a0La compr\u00e9hension des besoins dans cette partie du monde est assez commune\u00a0\u00bb, a ajout\u00e9 Donald Tusk. \u00ab\u00a0Nous sommes tr\u00e8s pragmatiques. Je suis absolument certain que pour notre s\u00e9curit\u00e9, non seulement pour mon pays, mais pour nous tous, ce format et notre travail commun sont absolument cruciaux et qu&rsquo;ils peuvent servir de mod\u00e8le \u00e0 d&rsquo;autres pays\u00a0\u00bb.<\/p>\n","protected":false},"excerpt":{"rendered":"Les dirigeants des \u00c9tats membres situ\u00e9s \u00e0 la fronti\u00e8re orientale de l&rsquo;UE ont demand\u00e9 mardi que les fonds&hellip;\n","protected":false},"author":2,"featured_media":603537,"comment_status":"","ping_status":"","sticky":false,"template":"","format":"standard","meta":{"footnotes":""},"categories":[1586],"tags":[11,554,1777,674,37138,1779,219,1011,27,12,2437,25,132,1778,364],"class_list":{"0":"post-603536","1":"post","2":"type-post","3":"status-publish","4":"format-standard","5":"has-post-thumbnail","7":"category-europe","8":"tag-actualites","9":"tag-defense","10":"tag-eu","11":"tag-europe","12":"tag-europe-de-lest","13":"tag-european-union","14":"tag-finlande","15":"tag-fr","16":"tag-france","17":"tag-news","18":"tag-pologne","19":"tag-republique-francaise","20":"tag-russie","21":"tag-ue","22":"tag-union-europeenne"},"share_on_mastodon":{"url":"https:\/\/pubeurope.com\/@fr\/115730747645000865","error":""},"_links":{"self":[{"href":"https:\/\/www.europesays.com\/fr\/wp-json\/wp\/v2\/posts\/603536","targetHints":{"allow":["GET"]}}],"collection":[{"href":"https:\/\/www.europesays.com\/fr\/wp-json\/wp\/v2\/posts"}],"about":[{"href":"https:\/\/www.europesays.com\/fr\/wp-json\/wp\/v2\/types\/post"}],"author":[{"embeddable":true,"href":"https:\/\/www.europesays.com\/fr\/wp-json\/wp\/v2\/users\/2"}],"replies":[{"embeddable":true,"href":"https:\/\/www.europesays.com\/fr\/wp-json\/wp\/v2\/comments?post=603536"}],"version-history":[{"count":0,"href":"https:\/\/www.europesays.com\/fr\/wp-json\/wp\/v2\/posts\/603536\/revisions"}],"wp:featuredmedia":[{"embeddable":true,"href":"https:\/\/www.europesays.com\/fr\/wp-json\/wp\/v2\/media\/603537"}],"wp:attachment":[{"href":"https:\/\/www.europesays.com\/fr\/wp-json\/wp\/v2\/media?parent=603536"}],"wp:term":[{"taxonomy":"category","embeddable":true,"href":"https:\/\/www.europesays.com\/fr\/wp-json\/wp\/v2\/categories?post=603536"},{"taxonomy":"post_tag","embeddable":true,"href":"https:\/\/www.europesays.com\/fr\/wp-json\/wp\/v2\/tags?post=603536"}],"curies":[{"name":"wp","href":"https:\/\/api.w.org\/{rel}","templated":true}]}}