{"id":603550,"date":"2025-12-16T19:00:16","date_gmt":"2025-12-16T19:00:16","guid":{"rendered":"https:\/\/www.europesays.com\/fr\/603550\/"},"modified":"2025-12-16T19:00:16","modified_gmt":"2025-12-16T19:00:16","slug":"deux-championnats-de-france-a-bourges-actualite","status":"publish","type":"post","link":"https:\/\/www.europesays.com\/fr\/603550\/","title":{"rendered":"Deux Championnats de France \u00e0 Bourges &#8211; Actualit\u00e9"},"content":{"rendered":"<p style=\"text-align: justify;\">Bourges va recevoir le <a href=\"https:\/\/www.directvelo.com\/actualite\/125324\/piste-le-championnat-de-france-elites-2026-attribue\" target=\"_blank\" rel=\"noopener\"><strong>Championnat de France sur piste Elite du 16 au 18 janvier prochains<\/strong><\/a>.<\/p>\n<p style=\"text-align: justify;\">Mais la ville de Jacques Coeur recevra un deuxi\u00e8me Championnat de France au m\u00eame moment. Le Championnat de France d&rsquo;E-Cycling y aura lieu le samedi 17 janvier, en salle donc. <a href=\"https:\/\/www.directvelo.com\/actualite\/124529\/coupe-de-france-e-cycling-le-calendrier-2025\" target=\"_blank\" rel=\"noopener\"><strong>La Coupe de France<\/strong><\/a>\u00a0 est qualificative pour ce Championnat de France qui en sera \u00e0 sa quatri\u00e8me \u00e9dition.<\/p>\n","protected":false},"excerpt":{"rendered":"Bourges va recevoir le Championnat de France sur piste Elite du 16 au 18 janvier prochains. Mais la&hellip;\n","protected":false},"author":2,"featured_media":603551,"comment_status":"","ping_status":"","sticky":false,"template":"","format":"standard","meta":{"footnotes":""},"categories":[1411],"tags":[834,828,836,829,837,827,83,826,824,823,1154,207,814,817,815,816,822,821,832,211,839,1011,27,820,818,819,835,831,830,833,838,60,212,208,825],"class_list":{"0":"post-603550","1":"post","2":"type-post","3":"status-publish","4":"format-standard","5":"has-post-thumbnail","7":"category-cyclisme","8":"tag-attaque","9":"tag-belgique","10":"tag-braquet","11":"tag-bretagne","12":"tag-chute","13":"tag-competition","14":"tag-coupe-de-france","15":"tag-coureur","16":"tag-course-cyclisme","17":"tag-course-cycliste","18":"tag-cycling","19":"tag-cyclisme","20":"tag-direct","21":"tag-direct-velo","22":"tag-directvelo","23":"tag-directvelo-com","24":"tag-epreuve","25":"tag-epreuve-cycliste","26":"tag-federation-francaise-de-cyclisme","27":"tag-ffc","28":"tag-flandres","29":"tag-fr","30":"tag-france","31":"tag-live","32":"tag-live-course","33":"tag-live-epreuve","34":"tag-peloton","35":"tag-radio-peloton","36":"tag-radio-tour","37":"tag-ravitaillement","38":"tag-relance","39":"tag-sports","40":"tag-uci","41":"tag-velo","42":"tag-velos"},"share_on_mastodon":{"url":"https:\/\/pubeurope.com\/@fr\/115730790822289779","error":""},"_links":{"self":[{"href":"https:\/\/www.europesays.com\/fr\/wp-json\/wp\/v2\/posts\/603550","targetHints":{"allow":["GET"]}}],"collection":[{"href":"https:\/\/www.europesays.com\/fr\/wp-json\/wp\/v2\/posts"}],"about":[{"href":"https:\/\/www.europesays.com\/fr\/wp-json\/wp\/v2\/types\/post"}],"author":[{"embeddable":true,"href":"https:\/\/www.europesays.com\/fr\/wp-json\/wp\/v2\/users\/2"}],"replies":[{"embeddable":true,"href":"https:\/\/www.europesays.com\/fr\/wp-json\/wp\/v2\/comments?post=603550"}],"version-history":[{"count":0,"href":"https:\/\/www.europesays.com\/fr\/wp-json\/wp\/v2\/posts\/603550\/revisions"}],"wp:featuredmedia":[{"embeddable":true,"href":"https:\/\/www.europesays.com\/fr\/wp-json\/wp\/v2\/media\/603551"}],"wp:attachment":[{"href":"https:\/\/www.europesays.com\/fr\/wp-json\/wp\/v2\/media?parent=603550"}],"wp:term":[{"taxonomy":"category","embeddable":true,"href":"https:\/\/www.europesays.com\/fr\/wp-json\/wp\/v2\/categories?post=603550"},{"taxonomy":"post_tag","embeddable":true,"href":"https:\/\/www.europesays.com\/fr\/wp-json\/wp\/v2\/tags?post=603550"}],"curies":[{"name":"wp","href":"https:\/\/api.w.org\/{rel}","templated":true}]}}