{"id":603558,"date":"2025-12-16T19:06:15","date_gmt":"2025-12-16T19:06:15","guid":{"rendered":"https:\/\/www.europesays.com\/fr\/603558\/"},"modified":"2025-12-16T19:06:15","modified_gmt":"2025-12-16T19:06:15","slug":"avant-premiere-demain-nous-appartient-du-18-decembre-2025-episode-2098-tf1","status":"publish","type":"post","link":"https:\/\/www.europesays.com\/fr\/603558\/","title":{"rendered":"Avant-premi\u00e8re &#8211; Demain nous appartient du 18 d\u00e9cembre 2025 &#8211; Episode 2098 &#8211; TF1+"},"content":{"rendered":"<ol>\n<li><a href=\"https:\/\/news.google.com\/rss\/articles\/CBMi0wFBVV95cUxQSHlaV3pqd0JQVXNDNlhFd21MQ1FsZ1VNMUVObWpyUkxJbkhVMDlSVXN4WDkwOURJaExKY2RUOW1NZ2JpMkk1Ujh4T0kycTUzYTFHYnhwa252UmNqVlJmajU1aUIwNk04QnFEa0xZdzhiamdXRFRyaWF1d0FSd1RSUml2M0tDbVBoNG9paGF6LTlTdHBWZXFqVHdNa0M1Wi1UQVM4RWhPR21mN3V2OVIxUTJfSF9CeUVadFJWbWZpZkVFWGpJRjNhT3V1ZnBuczlXa3RZ?oc=5\" target=\"_blank\" rel=\"noopener\">Avant-premi\u00e8re &#8211; Demain nous appartient du 18 d\u00e9cembre 2025 &#8211; Episode 2098<\/a>&nbsp;&nbsp;TF1+<\/li>\n<li><a href=\"https:\/\/news.google.com\/rss\/articles\/CBMifkFVX3lxTE5hS19hMDNrT0tTS29nRnAwQUYzSjJHc1pxMDFxbWJYZWlsNk9mUklhb0dEbGI4dzdXeDFOTHRMd2Jid3lLOXUySENZSEN2dGVDdDZvZi1BUDR1VG5qR2s3LVNiWUdCT0dnT25XLWhXcVFCdDhsQ3c2cEZPQkt2QQ?oc=5\" target=\"_blank\" rel=\"noopener\">Demain nous appartient : un personnage phare sur le d\u00e9part ?<\/a>&nbsp;&nbsp;AlloCin\u00e9<\/li>\n<li><a href=\"https:\/\/news.google.com\/rss\/articles\/CBMi7gFBVV95cUxNTlhkUWp4Tk9UNXdPNHdJZ3FPSEpVNzdZTGNGcHBHX3NjZGV4UUJWRWNsVnBpaExoM191T0tZTnZxaVVRZkl6UVg2ZHRDd0hBX2JZSTJqYy1ZUENPcExHZ0cxUXJEbjlMMnJHbW9nQlhnMmpwLXhZbDF1dmQwRUVaOEEySVN1d3RrTl8xQ1RsN2s0Y3FTNVotaGhlYzQ0VG9jTGo5WmFJQnNMdmxDTm81blFYR0FaLWxHQUxDVllLT3VBcTFHZlJQemd3cGgtMVJ5U0RvODd3ODUyaV9DUmJNcXNiaER2ODZPeldlaV9R?oc=5\" target=\"_blank\" rel=\"noopener\">Marguerite quitte S\u00e8te : Rapha\u00eblle pr\u00eate \u00e0 tout pour la retenir ? &#8211; Demain nous appartient (spoilers) du 18 d\u00e9cembre 2025<\/a>&nbsp;&nbsp;Nouveaut\u00e9s-T\u00e9l\u00e9.com<\/li>\n<li><a href=\"https:\/\/news.google.com\/rss\/articles\/CBMi0AFBVV95cUxQeURoVUpYQkhUZ2pKMXhyc0hod3FkTnoyZkdnTXJQTzhJc2NlWVNkdkZtd0N2VGVyNGozTUtNYnNhaDlINEc4TmZ5YUtGWEViZFNGMERjbDFUa3BlSmxZd1N6dHdyTFJtRHpHX3FOdUZiV2VUVnVCMVI3cWROb2hOc2VPZnpGSDFxZDZEdEJPLW0yNmxUXzdzRW9rckhOSm1RWElKajVaT3dpcjRra2pOMG8xUVBTOXF4bEZaV1NEVWxBV1BZazFQeERIMl9WR1pa0gHWAUFVX3lxTE83N3ctSVJyelhyd3FBNFVaVWc5T1FPcE1zUWNEQWZwVlR4N0prUThuVDJwbHE4YS0xVExYSTc0RXRsYjVWcURDT2FDUURubkhJa0ZUZDRGM2R1NE1MZW1BRk5OdUViU01UMXdzcUhLM1VDeDcxVzRYWEVtWGF2ZVZnajRWQXoyWUVaSWg1VXFjUXNwYmFrcXAwT2FIRGNocVJaYWZ4bnNvSm4wVjJyQlpnS2M0OUlESFRUMXpqZEJDTklvV3Y4THR4SnJaUzVaUG1EaW9WTVE?oc=5\" target=\"_blank\" rel=\"noopener\">Demain Nous Appartient spoiler : Marguerite apprend une mauvaise nouvelle (vid\u00e9o \u00e9pisode du 18 d\u00e9cembre)<\/a>&nbsp;&nbsp;Stars Actu<\/li>\n<li><a href=\"https:\/\/news.google.com\/rss\/articles\/CBMifkFVX3lxTE9WVi1tbE1kTXdaSTd3Rmd4UE02cllJaVVHUEstWjZlN3cxTWNmUldkWURDaHFVRzA1S0ROYkc0WVRmSUp1RFdiZzRJOU5DemlieERkZFIxMVdQQ3RvUDBJRHFZVU5fWEQwWVBhYkdHeENrcXJyaDVaaWl3Zldndw?oc=5\" target=\"_blank\" rel=\"noopener\">Demain nous appartient : qui est le p\u00e8re de Jack et Lizzie ? Damien et Jordan sont pr\u00eats \u00e0 tout pour le d\u00e9couvrir<\/a>&nbsp;&nbsp;AlloCin\u00e9<\/li>\n<\/ol>\n","protected":false},"excerpt":{"rendered":"Avant-premi\u00e8re &#8211; Demain nous appartient du 18 d\u00e9cembre 2025 &#8211; Episode 2098&nbsp;&nbsp;TF1+ Demain nous appartient : un personnage&hellip;\n","protected":false},"author":2,"featured_media":603559,"comment_status":"","ping_status":"","sticky":false,"template":"","format":"standard","meta":{"footnotes":""},"categories":[1356],"tags":[4090,43004,58,59,1365,4089,43003,41047,1011,27,43001,43011,43015,43002,43012,43016,43008,43007,43013,43014,43009,43010,252,1364,43005,43006],"class_list":{"0":"post-603558","1":"post","2":"type-post","3":"status-publish","4":"format-standard","5":"has-post-thumbnail","7":"category-television","8":"tag-demain-nous-appartient-episode","9":"tag-demain-nous-appartient-episode-tf1","10":"tag-divertissement","11":"tag-entertainment","12":"tag-episode","13":"tag-episode-demain-nous-appartient","14":"tag-episode-demain-nous-appartient-tf1","15":"tag-episode-tf1","16":"tag-fr","17":"tag-france","18":"tag-serie-demain-nous-appartient","19":"tag-serie-demain-nous-appartient-streaming","20":"tag-serie-demain-nous-appartient-streaming-gratuit","21":"tag-serie-demain-nous-appartient-tf1","22":"tag-serie-demain-nous-appartient-tf1-streaming","23":"tag-serie-demain-nous-appartient-tf1-streaming-gratuit","24":"tag-serie-demain-nous-appartient-tf1-video","25":"tag-serie-demain-nous-appartient-video","26":"tag-streaming-gratuit-serie-demain-nous-appartient","27":"tag-streaming-gratuit-serie-demain-nous-appartient-tf1","28":"tag-streaming-serie-demain-nous-appartient","29":"tag-streaming-serie-demain-nous-appartient-tf1","30":"tag-television","31":"tag-tv","32":"tag-video-serie-demain-nous-appartient","33":"tag-video-serie-demain-nous-appartient-tf1"},"share_on_mastodon":{"url":"","error":"Validation failed: Text character limit of 500 exceeded"},"_links":{"self":[{"href":"https:\/\/www.europesays.com\/fr\/wp-json\/wp\/v2\/posts\/603558","targetHints":{"allow":["GET"]}}],"collection":[{"href":"https:\/\/www.europesays.com\/fr\/wp-json\/wp\/v2\/posts"}],"about":[{"href":"https:\/\/www.europesays.com\/fr\/wp-json\/wp\/v2\/types\/post"}],"author":[{"embeddable":true,"href":"https:\/\/www.europesays.com\/fr\/wp-json\/wp\/v2\/users\/2"}],"replies":[{"embeddable":true,"href":"https:\/\/www.europesays.com\/fr\/wp-json\/wp\/v2\/comments?post=603558"}],"version-history":[{"count":0,"href":"https:\/\/www.europesays.com\/fr\/wp-json\/wp\/v2\/posts\/603558\/revisions"}],"wp:featuredmedia":[{"embeddable":true,"href":"https:\/\/www.europesays.com\/fr\/wp-json\/wp\/v2\/media\/603559"}],"wp:attachment":[{"href":"https:\/\/www.europesays.com\/fr\/wp-json\/wp\/v2\/media?parent=603558"}],"wp:term":[{"taxonomy":"category","embeddable":true,"href":"https:\/\/www.europesays.com\/fr\/wp-json\/wp\/v2\/categories?post=603558"},{"taxonomy":"post_tag","embeddable":true,"href":"https:\/\/www.europesays.com\/fr\/wp-json\/wp\/v2\/tags?post=603558"}],"curies":[{"name":"wp","href":"https:\/\/api.w.org\/{rel}","templated":true}]}}