{"id":603560,"date":"2025-12-16T19:07:12","date_gmt":"2025-12-16T19:07:12","guid":{"rendered":"https:\/\/www.europesays.com\/fr\/603560\/"},"modified":"2025-12-16T19:07:12","modified_gmt":"2025-12-16T19:07:12","slug":"je-sais-ou-jai-faute-imen-es-sort-enfin-du-silence","status":"publish","type":"post","link":"https:\/\/www.europesays.com\/fr\/603560\/","title":{"rendered":"\u00ab\u00a0Je sais o\u00f9 j\u2019ai faut\u00e9\u00a0\u00bb, Imen Es sort enfin du silence"},"content":{"rendered":"<p>      R\u00e9sum\u00e9<\/p>\n<p>Imen Es a bri\u00e8vement r\u00e9agi aux rumeurs et accusations la concernant sur Instagram jusqu&rsquo;\u00e0 assurer \u00eatre \u00ab\u00a0en paix\u00a0\u00bb.<\/p>\n<p>        Sommaire<\/p>\n<p>Imen Es est une jeune chanteuse de 27 ans qui, en 2018, a d\u00e9croch\u00e9 un disque d&rsquo;Or gr\u00e2ce \u00e0 son single  Attentat. Deux ans plus tard, la native de Sevran a sorti son <strong>premier album intitul\u00e9 Nos Vies<\/strong>. Un CD dans lequel l&rsquo;artiste a eu la chance de collaborer avec les plus grands. Parmi eux : Dadju, Alonzo ou encore JuL. Un sacr\u00e9 d\u00e9marrage. Depuis, la star de la chanson <strong>encha\u00eene les succ\u00e8s et les collaborations<\/strong> avec d&rsquo;autres artistes et notamment <a href=\"https:\/\/www.public.fr\/exclu-public-amel-bent-fait-elle-encore-recette\" target=\"_blank\" rel=\"noopener\">Amel Bent<\/a>, Gims ou encore Zaho.<\/p>\n<p>Malheureusement, en marge de ce succ\u00e8s grandissant, Imen Es est <strong>cit\u00e9e dans deux sombres affaires<\/strong>. Tout d&rsquo;abord, certains proches de Presnel Kimpembe auraient r\u00e9cemment contact\u00e9 le blogueur Aqababe pour l&rsquo;avertir d&rsquo;une idylle naissante entre l&rsquo;ex d\u00e9fenseur du PSG et la chanteuse. \u00ab\u00a0<strong>Imen Es, c\u2019est quoi la sensation d\u2019\u00eatre la ma\u00eetresse d\u2019un homme mari\u00e9\u00a0?<\/strong>\u00a0\u00bb a alors \u00e9crit <a href=\"https:\/\/www.public.fr\/presnel-kimpembe-infidele-sa-femme-sarah-sen-prend-a-sa-supposee-maitresse-imen-es\" target=\"_blank\" rel=\"noopener\">Sarah, la femme du sportif<\/a>, sur Instagram avant de supprimer sa story. Mais <strong>cette accusation est-elle fond\u00e9e\u00a0?<\/strong> En l&rsquo;absence de preuve tangible, difficile \u00e0 dire.<\/p>\n<p>Par ailleurs, Imen Es, sa m\u00e8re et sa s\u0153ur <strong>ont-elles violent\u00e9 leur femme de m\u00e9nage<\/strong>\u00a0? \u00c0 ce stade, aucune source s\u00e9rieuse ne confirme cette information mais, sur les r\u00e9seaux sociaux, <strong>la rumeur enfle <\/strong>et certains s&rsquo;amusent \u00e0 distiller \u00e7\u00e0 et l\u00e0 des documents prouvant <strong>la culpabilit\u00e9 de la chanteuse de 27 ans<\/strong>. Du coup, ce mardi 16\u00a0d\u00e9cembre, face aux accusations particuli\u00e8rement graves, Imen Es a d\u00e9cid\u00e9 de sortir de l&rsquo;ombre.<\/p>\n<p><img loading=\"lazy\" decoding=\"async\" width=\"415\" height=\"735\" src=\"https:\/\/www.europesays.com\/fr\/wp-content\/uploads\/2025\/12\/Capture-decran-2025-12-16-163514.png\" alt=\"&quot;Je sais o\u00f9 j\u2019ai faut\u00e9&quot;, Imen Es sort enfin du silence\"  \/><\/p>\n<p>Capture Instagram Imen Es<\/p>\n<p>Imen Es\u00a0: une prise de parole \u00e9nigmatique<\/p>\n<p>Face \u00e0 ce raz-de-mar\u00e9e m\u00e9diatique, la m\u00e8re de deux gar\u00e7ons a d\u00e9cid\u00e9 de prendre la parole sur Instagram ce mardi 16\u00a0d\u00e9cembre. Un message post\u00e9 en story mais qui ne fait avancer <strong>aucune des deux affaires<\/strong>. En effet, impossible de savoir \u00e0 quoi fait r\u00e9f\u00e9rence la chanteuse dans son message r\u00e9dig\u00e9 en l\u00e9gende d&rsquo;une sublime photo prise la nuit tomb\u00e9e au c\u0153ur du d\u00e9sert. \u00ab\u00a0<strong>Chacun parle depuis sa propre v\u00e9rit\u00e9<\/strong>\u00ab\u00a0, \u00e9crit pour commencer Imen Es.<\/p>\n<p>\u00ab\u00a0La mienne n&rsquo;a ni \u00e0 \u00eatre discut\u00e9e, ni \u00e0 \u00eatre justifi\u00e9e. Je sais o\u00f9 j&rsquo;ai \u00e9t\u00e9 juste et o\u00f9 j&rsquo;ai faut\u00e9. Au final, chacun porte sa conscience. La mienne est simplement en paix\u00a0\u00bb, poursuit et conclut l&rsquo;artiste qui n&rsquo;en dit gu\u00e8re plus. Alors <strong>Imen Es prendra-t-elle la parole<\/strong> dans les jours \u00e0 venir pour \u00e9voquer plus clairement ces deux affaires\u00a0? \u00c0 ce stade, le myst\u00e8re reste entier quant \u00e0 son <strong>\u00e9ventuelle implication<\/strong>.<\/p>\n<p>\n          Hits &amp; People en continu\n        <\/p>\n<p>\n          Public Radio\n        <\/p>\n<p>      Mentionn\u00e9s dans cet article<\/p>\n<p>      Sur le m\u00eame sujet<\/p>\n","protected":false},"excerpt":{"rendered":"R\u00e9sum\u00e9 Imen Es a bri\u00e8vement r\u00e9agi aux rumeurs et accusations la concernant sur Instagram jusqu&rsquo;\u00e0 assurer \u00eatre \u00ab\u00a0en&hellip;\n","protected":false},"author":2,"featured_media":603561,"comment_status":"","ping_status":"","sticky":false,"template":"","format":"standard","meta":{"footnotes":""},"categories":[1355],"tags":[1696,58,59,63,1011,27,2440,1361,873,14418,809],"class_list":{"0":"post-603560","1":"post","2":"type-post","3":"status-publish","4":"format-standard","5":"has-post-thumbnail","7":"category-musique","8":"tag-chanteur","9":"tag-divertissement","10":"tag-entertainment","11":"tag-football","12":"tag-fr","13":"tag-france","14":"tag-instagram","15":"tag-music","16":"tag-musique","17":"tag-presnel-kimpembe","18":"tag-violence"},"share_on_mastodon":{"url":"https:\/\/pubeurope.com\/@fr\/115730819088486055","error":""},"_links":{"self":[{"href":"https:\/\/www.europesays.com\/fr\/wp-json\/wp\/v2\/posts\/603560","targetHints":{"allow":["GET"]}}],"collection":[{"href":"https:\/\/www.europesays.com\/fr\/wp-json\/wp\/v2\/posts"}],"about":[{"href":"https:\/\/www.europesays.com\/fr\/wp-json\/wp\/v2\/types\/post"}],"author":[{"embeddable":true,"href":"https:\/\/www.europesays.com\/fr\/wp-json\/wp\/v2\/users\/2"}],"replies":[{"embeddable":true,"href":"https:\/\/www.europesays.com\/fr\/wp-json\/wp\/v2\/comments?post=603560"}],"version-history":[{"count":0,"href":"https:\/\/www.europesays.com\/fr\/wp-json\/wp\/v2\/posts\/603560\/revisions"}],"wp:featuredmedia":[{"embeddable":true,"href":"https:\/\/www.europesays.com\/fr\/wp-json\/wp\/v2\/media\/603561"}],"wp:attachment":[{"href":"https:\/\/www.europesays.com\/fr\/wp-json\/wp\/v2\/media?parent=603560"}],"wp:term":[{"taxonomy":"category","embeddable":true,"href":"https:\/\/www.europesays.com\/fr\/wp-json\/wp\/v2\/categories?post=603560"},{"taxonomy":"post_tag","embeddable":true,"href":"https:\/\/www.europesays.com\/fr\/wp-json\/wp\/v2\/tags?post=603560"}],"curies":[{"name":"wp","href":"https:\/\/api.w.org\/{rel}","templated":true}]}}