{"id":603564,"date":"2025-12-16T19:09:09","date_gmt":"2025-12-16T19:09:09","guid":{"rendered":"https:\/\/www.europesays.com\/fr\/603564\/"},"modified":"2025-12-16T19:09:09","modified_gmt":"2025-12-16T19:09:09","slug":"transmission-vaccin-symptomes-quest-ce-que-le-variant-k-qui-se-developpe-en-france","status":"publish","type":"post","link":"https:\/\/www.europesays.com\/fr\/603564\/","title":{"rendered":"transmission, vaccin, sympt\u00f4mes\u2026 Qu\u2019est-ce que le variant K qui se d\u00e9veloppe en France\u00a0?"},"content":{"rendered":"<p>L\u2019Angleterre est actuellement en pleine \u00e9pid\u00e9mie de ce que le service de sant\u00e9 public, le NHS, <a href=\"https:\/\/www.sudouest.fr\/sante\/grippe\/un-defi-inedit-depuis-le-covid-une-super-grippe-frappe-le-royaume-uni-27079410.php\" target=\"_blank\" rel=\"follow noopener\">a qualifi\u00e9 de \u00ab\u00a0super grippe\u00a0\u00bb<\/a>, avec un nombre de cas record \u00e0 l\u2019h\u00f4pital pour cette p\u00e9riode de l\u2019ann\u00e9e en Angleterre. Selon des chiffres publi\u00e9s jeudi, ces cas ont bondi de 55\u00a0% en une semaine, avec une moyenne de 2\u00a0660 patients hospitalis\u00e9s chaque jour entre le 1er et le 7\u00a0d\u00e9cembre.<\/p>\n<p>Avec ce variant K, \u00ab\u00a0une personne contaminerait potentiellement quatre personnes alors que d\u2019habitude une personne contamine entre deux et trois personnes\u00a0\u00bb, explique le docteur Thierry Prazuck, chef du service des maladies infectieuses du CHU d\u2019Orl\u00e9ans, sur <a href=\"https:\/\/www.bfmtv.com\/sante\/video-super-grippe-qu-est-ce-que-le-sous-clade-k-ce-nouveau-variant-a-l-origine-de-l-epidemie-en-france_VN-202512150877.html\" target=\"_blank\" rel=\"nofollow noopener\">BFMTV<\/a>.<\/p>\n<p>La progression du variant K en France fait ainsi craindre une \u00e9pid\u00e9mie plus intense cette saison. Encore m\u00e9connu des scientifiques, il fera l\u2019objet d\u2019une attention particuli\u00e8re dans les prochaines semaines. S\u2019il ne semble pas y avoir pour l\u2019instant d\u2019augmentation de la gravit\u00e9 de la maladie, cette mutation pourrait rendre le virus de la grippe encore plus transmissible et devenir majoritaire chez les personnes malades.<\/p>\n<p>Le vaccin est-il toujours efficace\u00a0?<\/p>\n<p>\u00ab\u00a0On a aujourd\u2019hui parmi les souches H3N2 qui circulent un virus le sous-clade K qui est un tout petit peu diff\u00e9rent du virus de la souche qui a \u00e9t\u00e9 choisie dans le vaccin, donc on peut avoir une petite variation d\u2019efficacit\u00e9 vaccinale mais c\u2019est ce qui est observ\u00e9 chaque ann\u00e9e\u00a0\u00bb, ajoute Maud Bouscambert Duchamp, virologue au Centre national de r\u00e9f\u00e9rence sur la grippe, \u00e0 Lyon, sur <a href=\"https:\/\/www.europe1.fr\/sante\/grippe-le-redoutable-variant-k-relance-lepidemie-plus-rapidement-que-prevu-875135\" target=\"_blank\" rel=\"nofollow noopener\">Europe 1<\/a>.<\/p>\n<p>N\u00e9anmoins, les scientifiques l\u2019assurent\u00a0: si les sympt\u00f4mes semblent \u00eatre les m\u00eames (fi\u00e8vre \u00e9lev\u00e9e, fatigue intense, toux et courbatures), le vaccin est toujours le meilleur moyen d\u2019y faire face et d\u2019\u00e9viter les formes graves.<\/p>\n<p>En France, l\u2019\u00e9pid\u00e9mie de grippe a gagn\u00e9 presque toute la m\u00e9tropole depuis le d\u00e9but du mois de d\u00e9cembre, selon un bilan publi\u00e9 mercredi par l\u2019agence de sant\u00e9 publique. La premi\u00e8re semaine de d\u00e9cembre a vu la \u00ab\u00a0poursuite de l\u2019augmentation des indicateurs grippe dans toutes les classes d\u2019\u00e2ge\u00a0\u00bb, r\u00e9sumait Sant\u00e9 publique France dans un point hebdomadaire.<\/p>\n","protected":false},"excerpt":{"rendered":"L\u2019Angleterre est actuellement en pleine \u00e9pid\u00e9mie de ce que le service de sant\u00e9 public, le NHS, a qualifi\u00e9&hellip;\n","protected":false},"author":2,"featured_media":585021,"comment_status":"","ping_status":"","sticky":false,"template":"","format":"standard","meta":{"footnotes":""},"categories":[10],"tags":[1011,27,72,71],"class_list":{"0":"post-603564","1":"post","2":"type-post","3":"status-publish","4":"format-standard","5":"has-post-thumbnail","7":"category-sante","8":"tag-fr","9":"tag-france","10":"tag-health","11":"tag-sante"},"share_on_mastodon":{"url":"https:\/\/pubeurope.com\/@fr\/115730826194133726","error":""},"_links":{"self":[{"href":"https:\/\/www.europesays.com\/fr\/wp-json\/wp\/v2\/posts\/603564","targetHints":{"allow":["GET"]}}],"collection":[{"href":"https:\/\/www.europesays.com\/fr\/wp-json\/wp\/v2\/posts"}],"about":[{"href":"https:\/\/www.europesays.com\/fr\/wp-json\/wp\/v2\/types\/post"}],"author":[{"embeddable":true,"href":"https:\/\/www.europesays.com\/fr\/wp-json\/wp\/v2\/users\/2"}],"replies":[{"embeddable":true,"href":"https:\/\/www.europesays.com\/fr\/wp-json\/wp\/v2\/comments?post=603564"}],"version-history":[{"count":0,"href":"https:\/\/www.europesays.com\/fr\/wp-json\/wp\/v2\/posts\/603564\/revisions"}],"wp:featuredmedia":[{"embeddable":true,"href":"https:\/\/www.europesays.com\/fr\/wp-json\/wp\/v2\/media\/585021"}],"wp:attachment":[{"href":"https:\/\/www.europesays.com\/fr\/wp-json\/wp\/v2\/media?parent=603564"}],"wp:term":[{"taxonomy":"category","embeddable":true,"href":"https:\/\/www.europesays.com\/fr\/wp-json\/wp\/v2\/categories?post=603564"},{"taxonomy":"post_tag","embeddable":true,"href":"https:\/\/www.europesays.com\/fr\/wp-json\/wp\/v2\/tags?post=603564"}],"curies":[{"name":"wp","href":"https:\/\/api.w.org\/{rel}","templated":true}]}}