{"id":603581,"date":"2025-12-16T19:18:18","date_gmt":"2025-12-16T19:18:18","guid":{"rendered":"https:\/\/www.europesays.com\/fr\/603581\/"},"modified":"2025-12-16T19:18:18","modified_gmt":"2025-12-16T19:18:18","slug":"saint-etienne-adjoints-ou-conseillers-la-majorite-municipale-partit-a-47-et-finira-a-31","status":"publish","type":"post","link":"https:\/\/www.europesays.com\/fr\/603581\/","title":{"rendered":"Saint-Etienne\u00a0: adjoints ou conseillers, la majorit\u00e9 municipale partit \u00e0 47 et finira \u00e0 31"},"content":{"rendered":"<p>La nouvelle liste et les attributions des adjoints \/ conseillers<\/p>\n<p><strong>Jean Pierre BERGER \u2013 Maire\u00a0 (RH, urbanisme, habitat et logement)<\/strong><\/p>\n<ul class=\"wp-block-list\">\n<li>V\u00e9ronique Falzone : conseill\u00e8re municipale d\u00e9l\u00e9gu\u00e9e sp\u00e9ciale\u00a0 \u00e0 la coordination des actions \u00ab animal dans la ville \u2013 ville \u00e9thique \u00bb, bien-\u00eatre animal, plan lumi\u00e8re, d\u00e9veloppement et perspective territoriale<\/li>\n<li>Maryse Zoffo : conseill\u00e8re municipale d\u00e9l\u00e9gu\u00e9e sp\u00e9ciale aux anciens combattants, aux hommages publics<\/li>\n<li>Laurence Ricciardi : conseill\u00e8re municipale d\u00e9l\u00e9gu\u00e9e \u00e0 l\u2019urbanisme et \u00e0 l\u2019action fonci\u00e8re<\/li>\n<\/ul>\n<p><strong>Marc CHASSAUBENE\u00a0 \u2013 1er adjoint charg\u00e9 de la culture, du design, de la valorisation du patrimoine, de la lutte contre les discriminations, du handicap,\u00a0 des relations Internationales et des quartiers Sud-Est (3-10-11) et Rochetaill\u00e9e<\/strong><\/p>\n<ul class=\"wp-block-list\">\n<li>Colette Ducros : conseill\u00e8re municipale d\u00e9l\u00e9gu\u00e9e \u00e0 la valorisation du patrimoine<\/li>\n<\/ul>\n<p><strong>Siham LABICH- 2e adjointe charg\u00e9e de la politique de la ville, de l\u2019ANRU, de l\u2019\u00e9ducation populaire, de la la\u00efcit\u00e9, des relations avec les cultes et des quartiers Nord-Est (8-9)<\/strong><\/p>\n<p><strong>Fr\u00e9d\u00e9ric DURAND -3e adjoint charg\u00e9 des coh\u00e9sions sociales<\/strong><\/p>\n<ul class=\"wp-block-list\">\n<li>Catherine Zadra : conseill\u00e8re municipale d\u00e9l\u00e9gu\u00e9e \u00e0 la politique de la famille<\/li>\n<\/ul>\n<p><strong>Nora BERROUKECHE- 4e adjointe charg\u00e9e des finances, des march\u00e9s publics, des affaires juridiques.<\/strong><\/p>\n<ul class=\"wp-block-list\">\n<li>Annick Liotier : conseill\u00e8re municipale d\u00e9l\u00e9gu\u00e9e \u00e0 l\u2019\u00e9valuation des politiques publiques<\/li>\n<\/ul>\n<p><strong>Charles DALLARA -5e adjoint\u00a0\u00a0 charg\u00e9 des parcs et jardins, de l\u2019\u00e9clairage public et des quartiers Nord-Ouest (6-7-13)<\/strong><\/p>\n<ul class=\"wp-block-list\">\n<li>Brigitte Regeffe : conseill\u00e8re municipale d\u00e9l\u00e9gu\u00e9e au fleurissement et jardins ouvriers et familiaux<\/li>\n<\/ul>\n<p><strong>Pascale LACOUR \u2013 6e adjointe\u00a0\u00a0 charg\u00e9e du commerce et des quartiers centre-ville (1-2) Catherine Grousson- conseill\u00e8re municipale d\u00e9l\u00e9gu\u00e9e \u00e0 la vie commerciale associative<\/strong><\/p>\n<p><strong>Abdelouahb BAKLI \u2013 7e adjoint charg\u00e9 de la d\u00e9mocratie locale, de la vie associative<\/strong><\/p>\n<ul class=\"wp-block-list\">\n<li>Catherine Grousson : conseill\u00e8re municipale d\u00e9l\u00e9gu\u00e9e \u00e0 l\u2019animation des quartiers, f\u00eates des quartiers<\/li>\n<\/ul>\n<p><strong>Brigitte MASSON \u2013 8e adjointe\u00a0 charg\u00e9e des sports<\/strong><\/p>\n<ul class=\"wp-block-list\">\n<li>Fanny Rivey : conseill\u00e8re municipale d\u00e9l\u00e9gu\u00e9e \u00e0 la vie sportive associative<\/li>\n<\/ul>\n<p><strong>Lionel JOUFFRE \u2013 9e adjoint\u00a0\u00a0 charg\u00e9 de la sant\u00e9, du plan cancer, de la vie num\u00e9rique, des nouvelles technologies, de l\u2019intelligence artificielle, et des quartiers Sud-Ouest (4-5-12)<\/strong><\/p>\n<ul class=\"wp-block-list\">\n<li>Laura Cinieri : conseill\u00e8re municipale d\u00e9l\u00e9gu\u00e9e \u00e0 la sant\u00e9<\/li>\n<\/ul>\n<p><strong>Nicole AUBOURDY \u2013 10e adjointe charg\u00e9e des seniors<\/strong><\/p>\n<p><strong>Thierry NITCHEU \u2013 11e adjoint charg\u00e9 de la vie \u00e9tudiante<\/strong><\/p>\n<p><strong>Marie Jo PEREZ \u2013 12e adjointe charg\u00e9e de la tranquillit\u00e9 publique, des relations avec le monde de la Justice, et du stationnement,<\/strong><\/p>\n<p><strong>Jean Pierre KOTCHIAN \u2013 13e adjointe charg\u00e9 de la circulation et de la mobilit\u00e9<\/strong><\/p>\n<p><strong>Cyrine MAKHLOUF \u2013 14e adjointe charg\u00e9e de la propret\u00e9 et du d\u00e9neigement<\/strong><\/p>\n<p><strong>Gabriel DE ALMEIDA \u2013 15e adjoint charg\u00e9 des b\u00e2timents, de la gestion du patrimoine municipal et de l\u2019\u00e9conomie<\/strong><\/p>\n<p><strong>Dominique MANIN \u2013 16e adjointe charg\u00e9e de l\u2019\u00e9ducation et de la jeunesse<\/strong><\/p>\n<ul class=\"wp-block-list\">\n<li>Anne-Sophie Riou : conseill\u00e8re municipale d\u00e9l\u00e9gu\u00e9e charg\u00e9e de l\u2019accueil petite enfance, des activit\u00e9s p\u00e9riscolaires, du conseil municipal d\u2019enfants, Ville amie des enfants, cr\u00e8ches, des haltes garderies, des \u00e9quipements petite enfance, des r\u00e9seaux assistantes maternelles<\/li>\n<\/ul>\n<p><strong>Jacques PLAINE \u2013 17e adjoint charg\u00e9 de la politique du livre<\/strong><\/p>\n<p><strong>Diarra KANE \u2013 18e adjointe\u00a0\u00a0 charg\u00e9e du d\u00e9veloppement durable, de la biodiversit\u00e9 et de la transition \u00e9cologique<\/strong><\/p>\n<p>La liste originelle de 2020<\/p>\n<p><strong>Gilles Artigues<\/strong>, 1er adjoint charg\u00e9\u00a0des affaires administratives, des hommages publics, des anciens combattants, des \u00e9lections, de l\u2019accueil, de l\u2019Etat civil, des\u00a0mairies annexes et des\u00a0cimeti\u00e8res. <br \/>\u2013 Maryse Zoffo : conseill\u00e8re municipale d\u00e9l\u00e9gu\u00e9e aux anciens combattants, en charge du devoir de m\u00e9moire,\u00a0<\/p>\n<p><strong>Siham Labich,<\/strong>\u00a02\u00e8me adjointe charg\u00e9e de la politique de la ville, de l\u2019\u00e9ducation populaire, de la la\u00efcit\u00e9, des relations avec les cultes\u00a0et des quartiers Nord-Est<br \/>\u2013 Abdelouahb Bakli : conseiller municipal d\u00e9l\u00e9gu\u00e9 \u00e0 l\u2019\u00e9ducation populaire<br \/>\u2013 Jean-Pierre Kotchian: conseiller municipal d\u00e9l\u00e9gu\u00e9 \u00e0 la la\u00efcit\u00e9 et aux relations avec les cultes<\/p>\n<p><strong>Jean-Pierre Berger<\/strong>, 3\u00e8me adjoint charg\u00e9\u00a0de l\u2019urbanisme et du logement<br \/>\u2013 Laurence Ricciardi : conseill\u00e8re municipale d\u00e9l\u00e9gu\u00e9e \u00e0 l\u2019urbanisme<br \/>\u2013 Robert Karulak : conseiller municipal d\u00e9l\u00e9gu\u00e9 au plan lumi\u00e8re et \u00e0 l\u2019action fonci\u00e8re<\/p>\n<p><strong>Nora Berrouk\u00e8che<\/strong>, 4\u00e8me adjointe charg\u00e9e des\u00a0finances et des march\u00e9s publics<br \/>\u2013 Jacques Guarinos : conseiller municipal d\u00e9l\u00e9gu\u00e9 \u00e0 l\u2019\u00e9valuation des politiques publiques et \u00e0 la qualit\u00e9\u00a0de\u00a0la commande publique<\/p>\n<p><strong>Patrick Michaud<\/strong>, 5\u00e8me adjoint charg\u00e9 de la sant\u00e9 et du\u00a0plan cancer st\u00e9phanois<br \/>\u2013 Laura Cinieri : conseill\u00e8re municipale d\u00e9l\u00e9gu\u00e9e \u00e0 la sant\u00e9<\/p>\n<p><strong>Nicole Peycelon<\/strong>, 6\u00e8me adjointe charg\u00e9e de la tranquillit\u00e9 publique et de la\u00a0propret\u00e9<br \/>\u2013 Marie-Jo Perez : conseill\u00e8re municipale d\u00e9l\u00e9gu\u00e9e \u00e0 la tranquillit\u00e9 publique<br \/>\u2013 Tom Pentec\u00f4te : conseiller municipal d\u00e9l\u00e9gu\u00e9 \u00e0 la propret\u00e9<\/p>\n<p><strong>Paul Corrieras<\/strong>, 7\u00e8me adjoint charg\u00e9 de la d\u00e9mocratie locale et de la\u00a0vie associative<br \/>\u2013 Jacques Guarinos : conseiller municipal d\u00e9l\u00e9gu\u00e9 \u00e0 la d\u00e9mocratie locale et aux associations<\/p>\n<p><strong>Christiane Michaud-Farigoule<\/strong>, 8\u00e8me adjointe charg\u00e9e du d\u00e9veloppement durable, de la biodiversit\u00e9 et de la\u00a0transition \u00e9cologique<br \/>\u2013 Cyrine Makhlouf : conseill\u00e8re municipale d\u00e9l\u00e9gu\u00e9e \u00e0 l\u2019\u00e9conomie circulaire, l\u2019\u00e9conomie sociale et solidaire, la prospective et la transition \u00e9cologique<\/p>\n<p><strong>Fr\u00e9d\u00e9ric Durand<\/strong>, 9\u00e8me adjoint charg\u00e9 des coh\u00e9sions sociales<br \/>\u2013 Catherine Zadra : conseill\u00e8re municipale d\u00e9l\u00e9gu\u00e9e \u00e0 la politique de la famille<\/p>\n<p><strong>Nadia Semache,\u00a0<\/strong>10\u00e8me adjointe charg\u00e9e de l\u2019emploi et de l\u2019insertion<br \/>\u2013 Alain Schneider : conseiller municipal d\u00e9l\u00e9gu\u00e9 charg\u00e9 des relations avec les\u00a0entreprises<\/p>\n<p><strong>Marc Chassaub\u00e9n\u00e9<\/strong>, 11\u00e8me adjoint charg\u00e9 de la \u00a0culture, du design,\u00a0de la valorisation du patrimoine et des quartiers Sud-Est<br \/>\u2013 Thierry Nitcheu : conseiller municipal d\u00e9l\u00e9gu\u00e9 \u00e0 ville inclusive et durable\u00a0UNESCO<br \/>\u2013 Jean-Pierre Kotchian : conseiller municipal d\u00e9l\u00e9gu\u00e9 \u00e0 la vie culturelle associative<\/p>\n<p><strong>Marie-Christine Buffard<\/strong>, 12\u00e8me adjointe charg\u00e9e\u00a0des ressources humaines, des\u00a0affaires juridiques, de la\u00a0lutte contre les discriminations<br \/>\u2013 Marie-Eve Goutelle : conseill\u00e8re municipale d\u00e9l\u00e9gu\u00e9e au dialogue social<br \/>\u2013 Dominique Manin : conseill\u00e8re municipale d\u00e9l\u00e9gu\u00e9e \u00e0 la modernisation des services<\/p>\n<p><strong>Samy Kefi-J\u00e9r\u00f4me<\/strong>, 13\u00e8me adjoint charg\u00e9 de l\u2019\u00e9ducation, de la jeunesse, de la vie \u00e9tudiante, du num\u00e9rique et des quartiers Sud-Ouest<br \/>\u2013 Anne-Sophie Riou : conseill\u00e8re municipale d\u00e9l\u00e9gu\u00e9e \u00e0 l\u2019enseignement priv\u00e9, la petite enfance, ville amie des enfants<br \/>\u2013 Thierry Nitcheu : conseiller municipal d\u00e9l\u00e9gu\u00e9 \u00e0 la vie \u00e9tudiante<br \/>\u2013 Jean-No\u00ebl Cornut : conseiller municipal d\u00e9l\u00e9gu\u00e9\u00a0au num\u00e9rique et\u00a0aux relations avec l\u2019enseignement secondaire et sup\u00e9rieur<\/p>\n<p><strong>Pascale Lacour<\/strong>, 14\u00e8me adjointe charg\u00e9e du\u00a0commerce et des\u00a0quartiers centre ville<br \/>\u2013 Catherine Grousson : conseill\u00e8re municipale d\u00e9l\u00e9gu\u00e9e \u00e0 la vie commerciale associative<\/p>\n<p><strong>Charles Dallara<\/strong>, 15\u00e8me adjoint charg\u00e9 des parcs et jardins, de l\u2019\u00e9clairage public\u00a0et des quartiers Nord-Ouest<br \/>\u2013 Fanny Rivey : conseill\u00e8re municipale d\u00e9l\u00e9gu\u00e9e \u00e0 l\u2019\u00e9clairage public,\u00a0au plan fontaines et\u00a0aux espaces verts<br \/>\u2013 V\u00e9ronique Falzone : conseill\u00e8re municipale d\u00e9l\u00e9gu\u00e9e \u00e0 la coordination des actions \u00ab\u00a0animal dans la ville \u2013 ville \u00e9thique\u00a0\u00bb, bien \u00eatre animal<br \/>\u2013 Brigitte Regeffe : conseill\u00e8re municipale d\u00e9l\u00e9gu\u00e9e au fleurissement et jardins ouvriers et familiaux<\/p>\n<p><strong>Brigitte Masson<\/strong>, 16\u00e8me adjointe charg\u00e9e des sports<br \/>\u2013 Jacques Phrommala : conseiller municipal d\u00e9l\u00e9gu\u00e9 \u00e0 la vie sportive associative<\/p>\n<p><strong>Denis Chambe<\/strong>, 17\u00e8me adjoint charg\u00e9 des relations internationales, de la\u00a0gestion du patrimoine municipal et \u00e0 l\u2019\u00e9conomie<br \/>\u2013 Georges Hallary : conseiller municipal d\u00e9l\u00e9gu\u00e9 aux relations internationales et \u00e0 l\u2019\u00e9conomie<br \/>\u2013 Gabriel De Almeida : conseiller municipal d\u00e9l\u00e9gu\u00e9 aux b\u00e2timents<\/p>\n<p><strong>Nicole Aubourdy<\/strong>, 18\u00e8me adjointe charg\u00e9e des seniors<br \/>\u2013 Maryse Zoffo : conseill\u00e8re municipale d\u00e9l\u00e9gu\u00e9e aux personnes \u00e2g\u00e9es, aux r\u00e9sidences\u00a0et aux actions socio-culturelles pour le 3\u00e8me \u00e2ge<\/p>\n<p><strong>Claude Liogier<\/strong>, 19\u00e8me adjoint charg\u00e9 de la circulation et de la mobilit\u00e9<br \/>\u2013 Diarra Kane : conseill\u00e8re municipale d\u00e9l\u00e9gu\u00e9e au stationnement et \u00e0 la voirie<\/p>\n<p><strong>Delphine Jusselme<\/strong>, 20\u00e8me adjointe charg\u00e9e de l\u2019accessibilit\u00e9 et du handicap<\/p>\n<p><strong>Lionel Boucher<\/strong>, 21\u00e8me adjoint charg\u00e9 des animations et de la logistique<\/p>\n","protected":false},"excerpt":{"rendered":"La nouvelle liste et les attributions des adjoints \/ conseillers Jean Pierre BERGER \u2013 Maire\u00a0 (RH, urbanisme, habitat&hellip;\n","protected":false},"author":2,"featured_media":603582,"comment_status":"","ping_status":"","sticky":false,"template":"","format":"standard","meta":{"footnotes":""},"categories":[9653],"tags":[1111,11,2430,36219,33268,70487,1777,674,1011,27,16352,71578,24102,12,25,4001,15880],"class_list":{"0":"post-603581","1":"post","2":"type-post","3":"status-publish","4":"format-standard","5":"has-post-thumbnail","7":"category-saint-etienne","8":"tag-actu","9":"tag-actualites","10":"tag-auvergne-rhone-alpes","11":"tag-conseil-municipal-de-saint-etienne","12":"tag-corrosif","13":"tag-election-des-adjoints","14":"tag-eu","15":"tag-europe","16":"tag-fr","17":"tag-france","18":"tag-jean-pierre-berger","19":"tag-maire-de-saint-etienne","20":"tag-marc-chassaubene","21":"tag-news","22":"tag-republique-francaise","23":"tag-saint-etienne","24":"tag-ville-de-saint-etienne"},"share_on_mastodon":{"url":"https:\/\/pubeurope.com\/@fr\/115730861570997231","error":""},"_links":{"self":[{"href":"https:\/\/www.europesays.com\/fr\/wp-json\/wp\/v2\/posts\/603581","targetHints":{"allow":["GET"]}}],"collection":[{"href":"https:\/\/www.europesays.com\/fr\/wp-json\/wp\/v2\/posts"}],"about":[{"href":"https:\/\/www.europesays.com\/fr\/wp-json\/wp\/v2\/types\/post"}],"author":[{"embeddable":true,"href":"https:\/\/www.europesays.com\/fr\/wp-json\/wp\/v2\/users\/2"}],"replies":[{"embeddable":true,"href":"https:\/\/www.europesays.com\/fr\/wp-json\/wp\/v2\/comments?post=603581"}],"version-history":[{"count":0,"href":"https:\/\/www.europesays.com\/fr\/wp-json\/wp\/v2\/posts\/603581\/revisions"}],"wp:featuredmedia":[{"embeddable":true,"href":"https:\/\/www.europesays.com\/fr\/wp-json\/wp\/v2\/media\/603582"}],"wp:attachment":[{"href":"https:\/\/www.europesays.com\/fr\/wp-json\/wp\/v2\/media?parent=603581"}],"wp:term":[{"taxonomy":"category","embeddable":true,"href":"https:\/\/www.europesays.com\/fr\/wp-json\/wp\/v2\/categories?post=603581"},{"taxonomy":"post_tag","embeddable":true,"href":"https:\/\/www.europesays.com\/fr\/wp-json\/wp\/v2\/tags?post=603581"}],"curies":[{"name":"wp","href":"https:\/\/api.w.org\/{rel}","templated":true}]}}