{"id":603592,"date":"2025-12-16T19:25:16","date_gmt":"2025-12-16T19:25:16","guid":{"rendered":"https:\/\/www.europesays.com\/fr\/603592\/"},"modified":"2025-12-16T19:25:16","modified_gmt":"2025-12-16T19:25:16","slug":"mort-de-dan-elkayam-dans-lattentat-de-sydney-depuis-montpellier-son-coequipier-rend-hommage-a-un-vrai-gentil","status":"publish","type":"post","link":"https:\/\/www.europesays.com\/fr\/603592\/","title":{"rendered":"Mort de Dan Elkayam dans l\u2019attentat de Sydney\u00a0: depuis Montpellier, son co\u00e9quipier rend hommage \u00e0 \u00ab\u00a0un vrai gentil\u00a0!\u00a0\u00bb"},"content":{"rendered":"<p>\n                                                                Le Montpelli\u00e9rain\u00a0Sam Jerka a \u00e9volu\u00e9 dans la m\u00eame \u00e9quipe de football que le jeune ing\u00e9nieur fran\u00e7ais, d\u00e9c\u00e9d\u00e9 ce dimanche dans l\u2019attentat antis\u00e9mite perp\u00e9tr\u00e9 en Australie. Il rend hommage \u00e0 un \u00ab\u00a0gar\u00e7on toujours bienveillant\u00a0\u00bb, et confie son inqui\u00e9tude face \u00e0 la menace qui p\u00e8se sur sa communaut\u00e9.\n                            <\/p>\n<p>Dan Elkayam, <a href=\"https:\/\/www.midilibre.fr\/2025\/12\/14\/fusillade-sur-la-plage-a-sydney-qui-etait-le-ressortissant-francais-decompte-parmi-les-victimes-de-lattentat-antisemite-13110765.php\" target=\"_blank\" rel=\"noopener\">jeune ing\u00e9nieur informaticien<\/a>\u00a0de 27 ans, est <a href=\"https:\/\/www.midilibre.fr\/2025\/12\/14\/fusillade-sur-la-plage-huit-personnes-hospitalisees-deux-suspects-vetus-de-noir-arretes-13110071.php\" target=\"_blank\" rel=\"noopener\">tomb\u00e9 sous les balles des assaillants de Bondi Beach<\/a>. Le ministre des Affaires \u00e9trang\u00e8res a confirm\u00e9 que le jeune fran\u00e7ais faisait partie des victimes de <a href=\"https:\/\/www.midilibre.fr\/2025\/12\/16\/fusillade-sur-la-plage-a-sydney-la-voiture-de-lun-des-assaillants-contenait-des-drapeaux-de-letat-islamique-le-point-sur-lenquete-13113664.php\" target=\"_blank\" rel=\"noopener\">l\u2019attaque terroriste antis\u00e9mite perp\u00e9tr\u00e9e dimanche 14\u00a0d\u00e9cembre<\/a> sur une plage de Sydney, alors que se tenait un rassemblement de la communaut\u00e9 juive dans le cadre des festivit\u00e9s de Hanouka. Deux jours plus tard, \u00e0\u00a0des milliers de kilom\u00e8tres de l\u00e0, le Montpelli\u00e9rain\u00a0Sam Jerka est toujours sous le choc.<\/p>\n<p>Dans la m\u00eame \u00e9quipe de football<\/p>\n<p>\u00ab\u00a0Dan, c\u2019\u00e9tait quelqu\u2019un d\u2019assez discret mais toujours tr\u00e8s souriant. Pas le plus bruyant mais tellement bienveillant. Un vrai gentil gar\u00e7on qui avait grandi dans un quartier en r\u00e9gion parisienne, \u00e0 l\u2019aise avec tout le monde et tr\u00e8s grand passionn\u00e9 de foot.\u00a0\u00bb Les deux hommes doivent leur rencontre au sport. Ensemble, ils ont particip\u00e9 aux\u00a0Maccabiades, un \u00e9v\u00e9nement organis\u00e9 en Isra\u00ebl par la communaut\u00e9 juive et qui regroupe des athl\u00e8tes du monde entier.<\/p>\n<p>        <img decoding=\"async\" class=\"std-img__img responsive-img\" src=\"https:\/\/www.europesays.com\/fr\/wp-content\/uploads\/2025\/12\/1765913116_131_image.jpg\" alt=\"Dan Elkayam, jeune ing\u00e9nieur informaticien\u00a0de 27 ans, est tomb\u00e9 sous les balles des assaillants de Bondi Beach.\"\/><\/p>\n<p>                Dan Elkayam, jeune ing\u00e9nieur informaticien\u00a0de 27 ans, est tomb\u00e9 sous les balles des assaillants de Bondi Beach.<br \/>\n                                    CAPTURE D&rsquo;ECRAN &#8211; INSTAGRAM<\/p>\n<p>\u00ab\u00a0Je suis le capitaine de l\u2019\u00e9quipe de football qui repr\u00e9sente la France. Dan nous a rejoints il y a quelques ann\u00e9es. Depuis, nous avions nou\u00e9 un lien fort. J\u2019ai \u00e9chang\u00e9 avec lui il y a peu sur les prochaines Maccabiades, auxquelles il comptait bien participer. C\u2019\u00e9tait un passionn\u00e9 de voyage et il partageait tr\u00e8s r\u00e9guli\u00e8rement des images de ses aventures avec nous, se souvient\u00a0Sam Jerka. Sur le terrain c\u2019\u00e9tait un guerrier. On m\u2019a dit qu\u2019il avait pris la d\u00e9fense de certains lors de l\u2019attaque. J\u2019ai vu une vid\u00e9o qui le montre regarder en arri\u00e8re au moment de la panique, peut-\u00eatre la derni\u00e8re image de lui. Je ne suis s\u00fbr de rien mais \u00e7a lui correspondrait bien\u2026\u00a0\u00bb<\/p>\n<p>\u00ab\u00a0Aujourd\u2019hui, je dis \u00e0 mon fils de ne pas dire \u00e0 tout le monde qu\u2019il est juif\u2026\u00a0\u00bb<\/p>\n<p>L\u2019H\u00e9raultais a d\u00e9couvert les images de l\u2019attaque \u00e0 la t\u00e9l\u00e9vision. Dans la soir\u00e9e, c\u2019est sa petite s\u0153ur, en voyage en Australie et pr\u00e9sente sur le site de l\u2019attaque \u00e0 peine quelques jours plus t\u00f4t, qui lui fait suivre la photo de Dan\u00a0Elkayam. \u00ab\u00a0C\u2019est un drame pour tout le monde. Quand on fait partie de la communaut\u00e9 juive, on se sent peut-\u00eatre encore plus touch\u00e9 mais quand c\u2019est un proche qui se retrouve victime, \u00e7a prend une autre dimension. J\u2019\u00e9tais dans mon club de foot. Je me suis effondr\u00e9.\u00a0\u00bb Ce lundi, le Jacou Clapiers FA a publiquement soutenu son joueur, et pr\u00e9sent\u00e9 ses condol\u00e9ances aux proches de\u00a0Dan Elkayam.<\/p>\n<p>Sam Jerka, lui, reconna\u00eet que cet \u00e9v\u00e9nement, dramatique, est venu renforcer un sentiment d\u2019ins\u00e9curit\u00e9 pr\u00e9sent depuis l\u2019attaque du 7\u00a0octobre et le d\u00e9clenchement de l\u2019intervention militaire isra\u00e9lienne \u00e0 Gaza. \u00ab\u00a0Si cela arrive en Australie, cela peut arriver partout. M\u00eame \u00e0 Montpellier, je ressens cette haine qui monte. Aujourd\u2019hui, je dis \u00e0 mon fils de ne pas dire \u00e0 tout le monde qu\u2019il est juif\u2026\u00a0\u00bb<\/p>\n","protected":false},"excerpt":{"rendered":"Le Montpelli\u00e9rain\u00a0Sam Jerka a \u00e9volu\u00e9 dans la m\u00eame \u00e9quipe de football que le jeune ing\u00e9nieur fran\u00e7ais, d\u00e9c\u00e9d\u00e9 ce&hellip;\n","protected":false},"author":2,"featured_media":603593,"comment_status":"","ping_status":"","sticky":false,"template":"","format":"standard","meta":{"footnotes":""},"categories":[9599],"tags":[1111,11,1777,674,1011,27,7089,2208,12,2680,25,1254],"class_list":{"0":"post-603592","1":"post","2":"type-post","3":"status-publish","4":"format-standard","5":"has-post-thumbnail","7":"category-montpellier","8":"tag-actu","9":"tag-actualites","10":"tag-eu","11":"tag-europe","12":"tag-fr","13":"tag-france","14":"tag-herault","15":"tag-montpellier","16":"tag-news","17":"tag-occitanie","18":"tag-republique-francaise","19":"tag-terrorisme"},"share_on_mastodon":{"url":"https:\/\/pubeurope.com\/@fr\/115730889768134930","error":""},"_links":{"self":[{"href":"https:\/\/www.europesays.com\/fr\/wp-json\/wp\/v2\/posts\/603592","targetHints":{"allow":["GET"]}}],"collection":[{"href":"https:\/\/www.europesays.com\/fr\/wp-json\/wp\/v2\/posts"}],"about":[{"href":"https:\/\/www.europesays.com\/fr\/wp-json\/wp\/v2\/types\/post"}],"author":[{"embeddable":true,"href":"https:\/\/www.europesays.com\/fr\/wp-json\/wp\/v2\/users\/2"}],"replies":[{"embeddable":true,"href":"https:\/\/www.europesays.com\/fr\/wp-json\/wp\/v2\/comments?post=603592"}],"version-history":[{"count":0,"href":"https:\/\/www.europesays.com\/fr\/wp-json\/wp\/v2\/posts\/603592\/revisions"}],"wp:featuredmedia":[{"embeddable":true,"href":"https:\/\/www.europesays.com\/fr\/wp-json\/wp\/v2\/media\/603593"}],"wp:attachment":[{"href":"https:\/\/www.europesays.com\/fr\/wp-json\/wp\/v2\/media?parent=603592"}],"wp:term":[{"taxonomy":"category","embeddable":true,"href":"https:\/\/www.europesays.com\/fr\/wp-json\/wp\/v2\/categories?post=603592"},{"taxonomy":"post_tag","embeddable":true,"href":"https:\/\/www.europesays.com\/fr\/wp-json\/wp\/v2\/tags?post=603592"}],"curies":[{"name":"wp","href":"https:\/\/api.w.org\/{rel}","templated":true}]}}