{"id":603594,"date":"2025-12-16T19:26:11","date_gmt":"2025-12-16T19:26:11","guid":{"rendered":"https:\/\/www.europesays.com\/fr\/603594\/"},"modified":"2025-12-16T19:26:11","modified_gmt":"2025-12-16T19:26:11","slug":"le-marche-de-noel-de-rouen-est-il-difficile-dacces","status":"publish","type":"post","link":"https:\/\/www.europesays.com\/fr\/603594\/","title":{"rendered":"le march\u00e9 de No\u00ebl de Rouen est-il difficile d&rsquo;acc\u00e8s\u00a0?"},"content":{"rendered":"<p>                    Par<br \/>\n        <strong><br \/>\n            <a href=\"https:\/\/actu.fr\/auteur\/lily-dedeye\" title=\"Consulter tous les articles de Lily Dedeye\" target=\"_blank\" rel=\"noopener\">Lily Dedeye<\/a><br \/>\n                    <\/strong><\/p>\n<p>        Publi\u00e9 le<\/p>\n<p>            16 d\u00e9c. 2025 \u00e0 20h08        <\/p>\n<p>Tous les ans, le march\u00e9 de no\u00ebl de <a href=\"https:\/\/actu.fr\/normandie\/rouen_76540\" target=\"_blank\" rel=\"noopener\">Rouen<\/a> attire. Situ\u00e9 sur la place de la cath\u00e9drale, il est r\u00e9put\u00e9 pour son charme en partie d\u00fb aux d\u00e9corations install\u00e9es et aux petits pav\u00e9s qui composent la majorit\u00e9 des ruelles du centre de la ville. Mais <strong>ces pav\u00e9s sont loin d\u2019enchanter tous les habitants.<\/strong> Pour les personnes \u00e0 mobilit\u00e9 r\u00e9duite par exemple, il semble tr\u00e8s difficile de s\u2019y d\u00e9placer, malgr\u00e9 les investissements de la Ville.<\/p>\n<p>Un march\u00e9 difficile d\u2019acc\u00e8s pour les PMR<\/p>\n<p class=\" wall-content\">Cet apr\u00e8s-midi du vendredi 12 d\u00e9cembre 2025, un petit groupe est r\u00e9uni sur le march\u00e9 de no\u00ebl. Cinq retrait\u00e9s, dont deux en fauteuil roulant, et trois accompagnatrices se sont promen\u00e9s dans les ruelles et ont pu profiter de quelques stands. Mais malheureusement, ils n\u2019ont pas pu tout d\u00e9couvrir et peinent actuellement \u00e0 trouver un endroit o\u00f9 se poser pour prendre le go\u00fbter.<\/p>\n<p class=\" wall-content\">\u00ab\u2009Ce n\u2019est pas tr\u00e8s adapt\u00e9. Il n\u2019y a pas de rampes, avec <strong>les pav\u00e9s ce n\u2019est pas du tout facile de circuler<\/strong> et cela manque de bancs pour s\u2019asseoir\u2009\u00bb, constate Claire Boujous, aide-soignante de l\u2019association Sainte-Marie Saint-Joseph \u00e0 Darn\u00e9tal.<\/p>\n<p>L\u2019engagement de la Ville de Rouen<\/p>\n<p class=\" wall-content\">La Ville de Rouen a conscience de ces difficult\u00e9s et depuis plusieurs ann\u00e9es<strong> fait son maximum pour am\u00e9liorer les infrastructures<\/strong>.<\/p>\n<p class=\" wall-content\">\u00ab\u2009L\u2019accessibilit\u00e9 pour les personnes \u00e0 mobilit\u00e9 r\u00e9duite (PMR) est une pr\u00e9occupation que nous int\u00e9grons chaque ann\u00e9e lors de la conception du March\u00e9 de No\u00ebl. Nos plans sont \u00e9labor\u00e9s pour <strong>garantir un acc\u00e8s \u00e0 chaque all\u00e9e<\/strong>. Toutefois, la configuration de la place, entour\u00e9e d\u2019emmarchements, ne permet pas de relier toutes les all\u00e9es entre elles\u2009\u00bb, affirme le service communication de la Ville de Rouen.<\/p>\n<p class=\" wall-content\">En outre, selon les services de la Ville, des passages de c\u00e2bles en enrob\u00e9 aux entr\u00e9es ont \u00e9t\u00e9 mis en place pour faciliter le passage des fauteuils roulants.<\/p>\n<blockquote class=\"ac-article-quote wall-content\">\n<p>\u00c0 savoir, la r\u00e9novation de la place effectu\u00e9e il y a quelques ann\u00e9es, notamment le traitement des joints entre les pav\u00e9s, a consid\u00e9rablement am\u00e9lior\u00e9 la souplesse de la circulation par rapport \u00e0 la situation ant\u00e9rieure.<\/p>\n<p>    <strong>Le service communication de la Ville de Rouen<\/strong>\n            <\/p><\/blockquote>\n<p>Votre r\u00e9gion, votre actu !<\/p>\n<p>Recevez chaque jour les infos qui comptent pour vous.<\/p>\n<p>\t<a href=\"https:\/\/actu.fr\/newsletter\" class=\"ac-btn ac-btn--corner ac-btn--medium ac-btn--blue800\" target=\"_blank\" rel=\"noopener\">S&rsquo;incrire<\/a><br \/>\nDes solutions insuffisantes<\/p>\n<p class=\" wall-content\">Mais ces solutions mises en place, ne suffisent pas toujours. \u00c0 la r\u00e9sidence s\u00e9niors Domitys de Rouen, de nombreuses personnes \u00e0 mobilit\u00e9 r\u00e9duite, conscientes des difficult\u00e9s d\u2019acc\u00e8s du march\u00e9, pr\u00e9f\u00e8rent ne pas s\u2019y rendre. \u00ab<strong>\u2009Je n\u2019ai pas l\u2019intention d\u2019y aller<\/strong>, ce n\u2019est pas \u00e9vident avec le d\u00e9ambulateur\u2009\u00bb, dit Brigitte le Cellier, une retrait\u00e9e. \u00ab\u2009C\u2019est dommage oui car on aimait bien \u00e7a avant, mais c\u2019est comme \u00e7a, on fait autrement\u2009\u00bb, confirme Madame Carlier, une autre r\u00e9sidente.<\/p>\n<p class=\" wall-content\">M\u00e9lanie Bardor, conseill\u00e8re chez Domitys confirme\u2009: \u00ab\u2009Les retrait\u00e9s de notre r\u00e9sidence ne vont pas sur le march\u00e9. C\u2019est trop compliqu\u00e9 d\u2019acc\u00e8s. Avec les pav\u00e9s, ce n\u2019est pas agr\u00e9able pour la personne sur le fauteuil. \u00c0 titre d\u2019exemple, ma grand-m\u00e8re \u00e9tait tomb\u00e9e il y a quelques ann\u00e9es de cela et s\u2019\u00e9tait cass\u00e9 le poignet.\u2009\u00bb M\u00e9lanie Bardor mentionne \u00e9galement la <strong>grande difficult\u00e9 pour se garer<\/strong> dans le centre-ville, ce qui ne facilite pas l\u2019organisation de la sortie.<\/p>\n<p>    <img   decoding=\"async\" loading=\"lazy\" src=\"https:\/\/www.europesays.com\/fr\/wp-content\/uploads\/2025\/12\/img-3383-1-960x640.jpg\" alt=\"Brigitte Le Cellier, personne \u00e0 mobilit\u00e9 r\u00e9duite et r\u00e9sidente chez Domitys rencontre des difficult\u00e9s pour se rendre sur le march\u00e9 de No\u00ebl de Rouen.\" width=\"960\" height=\"640\"\/><br \/>\n    Brigitte Le Cellier, personne \u00e0 mobilit\u00e9 r\u00e9duite et r\u00e9sidente chez Domitys rencontre des difficult\u00e9s pour se rendre sur le march\u00e9 de No\u00ebl de Rouen. (\u00a9Lily Dedeye)<\/p>\n<p class=\" wall-content\">Alors, pour permettre aux PMR de profiter tout de m\u00eame de ce moment de magie, des initiatives sont propos\u00e9es par la r\u00e9sidence. \u00ab\u2009Tous les ans, <strong>on organise notre propre march\u00e9<\/strong> de no\u00ebl. On fait venir des exposants, on fait du vin chaud et des gourmandises. Ce n\u2019est pas tout \u00e0 fait la m\u00eame ambiance mais c\u2019est mieux que rien\u2009\u00bb, conclut M\u00e9lanie Bardor.<\/p>\n<p>Suivez l\u2019actualit\u00e9 de Rouen sur <a href=\"https:\/\/www.whatsapp.com\/channel\/0029VaKfnf99hXF2ddApFB1D\" target=\"_blank\" rel=\"noopener\">notre cha\u00eene WhatsApp<\/a> et sur <a href=\"https:\/\/www.tiktok.com\/@76actu.fr?lang=fr\" target=\"_blank\" rel=\"noopener\">notre compte TikTok<\/a><\/p>\n<p class=\" wall-content\">Personnalisez votre actualit\u00e9 en ajoutant vos villes et m\u00e9dias en favori avec <a href=\"https:\/\/moncompte.actu.fr\" title=\"D\u00e9couvez Mon Actu\" rel=\"nofollow noopener\" data-trk=\"{&quot;cta&quot;:{&quot;action&quot;:&quot;https:\\\/\\\/moncompte.actu.fr&quot;,&quot;category&quot;:&quot;mon compte&quot;,&quot;from&quot;:&quot;article footer&quot;,&quot;name&quot;:&quot;Mon actu&quot;,&quot;type&quot;:&quot;cta&quot;}}\" target=\"_blank\">Mon Actu<\/a>.<\/p>\n<p>                    <script async src=\"\/\/www.tiktok.com\/embed.js\"><\/script><\/p>\n","protected":false},"excerpt":{"rendered":"Par Lily Dedeye Publi\u00e9 le 16 d\u00e9c. 2025 \u00e0 20h08 Tous les ans, le march\u00e9 de no\u00ebl de&hellip;\n","protected":false},"author":2,"featured_media":603595,"comment_status":"","ping_status":"","sticky":false,"template":"","format":"standard","meta":{"footnotes":""},"categories":[9587],"tags":[1111,11,1777,674,1011,27,1943,12,15830,5161,25,9590,104],"class_list":{"0":"post-603594","1":"post","2":"type-post","3":"status-publish","4":"format-standard","5":"has-post-thumbnail","7":"category-rouen","8":"tag-actu","9":"tag-actualites","10":"tag-eu","11":"tag-europe","12":"tag-fr","13":"tag-france","14":"tag-handicap","15":"tag-news","16":"tag-noel","17":"tag-normandie","18":"tag-republique-francaise","19":"tag-rouen","20":"tag-societe"},"share_on_mastodon":{"url":"https:\/\/pubeurope.com\/@fr\/115730893658014747","error":""},"_links":{"self":[{"href":"https:\/\/www.europesays.com\/fr\/wp-json\/wp\/v2\/posts\/603594","targetHints":{"allow":["GET"]}}],"collection":[{"href":"https:\/\/www.europesays.com\/fr\/wp-json\/wp\/v2\/posts"}],"about":[{"href":"https:\/\/www.europesays.com\/fr\/wp-json\/wp\/v2\/types\/post"}],"author":[{"embeddable":true,"href":"https:\/\/www.europesays.com\/fr\/wp-json\/wp\/v2\/users\/2"}],"replies":[{"embeddable":true,"href":"https:\/\/www.europesays.com\/fr\/wp-json\/wp\/v2\/comments?post=603594"}],"version-history":[{"count":0,"href":"https:\/\/www.europesays.com\/fr\/wp-json\/wp\/v2\/posts\/603594\/revisions"}],"wp:featuredmedia":[{"embeddable":true,"href":"https:\/\/www.europesays.com\/fr\/wp-json\/wp\/v2\/media\/603595"}],"wp:attachment":[{"href":"https:\/\/www.europesays.com\/fr\/wp-json\/wp\/v2\/media?parent=603594"}],"wp:term":[{"taxonomy":"category","embeddable":true,"href":"https:\/\/www.europesays.com\/fr\/wp-json\/wp\/v2\/categories?post=603594"},{"taxonomy":"post_tag","embeddable":true,"href":"https:\/\/www.europesays.com\/fr\/wp-json\/wp\/v2\/tags?post=603594"}],"curies":[{"name":"wp","href":"https:\/\/api.w.org\/{rel}","templated":true}]}}