{"id":603596,"date":"2025-12-16T19:27:16","date_gmt":"2025-12-16T19:27:16","guid":{"rendered":"https:\/\/www.europesays.com\/fr\/603596\/"},"modified":"2025-12-16T19:27:16","modified_gmt":"2025-12-16T19:27:16","slug":"trois-adolescents-relaxes-pour-la-destruction-des-deux-immeubles-verre-et-acier-a-rouen-coupables-de-degradations","status":"publish","type":"post","link":"https:\/\/www.europesays.com\/fr\/603596\/","title":{"rendered":"Trois adolescents relax\u00e9s pour la destruction des deux immeubles \u00ab\u00a0verre et acier\u00a0\u00bb \u00e0 Rouen, coupables de d\u00e9gradations"},"content":{"rendered":"<p>Les trois adolescents, poursuivis pour l&rsquo;incendie de deux immeubles dits verre et acier dans le quartier des p\u00e9pini\u00e8res Saint-Julien \u00e0 Rouen il y a deux ans, sont reconnus coupables en appel de d\u00e9gradations, mais ils sont relax\u00e9s pour la destruction volontaire des immeubles.<\/p>\n<p>La chambre sp\u00e9ciale des mineurs de la cour d&rsquo;appel de Rouen a rendu un arr\u00eat ce mardi 16 d\u00e9cembre, apr\u00e8s une audience qui s&rsquo;est tenue le 18 novembre dernier, concernant l&rsquo;incendie des deux immeubles dits verre et acier dans le quartier des p\u00e9pini\u00e8res Saint-Julien \u00e0 Rouen le 30 septembre 2023. Deux immeubles avaient br\u00fbl\u00e9, trois adolescents de 14 ans au moment des faits avaient reconnu avoir mis le feu \u00e0 une poubelle au rez-de-chauss\u00e9e d&rsquo;un des deux b\u00e2timents. Ils avaient \u00e9t\u00e9 condamn\u00e9s pour destruction volontaire par moyens dangereux il y a un an, en d\u00e9cembre 2024.<\/p>\n<p>Mais leurs avocats avaient fait appel de cette d\u00e9cision, <strong>se basant sur une expertise incendie<\/strong>\u00a0qui avait relev\u00e9 un deuxi\u00e8me d\u00e9part de feu au deuxi\u00e8me \u00e9tage. Or les trois adolescents nient \u00eatre mont\u00e9s dans les \u00e9tages. Pour leurs avocats, le feu allum\u00e9 par leurs clients au rez-de-chauss\u00e9e ne pouvait donc pas \u00eatre responsable de la destruction compl\u00e8te des deux immeubles. La chambre sp\u00e9ciale des mineurs de la cour d&rsquo;appel de Rouen leur donne raison ce mardi, selon une information de\u00a0<a target=\"_blank\" rel=\"nofollow noopener noreferrer\" class=\"IciLink ici-link IciArticleLink g-ici-body-regular-1 underline brand svelte-1chfe2s\" href=\"https:\/\/www.paris-normandie.fr\/id682819\/article\/2025-12-16\/incendie-des-verre-et-acier-rouen-les-trois-adolescents-relaxes-pour-la\">Paris Normandie<\/a>\u00a0confirm\u00e9e \u00e0 ici Normandie. Les trois adolescents sont reconnus coupables de d\u00e9gradations, mais ils sont <strong>relax\u00e9s pour la destruction<\/strong>.<\/p>\n<p>loading<\/p>\n<p>\u00ab\u00a0Je\u00a0consid\u00e8re que c&rsquo;est une victoire absolument extraordinaire. Le dossier tel qu&rsquo;il se pr\u00e9sentait n&rsquo;apportait absolument pas la d\u00e9monstration ni la preuve que les deux immeubles avaient \u00e9t\u00e9 d\u00e9truits par l&rsquo;action conjugu\u00e9e de nos trois clients. La Cour a condamn\u00e9 sur les seuls \u00e9l\u00e9ments absolument certains, reconnus par les trois pr\u00e9venus, \u00e0 savoir &lsquo;on a allum\u00e9 un incendie dans le hall&rsquo;, point barre. Et surtout, ce qui est extr\u00eamement important, mais \u00e7a, \u00e7a concerne beaucoup plus les assureurs des parents des pr\u00e9venus et les parents eux m\u00eames, c&rsquo;est que les sommes absolument \u00e9normes qui avaient \u00e9t\u00e9 r\u00e9clam\u00e9es par les parties civiles n&rsquo;ont plus lieu d&rsquo;\u00eatre\u00a0\u00bb, se r\u00e9jouit ma\u00eetre \u00c9tienne No\u00ebl, avocat de l&rsquo;un des adolescents.<\/p>\n<p>L&rsquo;audience en appel de culpabilit\u00e9 a eu lieu le 18 novembre, avec une d\u00e9cision rendue ce mardi. L&rsquo;audience dite de sanction, pour les d\u00e9gradations dans le hall d&rsquo;un immeuble uniquement, aura lieu en janvier. Pour d\u00e9cider des sommes dues, non pas pour la destruction des immeubles mais uniquement pour les d\u00e9gradations dans un hall, une audience sur les int\u00e9r\u00eats civils est pr\u00e9vue le 8 avril devant le tribunal correctionnel de Rouen.\u00a0La ville de Rouen r\u00e9clame pr\u00e8s de 300.000 euros au titre des frais engag\u00e9s pour nettoyer le site et effectuer des analyses. Le propri\u00e9taire des b\u00e2timents, Rouen Habitat, r\u00e9clame de son c\u00f4t\u00e9 plus de 5 millions d&rsquo;euros.<\/p>\n","protected":false},"excerpt":{"rendered":"Les trois adolescents, poursuivis pour l&rsquo;incendie de deux immeubles dits verre et acier dans le quartier des p\u00e9pini\u00e8res&hellip;\n","protected":false},"author":2,"featured_media":603597,"comment_status":"","ping_status":"","sticky":false,"template":"","format":"standard","meta":{"footnotes":""},"categories":[9587],"tags":[1111,11,1777,674,1011,27,12,5161,25,9590],"class_list":{"0":"post-603596","1":"post","2":"type-post","3":"status-publish","4":"format-standard","5":"has-post-thumbnail","7":"category-rouen","8":"tag-actu","9":"tag-actualites","10":"tag-eu","11":"tag-europe","12":"tag-fr","13":"tag-france","14":"tag-news","15":"tag-normandie","16":"tag-republique-francaise","17":"tag-rouen"},"share_on_mastodon":{"url":"https:\/\/pubeurope.com\/@fr\/115730896850549477","error":""},"_links":{"self":[{"href":"https:\/\/www.europesays.com\/fr\/wp-json\/wp\/v2\/posts\/603596","targetHints":{"allow":["GET"]}}],"collection":[{"href":"https:\/\/www.europesays.com\/fr\/wp-json\/wp\/v2\/posts"}],"about":[{"href":"https:\/\/www.europesays.com\/fr\/wp-json\/wp\/v2\/types\/post"}],"author":[{"embeddable":true,"href":"https:\/\/www.europesays.com\/fr\/wp-json\/wp\/v2\/users\/2"}],"replies":[{"embeddable":true,"href":"https:\/\/www.europesays.com\/fr\/wp-json\/wp\/v2\/comments?post=603596"}],"version-history":[{"count":0,"href":"https:\/\/www.europesays.com\/fr\/wp-json\/wp\/v2\/posts\/603596\/revisions"}],"wp:featuredmedia":[{"embeddable":true,"href":"https:\/\/www.europesays.com\/fr\/wp-json\/wp\/v2\/media\/603597"}],"wp:attachment":[{"href":"https:\/\/www.europesays.com\/fr\/wp-json\/wp\/v2\/media?parent=603596"}],"wp:term":[{"taxonomy":"category","embeddable":true,"href":"https:\/\/www.europesays.com\/fr\/wp-json\/wp\/v2\/categories?post=603596"},{"taxonomy":"post_tag","embeddable":true,"href":"https:\/\/www.europesays.com\/fr\/wp-json\/wp\/v2\/tags?post=603596"}],"curies":[{"name":"wp","href":"https:\/\/api.w.org\/{rel}","templated":true}]}}