{"id":6036,"date":"2025-04-06T19:17:10","date_gmt":"2025-04-06T19:17:10","guid":{"rendered":"https:\/\/www.europesays.com\/fr\/6036\/"},"modified":"2025-04-06T19:17:10","modified_gmt":"2025-04-06T19:17:10","slug":"atp-dominic-thiem-sur-le-papier-il-est-ecrit-que-jai-eu-une-carriere-de-2011-a-2024-mais-ce-nest-pas-vrai-une-carriere-commence-lorsque-vous-avez-onze-ou-douze-ans-ensuite-vous-commencez-a","status":"publish","type":"post","link":"https:\/\/www.europesays.com\/fr\/6036\/","title":{"rendered":"ATP > Dominic Thiem : \u00ab\u00a0Sur le papier, il est \u00e9crit que j&rsquo;ai eu une carri\u00e8re de 2011 \u00e0 2024, mais ce n&rsquo;est pas vrai. Une carri\u00e8re commence lorsque vous avez onze ou douze ans. Ensuite, vous commencez \u00e0 aligner toute votre vie autour du sport\u00a0\u00bb"},"content":{"rendered":"<p>Apr\u00e8s avoir expliqu\u00e9 que Jannik Sinner et Carlos Alcaraz \u00e9taient au moins aussi diffi\u00adciles \u00e0 battre aujourd\u2019hui que Novak Djokovic ou Roger Federer \u00e0 leur grande \u00e9poque, Dominic Thiem, inter\u00adrog\u00e9 par nos confr\u00e8res alle\u00admands de <a href=\"https:\/\/www.tennismagazin.de\/interview\/dominic-thiem-mir-geht-es-um-leidenschaft\/\" data-wpel-link=\"external\" target=\"_blank\" rel=\"nofollow external noopener\">Tennis Magazin<\/a>, a eu une r\u00e9flexion int\u00e9\u00adres\u00adsante sur la dur\u00e9e r\u00e9elle d\u2019une carri\u00e8re.\u00a0<\/p>\n<p><strong>\u00ab\u202fSur le papier, il est \u00e9crit que j\u2019ai eu une carri\u00e8re de 2011 \u00e0 2024, mais ce n\u2019est pas vrai. La carri\u00e8re commence \u00e0 onze ou douze ans. Ensuite, vous commencez \u00e0 aligner toute votre vie autour du sport. Avant m\u00eame de commencer \u00e0 \u00eatre profes\u00adsionnel, huit ou neuf ans se sont d\u00e9j\u00e0 \u00e9coul\u00e9s, ce qui est tr\u00e8s \u00e9pui\u00adsant. Il faut y mettre toute son \u00e9nergie chaque jour, s\u2019en\u00adtra\u00eener pendant des heures. Pour moi, cela fait autant partie de votre carri\u00e8re que les ann\u00e9es o\u00f9 vous \u00eates c\u00e9l\u00e8bre et jouez sur le grand circuit. C\u2019est pour\u00adquoi, \u00e0 31 ans, j\u2019ai proba\u00adble\u00adment eu 20 ans de carri\u00e8re et j\u2019ai accompli plus que ce \u00e0 quoi je m\u2019at\u00adten\u00addais. Donc pour moi c\u2019est une histoire tr\u00e8s compl\u00e8te.\u202f\u00bb<br \/><\/strong><\/p>\n<p class=\"post-published-date\" style=\"color: silver; font-size: 75%; text-align: left;\">Publi\u00e9 le samedi 5 avril 2025 \u00e0 15:54<\/p>\n","protected":false},"excerpt":{"rendered":"Apr\u00e8s avoir expliqu\u00e9 que Jannik Sinner et Carlos Alcaraz \u00e9taient au moins aussi diffi\u00adciles \u00e0 battre aujourd\u2019hui que&hellip;\n","protected":false},"author":2,"featured_media":6037,"comment_status":"","ping_status":"","sticky":false,"template":"","format":"standard","meta":{"footnotes":""},"categories":[1415],"tags":[1744,105,2199,1011,27,2127,60,1467,3536],"class_list":{"0":"post-6036","1":"post","2":"type-post","3":"status-publish","4":"format-standard","5":"has-post-thumbnail","7":"category-tennis","8":"tag-alcaraz","9":"tag-djokovic","10":"tag-federer","11":"tag-fr","12":"tag-france","13":"tag-sinner","14":"tag-sports","15":"tag-tennis","16":"tag-thiem"},"share_on_mastodon":{"url":"https:\/\/pubeurope.com\/@fr\/114292630675183871","error":""},"_links":{"self":[{"href":"https:\/\/www.europesays.com\/fr\/wp-json\/wp\/v2\/posts\/6036","targetHints":{"allow":["GET"]}}],"collection":[{"href":"https:\/\/www.europesays.com\/fr\/wp-json\/wp\/v2\/posts"}],"about":[{"href":"https:\/\/www.europesays.com\/fr\/wp-json\/wp\/v2\/types\/post"}],"author":[{"embeddable":true,"href":"https:\/\/www.europesays.com\/fr\/wp-json\/wp\/v2\/users\/2"}],"replies":[{"embeddable":true,"href":"https:\/\/www.europesays.com\/fr\/wp-json\/wp\/v2\/comments?post=6036"}],"version-history":[{"count":0,"href":"https:\/\/www.europesays.com\/fr\/wp-json\/wp\/v2\/posts\/6036\/revisions"}],"wp:featuredmedia":[{"embeddable":true,"href":"https:\/\/www.europesays.com\/fr\/wp-json\/wp\/v2\/media\/6037"}],"wp:attachment":[{"href":"https:\/\/www.europesays.com\/fr\/wp-json\/wp\/v2\/media?parent=6036"}],"wp:term":[{"taxonomy":"category","embeddable":true,"href":"https:\/\/www.europesays.com\/fr\/wp-json\/wp\/v2\/categories?post=6036"},{"taxonomy":"post_tag","embeddable":true,"href":"https:\/\/www.europesays.com\/fr\/wp-json\/wp\/v2\/tags?post=6036"}],"curies":[{"name":"wp","href":"https:\/\/api.w.org\/{rel}","templated":true}]}}